{"id":710,"date":"2025-03-13T11:36:55","date_gmt":"2025-03-13T10:36:55","guid":{"rendered":"http:\/\/localhost\/mdi_w\/?p=710"},"modified":"2025-04-22T16:22:40","modified_gmt":"2025-04-22T14:22:40","slug":"adaptations-cadrees","status":"publish","type":"post","link":"https:\/\/api-lux.be\/index.php\/2025\/03\/13\/adaptations-cadrees\/","title":{"rendered":"Adaptations cadr\u00e9es"},"content":{"rendered":"\n<div class=\"wp-block-columns is-layout-flex wp-container-core-columns-is-layout-9d6595d7 wp-block-columns-is-layout-flex\">\n<div class=\"wp-block-column is-layout-flow wp-block-column-is-layout-flow\">\n<figure class=\"wp-block-image size-full\"><img decoding=\"async\" src=\"https:\/\/api-lux.be\/wp-content\/uploads\/2025\/02\/adaptation_cadree.jpg\" alt=\" \" class=\"wp-image-202\"\/><\/figure>\n<\/div>\n\n\n\n<div class=\"wp-block-column is-layout-flow wp-block-column-is-layout-flow\">\n<p>\ud83d\udea7 <strong>Poser et maintenir le cadre<\/strong> &#8211; Possibilit\u00e9 d\u2019assouplir ponctuellement certaines r\u00e8gles \u00e0 la demande ou en fonction des besoins ressentis, mais c\u2019est l\u2019adulte qui d\u00e9cide du moment et du temps.<\/p>\n\n\n\n<!--more-->\n\n\n\n<h2 class=\"wp-block-heading\">\u00c2ge cible<\/h2>\n\n\n\n<p> De 3 \u00e0 18 ans.<\/p>\n<\/div>\n<\/div>\n\n\n\n<h2 class=\"wp-block-heading\">Descriptif de l&rsquo;outil<\/h2>\n\n\n\n<p>Les <strong>adaptations cadr\u00e9es<\/strong> permettent de <strong>moduler temporairement certaines r\u00e8gles<\/strong>, selon les besoins sp\u00e9cifiques ou le v\u00e9cu \u00e9motionnel du jeune.<br>\u2696\ufe0f Cette flexibilit\u00e9 est <strong>d\u00e9cid\u00e9e, encadr\u00e9e et limit\u00e9e dans le temps<\/strong> par un adulte r\u00e9f\u00e9rent.<\/p>\n\n\n\n<p>\ud83c\udfaf Objectif : <strong>r\u00e9pondre aux besoins sans faire sauter le cadre<\/strong>, en gardant une intention \u00e9ducative claire.<\/p>\n\n\n\n<h3 class=\"wp-block-heading\">\ud83e\uddfe <strong>Exemples concrets d\u2019adaptation<\/strong><\/h3>\n\n\n\n<p>\u23f3 <strong>Temps suppl\u00e9mentaire<\/strong><br>Prolonger une activit\u00e9 ou une t\u00e2che si le jeune en a besoin pour la terminer sereinement.<br>\ud83e\uddd8 <strong>Pause \/ relaxation<\/strong><br>Proposer un temps de respiration, de calme ou de retrait si l\u2019activit\u00e9 est trop stimulante.<br>\ud83d\ude24 <strong>Comportement adapt\u00e9 au stress<\/strong><br>Permettre un moment pour s\u2019isoler, ou exprimer une frustration dans un espace s\u00e9curis\u00e9 (ex. : \u00ab\u00a0coin \u00e9motion\u00a0\u00bb).<\/p>\n\n\n\n<h3 class=\"wp-block-heading\">\u26a0\ufe0f <strong>Points d\u2019attention<\/strong><\/h3>\n\n\n\n<p>\ud83d\udea7 L\u2019adaptation doit rester <strong>exceptionnelle<\/strong>, <strong>encadr\u00e9e<\/strong> et <strong>temporaire<\/strong><br>\ud83d\udde3\ufe0f <strong>Expliquer clairement au jeune<\/strong> pourquoi cette souplesse est propos\u00e9e, et ce qu\u2019elle implique<br>\ud83d\udcc8 <strong>Pr\u00e9voir un retour progressif<\/strong> au cadre habituel d\u00e8s que possible<\/p>\n\n\n\n<div class=\"wp-block-columns is-layout-flex wp-container-core-columns-is-layout-9d6595d7 wp-block-columns-is-layout-flex\">\n<div class=\"wp-block-column is-layout-flow wp-block-column-is-layout-flow\">\n<h2 class=\"wp-block-heading\">Objectif(s) d&rsquo;utilisation<\/h2>\n\n\n\n<p>\u2714\ufe0f R\u00e9pondre \u00e0 un <strong>besoin ponctuel sans mettre en danger la structure collective<\/strong><br>\u2714\ufe0f <strong>\u00c9viter les escalades de conflits<\/strong> en proposant une alternative<br>\u2714\ufe0f Aider le jeune \u00e0 <strong>r\u00e9guler ses \u00e9motions<\/strong> et \u00e0 prendre conscience de ses limites<br>\u2714\ufe0f Maintenir une <strong>relation \u00e9ducative de confiance<\/strong>, en valorisant l\u2019\u00e9coute et l\u2019ajustement<br>\u2714\ufe0f Favoriser une <strong>gestion autonome et responsable<\/strong> des besoins \u00e0 long terme<\/p>\n<\/div>\n\n\n\n<div class=\"wp-block-column is-layout-flow wp-block-column-is-layout-flow\">\n<h2 class=\"wp-block-heading\">Variantes &#8211; am\u00e9nagement<\/h2>\n\n\n\n<p>\ud83d\udecb\ufe0f <strong>Espace de d\u00e9compression<\/strong><br>Cr\u00e9er un \u00ab\u00a0coin calme\u00a0\u00bb accessible selon des r\u00e8gles claires<\/p>\n\n\n\n<p>\ud83c\udf9f\ufe0f <strong>Syst\u00e8me de \u00ab\u00a0cartes pause\u00a0\u00bb<\/strong><br>Le jeune peut utiliser une carte pour demander une pause encadr\u00e9e (avec conditions)<\/p>\n\n\n\n<p>\ud83c\udfaf <strong>Ajustement des attentes<\/strong><br>R\u00e9duire temporairement la difficult\u00e9 d\u2019une t\u00e2che ou l\u2019exigence comportementale, avec un objectif clair de <strong>retour progressif<\/strong><\/p>\n\n\n\n<ol class=\"wp-block-list\"><\/ol>\n<\/div>\n<\/div>\n\n\n\n<p>Des outils \u00e0 nous partager ?&nbsp;<a href=\"https:\/\/api-lux.be\/index.php\/contact\/\">Cliquez ici<\/a><\/p>\n","protected":false},"excerpt":{"rendered":"<p>\ud83d\udea7 Poser et maintenir le cadre &#8211; Possibilit\u00e9 d\u2019assouplir ponctuellement certaines r\u00e8gles \u00e0 la demande ou en fonction des besoins ressentis, mais c\u2019est l\u2019adulte qui d\u00e9cide du moment et du [&hellip;]<\/p>\n","protected":false},"author":2,"featured_media":0,"comment_status":"closed","ping_status":"closed","sticky":false,"template":"","format":"standard","meta":{"iawp_total_views":1,"footnotes":""},"categories":[24,28,4,22,27,18,9,12,13,46,48,47,19,20,21],"tags":[],"class_list":["post-710","post","type-post","status-publish","format-standard","hentry","category-adaptation-des-apprentissages","category-autonomie-et-responsabilisation","category-besoins","category-besoins-cognitifs","category-besoins-daccomplissement","category-besoins-destime","category-besoins-de-securite","category-cadre-et-limites","category-coherence","category-fiches-outils","category-fiches-outils-pour-les-aidants-proches","category-fiches-outils-pour-les-professionnels","category-gestion-des-emotions","category-individualisation","category-valorisation-confiance"],"_links":{"self":[{"href":"https:\/\/api-lux.be\/index.php\/wp-json\/wp\/v2\/posts\/710","targetHints":{"allow":["GET"]}}],"collection":[{"href":"https:\/\/api-lux.be\/index.php\/wp-json\/wp\/v2\/posts"}],"about":[{"href":"https:\/\/api-lux.be\/index.php\/wp-json\/wp\/v2\/types\/post"}],"author":[{"embeddable":true,"href":"https:\/\/api-lux.be\/index.php\/wp-json\/wp\/v2\/users\/2"}],"replies":[{"embeddable":true,"href":"https:\/\/api-lux.be\/index.php\/wp-json\/wp\/v2\/comments?post=710"}],"version-history":[{"count":6,"href":"https:\/\/api-lux.be\/index.php\/wp-json\/wp\/v2\/posts\/710\/revisions"}],"predecessor-version":[{"id":5507,"href":"https:\/\/api-lux.be\/index.php\/wp-json\/wp\/v2\/posts\/710\/revisions\/5507"}],"wp:attachment":[{"href":"https:\/\/api-lux.be\/index.php\/wp-json\/wp\/v2\/media?parent=710"}],"wp:term":[{"taxonomy":"category","embeddable":true,"href":"https:\/\/api-lux.be\/index.php\/wp-json\/wp\/v2\/categories?post=710"},{"taxonomy":"post_tag","embeddable":true,"href":"https:\/\/api-lux.be\/index.php\/wp-json\/wp\/v2\/tags?post=710"}],"curies":[{"name":"wp","href":"https:\/\/api.w.org\/{rel}","templated":true}]}}