{"id":7095,"date":"2025-06-10T10:37:07","date_gmt":"2025-06-10T08:37:07","guid":{"rendered":"https:\/\/api-lux.be\/?p=7095"},"modified":"2025-07-01T10:47:07","modified_gmt":"2025-07-01T08:47:07","slug":"dixiludo-jeu","status":"publish","type":"post","link":"https:\/\/api-lux.be\/index.php\/2025\/06\/10\/dixiludo-jeu\/","title":{"rendered":"Dixiludo &#8211; jeu"},"content":{"rendered":"\n<div class=\"wp-block-columns is-layout-flex wp-container-core-columns-is-layout-9d6595d7 wp-block-columns-is-layout-flex\">\n<div class=\"wp-block-column is-layout-flow wp-block-column-is-layout-flow\"><div class=\"wp-block-image\">\n<figure class=\"aligncenter size-full is-resized\"><img loading=\"lazy\" decoding=\"async\" width=\"259\" height=\"194\" src=\"https:\/\/api-lux.be\/wp-content\/uploads\/2025\/06\/images-1.jpeg\" alt=\"\" class=\"wp-image-7096\" style=\"width:405px;height:auto\"\/><\/figure>\n<\/div><\/div>\n\n\n\n<div class=\"wp-block-column is-layout-flow wp-block-column-is-layout-flow\">\n<p>\ud83e\uddd1\u200d\u2695\ufe0f <strong>Outil professionnel d\u2019accompagnement sp\u00e9cialis\u00e9&nbsp;<\/strong>&#8211; Jeu de cartes et plateau &#8211; questions con\u00e7ues pour animer des groupes de parole et soutenir l\u2019expression verbale et \u00e9motionnelle des personnes en situation de retrait social ou pr\u00e9sentant des troubles de la communication. Ludique et structur\u00e9, il favorise les \u00e9changes, la r\u00e9flexion et la convivialit\u00e9 en institution ou \u00e0 domicile.<\/p>\n\n\n\n<!--more-->\n\n\n\n<h2 class=\"wp-block-heading\">Age cible (pour qui)<\/h2>\n\n\n\n<p>Adaptable d\u00e8s 16 ans selon profil et capacit\u00e9 de compr\u00e9hension<\/p>\n<\/div>\n<\/div>\n\n\n\n<h2 class=\"wp-block-heading\">Descriptif de l&rsquo;outil<\/h2>\n\n\n\n<p>\u270f\ufe0f <strong>Dixiludo\u00ae<\/strong>, cr\u00e9\u00e9 par les ergoth\u00e9rapeutes <strong>Marielle Dellestable et Bruno Schmitt<\/strong> (Centre Psychoth\u00e9rapique de Nancy), est un <strong>jeu de plateau<\/strong> con\u00e7u pour <strong>stimuler la conversation, l&rsquo;expression verbale et non verbale en groupe<\/strong><\/p>\n\n\n\n<p>\ud83d\uded2 <strong>Payant<\/strong> : 163,00 \u20ac HT (prix 2025)<br>\ud83d\udce6 <strong>O\u00f9 se le procurer ?<\/strong> Vente directe : <a href=\"https:\/\/dixiludo.fr\" target=\"_blank\" rel=\"noreferrer noopener\"><strong>Site Dixiludo.fr<\/strong><\/a><br>\ud83d\udcda <strong>En pr\u00eat<\/strong> : disponible gratuitement au <strong><a href=\"https:\/\/www.clps-lux.be\" target=\"_blank\" rel=\"noreferrer noopener\">CLPS Luxembourg<\/a><\/strong><\/p>\n\n\n\n<p>\ud83e\udde0 <strong>Exemples d\u2019utilisation :<\/strong><\/p>\n\n\n\n<ul class=\"wp-block-list\">\n<li>Animation de groupe en unit\u00e9 psychiatrique adulte<\/li>\n\n\n\n<li>Atelier m\u00e9moire en maison de repos et de soins<\/li>\n\n\n\n<li>Activit\u00e9 de r\u00e9insertion sociale pour adultes en situation d\u2019isolement<\/li>\n\n\n\n<li>Temps collectif dans un service de psychiatrie de jour<\/li>\n<\/ul>\n\n\n\n<h3 class=\"wp-block-heading\">Particularit\u00e9s du jeu Dixiludo\u00ae<\/h3>\n\n\n\n<ul class=\"wp-block-list\">\n<li>Jeu structur\u00e9 par tirage de cartes et lanc\u00e9 de d\u00e9s.<\/li>\n\n\n\n<li>Dur\u00e9e : 1h30 environ, alternance de temps \u00e9motionnels, de d\u00e9bat et d\u2019humour.<\/li>\n\n\n\n<li>Stimulation cognitive permanente gr\u00e2ce au double travail de r\u00e9flexion et d\u2019\u00e9coute.<\/li>\n\n\n\n<li>Favorise la participation m\u00eame des plus r\u00e9ticents gr\u00e2ce \u00e0 la diversit\u00e9 des th\u00e8mes et \u00e0 la dynamique ludique.<\/li>\n<\/ul>\n\n\n\n<p>\u2757 <strong>Points d\u2019attention :<\/strong><\/p>\n\n\n\n<ul class=\"wp-block-list\">\n<li>Pr\u00e9voir un cadre s\u00e9curisant et des r\u00e8gles de confidentialit\u00e9<\/li>\n\n\n\n<li>Peut n\u00e9cessiter une adaptation du rythme pour certains profils (TSA, personnes anxieuses, troubles cognitifs)<\/li>\n\n\n\n<li>Importance d\u2019un animateur form\u00e9 \u00e0 la dynamique de groupe et \u00e0 la gestion \u00e9motionnelle<\/li>\n<\/ul>\n\n\n\n<div class=\"wp-block-columns is-layout-flex wp-container-core-columns-is-layout-9d6595d7 wp-block-columns-is-layout-flex\">\n<div class=\"wp-block-column is-layout-flow wp-block-column-is-layout-flow\">\n<h2 class=\"wp-block-heading\">Objectif(s) d&rsquo;utilisation<\/h2>\n\n\n\n<p>\ud83d\udde3\ufe0f <strong>Restaurer les capacit\u00e9s conversationnelles<\/strong> (poser des questions, r\u00e9pondre, \u00e9couter)<br>\ud83e\uddd8 <strong>Favoriser l\u2019expression de soi et l\u2019affirmation personnelle<\/strong><br>\ud83e\udde0 <strong>Stimuler les fonctions cognitives<\/strong> : attention, m\u00e9moire, raisonnement verbal<br>\ud83e\udd1d <strong>Cr\u00e9er du lien social et lutter contre l\u2019isolement<\/strong><br>\ud83d\udcac <strong>Permettre la verbalisation des \u00e9motions et du v\u00e9cu personnel<\/strong><br>\ud83d\udc40 <strong>Observer les attitudes relationnelles et les interactions sociales<\/strong><\/p>\n<\/div>\n<\/div>\n\n\n\n<div class=\"wp-block-columns is-layout-flex wp-container-core-columns-is-layout-9d6595d7 wp-block-columns-is-layout-flex\">\n<div class=\"wp-block-column is-layout-flow wp-block-column-is-layout-flow\"><\/div>\n\n\n\n<div class=\"wp-block-column is-layout-flow wp-block-column-is-layout-flow\"><\/div>\n<\/div>\n\n\n\n<p>Des outils \u00e0 nous partager ? <a href=\"https:\/\/api-lux.be\/index.php\/contact\/\">Cliquez ici<\/a><\/p>\n","protected":false},"excerpt":{"rendered":"<p>\ud83e\uddd1\u200d\u2695\ufe0f Outil professionnel d\u2019accompagnement sp\u00e9cialis\u00e9&nbsp;&#8211; Jeu de cartes et plateau &#8211; questions con\u00e7ues pour animer des groupes de parole et soutenir l\u2019expression verbale et \u00e9motionnelle des personnes en situation de [&hellip;]<\/p>\n","protected":false},"author":2,"featured_media":0,"comment_status":"closed","ping_status":"closed","sticky":false,"template":"","format":"standard","meta":{"iawp_total_views":57,"footnotes":""},"categories":[4,18,5,46,47,6,21],"tags":[],"class_list":["post-7095","post","type-post","status-publish","format-standard","hentry","category-besoins","category-besoins-destime","category-besoins-physiologiques","category-fiches-outils","category-fiches-outils-pour-les-professionnels","category-sante-alimentation-sommeil-hygiene","category-valorisation-confiance"],"_links":{"self":[{"href":"https:\/\/api-lux.be\/index.php\/wp-json\/wp\/v2\/posts\/7095","targetHints":{"allow":["GET"]}}],"collection":[{"href":"https:\/\/api-lux.be\/index.php\/wp-json\/wp\/v2\/posts"}],"about":[{"href":"https:\/\/api-lux.be\/index.php\/wp-json\/wp\/v2\/types\/post"}],"author":[{"embeddable":true,"href":"https:\/\/api-lux.be\/index.php\/wp-json\/wp\/v2\/users\/2"}],"replies":[{"embeddable":true,"href":"https:\/\/api-lux.be\/index.php\/wp-json\/wp\/v2\/comments?post=7095"}],"version-history":[{"count":2,"href":"https:\/\/api-lux.be\/index.php\/wp-json\/wp\/v2\/posts\/7095\/revisions"}],"predecessor-version":[{"id":7571,"href":"https:\/\/api-lux.be\/index.php\/wp-json\/wp\/v2\/posts\/7095\/revisions\/7571"}],"wp:attachment":[{"href":"https:\/\/api-lux.be\/index.php\/wp-json\/wp\/v2\/media?parent=7095"}],"wp:term":[{"taxonomy":"category","embeddable":true,"href":"https:\/\/api-lux.be\/index.php\/wp-json\/wp\/v2\/categories?post=7095"},{"taxonomy":"post_tag","embeddable":true,"href":"https:\/\/api-lux.be\/index.php\/wp-json\/wp\/v2\/tags?post=7095"}],"curies":[{"name":"wp","href":"https:\/\/api.w.org\/{rel}","templated":true}]}}