{"id":7091,"date":"2025-06-10T10:07:03","date_gmt":"2025-06-10T08:07:03","guid":{"rendered":"https:\/\/api-lux.be\/?p=7091"},"modified":"2025-07-01T10:47:33","modified_gmt":"2025-07-01T08:47:33","slug":"boite-a-outils-de-lequipe-mobile-double-diagnostic-emdd","status":"publish","type":"post","link":"https:\/\/api-lux.be\/index.php\/2025\/06\/10\/boite-a-outils-de-lequipe-mobile-double-diagnostic-emdd\/","title":{"rendered":"Bo\u00eete \u00e0 outils de l\u2019\u00c9quipe Mobile Double Diagnostic (EMDD)"},"content":{"rendered":"\n<div class=\"wp-block-columns is-layout-flex wp-container-core-columns-is-layout-9d6595d7 wp-block-columns-is-layout-flex\">\n<div class=\"wp-block-column is-layout-flow wp-block-column-is-layout-flow\"><div class=\"wp-block-image\">\n<figure class=\"aligncenter size-full is-resized\"><img loading=\"lazy\" decoding=\"async\" width=\"1000\" height=\"1000\" src=\"https:\/\/api-lux.be\/wp-content\/uploads\/2025\/06\/1000_F_33257986_KfLdRh7ysKiFBW27NOjnK6SyaiLs1SgC.jpg\" alt=\"\" class=\"wp-image-7093\" style=\"width:360px;height:auto\" srcset=\"https:\/\/api-lux.be\/wp-content\/uploads\/2025\/06\/1000_F_33257986_KfLdRh7ysKiFBW27NOjnK6SyaiLs1SgC.jpg 1000w, https:\/\/api-lux.be\/wp-content\/uploads\/2025\/06\/1000_F_33257986_KfLdRh7ysKiFBW27NOjnK6SyaiLs1SgC-300x300.jpg 300w, https:\/\/api-lux.be\/wp-content\/uploads\/2025\/06\/1000_F_33257986_KfLdRh7ysKiFBW27NOjnK6SyaiLs1SgC-150x150.jpg 150w, https:\/\/api-lux.be\/wp-content\/uploads\/2025\/06\/1000_F_33257986_KfLdRh7ysKiFBW27NOjnK6SyaiLs1SgC-768x768.jpg 768w\" sizes=\"auto, (max-width: 1000px) 100vw, 1000px\" \/><\/figure>\n<\/div><\/div>\n\n\n\n<div class=\"wp-block-column is-layout-flow wp-block-column-is-layout-flow\">\n<p>\ud83e\uddd1\u200d\u2695\ufe0f <strong>Outil professionnel d\u2019accompagnement sp\u00e9cialis\u00e9&nbsp;<\/strong>&#8211; Un kit adapt\u00e9 pour l\u2019accompagnement des personnes avec d\u00e9ficience intellectuelle en contexte psychiatrique<\/p>\n\n\n\n<!--more-->\n\n\n\n<h2 class=\"wp-block-heading\">Age cible (pour qui)<\/h2>\n\n\n\n<p>\ud83d\udc49 <strong>Personnes porteuses d\u2019une d\u00e9ficience intellectuelle (DI)<\/strong> en situation de crise psychiatrique et\/ou hospitalisation<br>\ud83d\udc49 <strong>Professionnels de la sant\u00e9 mentale et du secteur m\u00e9dico-social<\/strong><\/p>\n<\/div>\n<\/div>\n\n\n\n<h2 class=\"wp-block-heading\">Descriptif de l&rsquo;outil<\/h2>\n\n\n\n<p>\u270f\ufe0f La <strong>Bo\u00eete \u00e0 outils de <a href=\"https:\/\/matilda-lux.be\/equipes-mobiles-lodyssee\/\" target=\"_blank\" rel=\"noreferrer noopener\">l\u2019\u00c9quipe Mobile Double Diagnostic<\/a> (EMDD)<\/strong> est une compilation de supports et outils cr\u00e9\u00e9s et personnalis\u00e9s par l\u2019\u00e9quipe mobile sp\u00e9cialis\u00e9e en double diagnostic de la province de Luxembourg.<\/p>\n\n\n\n<p>Elle permet d\u2019assurer un <strong>accompagnement adapt\u00e9 et structur\u00e9 pour les personnes pr\u00e9sentant une d\u00e9ficience intellectuelle<\/strong>, en situation de vuln\u00e9rabilit\u00e9 psychique ou sociale, notamment lors d\u2019une prise en charge hospitali\u00e8re ou d\u2019un accompagnement en contexte psychiatrique.<\/p>\n\n\n\n<p>\ud83d\uddc2\ufe0f Cette bo\u00eete se d\u00e9cline en <strong>trois volets compl\u00e9mentaires<\/strong> :<\/p>\n\n\n\n<ol class=\"wp-block-list\">\n<li>\ud83d\udcc4 <strong>Administratif<\/strong><br>\u279d Aide \u00e0 la collecte et la transmission d\u2019informations utiles (fiche signal\u00e9tique, ant\u00e9c\u00e9dents, contacts, habitudes)<\/li>\n\n\n\n<li>\ud83d\ude0a <strong>\u00c9motions<\/strong><br>\u279d Supports facilitant l\u2019expression et la compr\u00e9hension des \u00e9motions (outils visuels, pictogrammes, cartes d\u2019humeur)<\/li>\n\n\n\n<li>\ud83d\udcc6 <strong>Rep\u00e8res spatio-temporels<\/strong><br>\u279d Moyens de structurer le temps et l\u2019espace pour favoriser la s\u00e9curit\u00e9 psychique (calendrier simplifi\u00e9, routines, rep\u00e8res visuels)<\/li>\n<\/ol>\n\n\n\n<p>\ud83c\udfaf L\u2019objectif est de <strong>favoriser des interventions adapt\u00e9es face aux difficult\u00e9s psychosociales et relationnelles de ce public<\/strong>, en tenant compte de leurs particularit\u00e9s cognitives et \u00e9motionnelles.<\/p>\n\n\n\n<p><strong>Concepteur<\/strong> : \u00c9quipe Mobile Double Diagnostic \u2013 Province de Luxembourg<br><strong>Disponibilit\u00e9<\/strong> :<\/p>\n\n\n\n<ul class=\"wp-block-list\">\n<li>En pr\u00eat via le <strong><a href=\"https:\/\/www.clps-lux.be\" target=\"_blank\" rel=\"noreferrer noopener\">CLPS de Luxembourg<\/a><\/strong> (<a class=\"\" href=\"https:\/\/www.clpsluxembourg.be\">site web<\/a>)<\/li>\n\n\n\n<li>Informations compl\u00e9mentaires via <a href=\"https:\/\/matilda-lux.be\" target=\"_blank\" rel=\"noreferrer noopener\"><strong>Matilda-Lux<\/strong> <\/a><\/li>\n<\/ul>\n\n\n\n<div class=\"wp-block-columns is-layout-flex wp-container-core-columns-is-layout-9d6595d7 wp-block-columns-is-layout-flex\">\n<div class=\"wp-block-column is-layout-flow wp-block-column-is-layout-flow\">\n<h2 class=\"wp-block-heading\">Objectif(s) d&rsquo;utilisation<\/h2>\n<\/div>\n<\/div>\n\n\n\n<p>\ud83e\udde0 Soutenir les professionnels dans l\u2019accompagnement adapt\u00e9 de personnes avec DI en contexte psychiatrique<br>\ud83e\udd1d Faciliter la communication et les relations interpersonnelles<br>\ud83c\udf9b\ufe0f Structurer le cadre de vie hospitalier pour diminuer l\u2019anxi\u00e9t\u00e9 et favoriser la compr\u00e9hension<br>\ud83d\udde3\ufe0f Permettre l\u2019expression des besoins et ressentis des personnes accompagn\u00e9es<\/p>\n\n\n\n<div class=\"wp-block-columns is-layout-flex wp-container-core-columns-is-layout-9d6595d7 wp-block-columns-is-layout-flex\">\n<div class=\"wp-block-column is-layout-flow wp-block-column-is-layout-flow\"><\/div>\n\n\n\n<div class=\"wp-block-column is-layout-flow wp-block-column-is-layout-flow\"><\/div>\n<\/div>\n\n\n\n<p>Des outils \u00e0 nous partager ? <a href=\"https:\/\/api-lux.be\/index.php\/contact\/\">Cliquez ici<\/a><\/p>\n","protected":false},"excerpt":{"rendered":"<p>\ud83e\uddd1\u200d\u2695\ufe0f Outil professionnel d\u2019accompagnement sp\u00e9cialis\u00e9&nbsp;&#8211; Un kit adapt\u00e9 pour l\u2019accompagnement des personnes avec d\u00e9ficience intellectuelle en contexte psychiatrique<\/p>\n","protected":false},"author":2,"featured_media":0,"comment_status":"closed","ping_status":"closed","sticky":false,"template":"","format":"standard","meta":{"iawp_total_views":17,"footnotes":""},"categories":[4,18,9,5,13,46,47,19,20,11,6,7,21],"tags":[],"class_list":["post-7091","post","type-post","status-publish","format-standard","hentry","category-besoins","category-besoins-destime","category-besoins-de-securite","category-besoins-physiologiques","category-coherence","category-fiches-outils","category-fiches-outils-pour-les-professionnels","category-gestion-des-emotions","category-individualisation","category-rituels","category-sante-alimentation-sommeil-hygiene","category-soin-pistes-et-outils-professionnels","category-valorisation-confiance"],"_links":{"self":[{"href":"https:\/\/api-lux.be\/index.php\/wp-json\/wp\/v2\/posts\/7091","targetHints":{"allow":["GET"]}}],"collection":[{"href":"https:\/\/api-lux.be\/index.php\/wp-json\/wp\/v2\/posts"}],"about":[{"href":"https:\/\/api-lux.be\/index.php\/wp-json\/wp\/v2\/types\/post"}],"author":[{"embeddable":true,"href":"https:\/\/api-lux.be\/index.php\/wp-json\/wp\/v2\/users\/2"}],"replies":[{"embeddable":true,"href":"https:\/\/api-lux.be\/index.php\/wp-json\/wp\/v2\/comments?post=7091"}],"version-history":[{"count":2,"href":"https:\/\/api-lux.be\/index.php\/wp-json\/wp\/v2\/posts\/7091\/revisions"}],"predecessor-version":[{"id":7572,"href":"https:\/\/api-lux.be\/index.php\/wp-json\/wp\/v2\/posts\/7091\/revisions\/7572"}],"wp:attachment":[{"href":"https:\/\/api-lux.be\/index.php\/wp-json\/wp\/v2\/media?parent=7091"}],"wp:term":[{"taxonomy":"category","embeddable":true,"href":"https:\/\/api-lux.be\/index.php\/wp-json\/wp\/v2\/categories?post=7091"},{"taxonomy":"post_tag","embeddable":true,"href":"https:\/\/api-lux.be\/index.php\/wp-json\/wp\/v2\/tags?post=7091"}],"curies":[{"name":"wp","href":"https:\/\/api.w.org\/{rel}","templated":true}]}}