{"id":709,"date":"2025-03-13T11:36:55","date_gmt":"2025-03-13T10:36:55","guid":{"rendered":"http:\/\/localhost\/mdi_w\/?p=709"},"modified":"2025-04-22T16:13:58","modified_gmt":"2025-04-22T14:13:58","slug":"trianguler-en-employant-les-differentes-fonctions","status":"publish","type":"post","link":"https:\/\/api-lux.be\/index.php\/2025\/03\/13\/trianguler-en-employant-les-differentes-fonctions\/","title":{"rendered":"Trianguler en employant les diff\u00e9rentes fonctions"},"content":{"rendered":"\n<div class=\"wp-block-columns is-layout-flex wp-container-core-columns-is-layout-9d6595d7 wp-block-columns-is-layout-flex\">\n<div class=\"wp-block-column is-layout-flow wp-block-column-is-layout-flow\">\n<figure class=\"wp-block-image size-full\"><img loading=\"lazy\" decoding=\"async\" width=\"706\" height=\"403\" src=\"https:\/\/api-lux.be\/wp-content\/uploads\/2025\/02\/1_MoZ0Q1w6_anUW4wl74dTTQ.jpg\" alt=\"\" class=\"wp-image-2447\" srcset=\"https:\/\/api-lux.be\/wp-content\/uploads\/2025\/02\/1_MoZ0Q1w6_anUW4wl74dTTQ.jpg 706w, https:\/\/api-lux.be\/wp-content\/uploads\/2025\/02\/1_MoZ0Q1w6_anUW4wl74dTTQ-300x171.jpg 300w\" sizes=\"auto, (max-width: 706px) 100vw, 706px\" \/><\/figure>\n<\/div>\n\n\n\n<div class=\"wp-block-column is-layout-flow wp-block-column-is-layout-flow\">\n<p>\ud83c\udfdb\ufe0f <strong>Accueil et structuration institutionnelle<\/strong> &#8211; Utiliser la fonction et le r\u00f4le professionnel pour \u00e9tablir une dynamique structur\u00e9e avec les jeunes.<\/p>\n\n\n\n<!--more-->\n\n\n\n<h2 class=\"wp-block-heading\">\u00c2ge cible<\/h2>\n\n\n\n<p> De 3 \u00e0 21 ans.<\/p>\n<\/div>\n<\/div>\n\n\n\n<h2 class=\"wp-block-heading\">Descriptif de l&rsquo;outil<\/h2>\n\n\n\n<p>Cet outil strat\u00e9gique consiste \u00e0 <strong>faire intervenir plusieurs adultes ou professionnels<\/strong> aupr\u00e8s du jeune, chacun avec un <strong>r\u00f4le sp\u00e9cifique<\/strong> :<br>\ud83d\udc69\u200d\ud83c\udfeb enseignant, \ud83d\udc68\u200d\ud83d\udd27 \u00e9ducateur, \ud83d\udc69\u200d\ud83d\udcbc direction, \ud83e\uddd1\u200d\u2695\ufe0f psychologue, \ud83d\udc69\u200d\ud83d\udd2c assistante sociale\u2026<\/p>\n\n\n\n<p>\ud83d\udc49 Cela permet de cr\u00e9er un <strong>cadre coh\u00e9rent, s\u00e9curisant et solidaire<\/strong>, tout en r\u00e9partissant les responsabilit\u00e9s de mani\u00e8re claire.<\/p>\n\n\n\n<p>\ud83d\udd01 Selon la situation, <strong>l\u2019intervenant change<\/strong>, ce qui permet d\u2019adapter le type d\u2019accompagnement et de limiter les confusions.<\/p>\n\n\n\n<h3 class=\"wp-block-heading\">\ud83d\udcac <strong>Pourquoi c\u2019est utile ?<\/strong><\/h3>\n\n\n\n<p>\u2705 Cela <strong>\u00e9vite qu\u2019un seul adulte concentre toutes les interactions<\/strong> (ce qui peut \u00eatre \u00e9puisant ou contre-productif).<br>\u2705 Cela <strong>valorise le travail d\u2019\u00e9quipe<\/strong> et montre au jeune qu\u2019il est <strong>entour\u00e9 et soutenu par un collectif<\/strong>.<br>\u2705 Cela permet de <strong>moduler l\u2019intervention<\/strong> : du dialogue bienveillant \u00e0 une posture plus ferme si n\u00e9cessaire.<\/p>\n\n\n\n<h3 class=\"wp-block-heading\">\ud83c\udfaf <strong>Exemples concrets d\u2019application<\/strong><\/h3>\n\n\n\n<p>\ud83d\udd01 <strong>Non-respect d\u2019une r\u00e8gle<\/strong><\/p>\n\n\n\n<ol class=\"wp-block-list\">\n<li>\ud83d\udc68\u200d\ud83c\udfeb L\u2019\u00e9ducateur discute calmement avec le jeune<\/li>\n\n\n\n<li>\ud83d\udc69\u200d\ud83c\udfeb L\u2019enseignant rappelle la r\u00e8gle en collectif<\/li>\n\n\n\n<li>\ud83d\udc69\u200d\ud83d\udcbc La direction intervient si les comportements se r\u00e9p\u00e8tent<\/li>\n<\/ol>\n\n\n\n<p>\ud83c\udfb2 <strong>Refus de participation (centre de loisirs)<\/strong><\/p>\n\n\n\n<ol class=\"wp-block-list\">\n<li>\ud83c\udfa8 L\u2019animateur tente de motiver l\u2019enfant<\/li>\n\n\n\n<li>\ud83d\udc69\u200d\ud83e\uddb1 Un autre adulte propose une alternative ou explore le blocage<\/li>\n\n\n\n<li>\ud83d\udcac Une m\u00e9diation peut \u00eatre envisag\u00e9e si besoin<\/li>\n<\/ol>\n\n\n\n<p>\u2696\ufe0f <strong>Conflit entre jeunes<\/strong><\/p>\n\n\n\n<ol class=\"wp-block-list\">\n<li>\ud83d\udc42 Un adulte \u00e9coute chaque enfant individuellement<\/li>\n\n\n\n<li>\ud83e\udef1 Un second organise un temps de m\u00e9diation<\/li>\n\n\n\n<li>\u2705 Un r\u00e9f\u00e9rent valide la solution et l\u2019inscrit dans le cadre collectif<\/li>\n<\/ol>\n\n\n\n<h3 class=\"wp-block-heading\">\u26a0\ufe0f <strong>Points d\u2019attention<\/strong><\/h3>\n\n\n\n<p>\ud83d\udccf <strong>Adapter le niveau d\u2019intervention<\/strong> \u00e0 la gravit\u00e9 : inutile d\u2019envoyer la direction pour un simple oubli.<br>\ud83d\udce3 <strong>Assurer une communication fluide entre adultes<\/strong> pour \u00e9viter les messages contradictoires.<br>\ud83e\udde0 <strong>Toujours expliquer au jeune pourquoi un nouvel adulte intervient<\/strong>, pour ne pas le d\u00e9stabiliser et maintenir une posture \u00e9ducative.<\/p>\n\n\n\n<div class=\"wp-block-columns is-layout-flex wp-container-core-columns-is-layout-9d6595d7 wp-block-columns-is-layout-flex\">\n<div class=\"wp-block-column is-layout-flow wp-block-column-is-layout-flow\">\n<h2 class=\"wp-block-heading\">Objectif(s) d&rsquo;utilisation<\/h2>\n\n\n\n<p>\u2714\ufe0f <strong>R\u00e9guler les comportements<\/strong> par une approche collective et solidaire<br>\u2714\ufe0f <strong>Instaurer un cadre s\u00e9curisant<\/strong> \u00e0 travers la r\u00e9partition des r\u00f4les<br>\u2714\ufe0f <strong>Montrer au jeune qu\u2019il est soutenu par une \u00e9quipe coordonn\u00e9e<\/strong><br>\u2714\ufe0f <strong>Favoriser une compr\u00e9hension de la graduation des r\u00e9ponses \u00e9ducatives<\/strong><\/p>\n<\/div>\n\n\n\n<div class=\"wp-block-column is-layout-flow wp-block-column-is-layout-flow\">\n<h2 class=\"wp-block-heading\">Variantes &#8211; am\u00e9nagement<\/h2>\n\n\n\n<p>\ud83e\uddcd\u200d\u2642\ufe0f <strong>Faire appel \u00e0 un professionnel ext\u00e9rieur<\/strong><br>(ex. : un m\u00e9diateur pour une situation tendue)<\/p>\n\n\n\n<p>\ud83d\udcc6 <strong>Organiser des r\u00e9unions d\u2019\u00e9quipe r\u00e9guli\u00e8res<\/strong><br>\u27a1\ufe0f Pour partager les observations et ajuster les postures<\/p>\n\n\n\n<p>\ud83c\udfa4 <strong>Utiliser des symboliques collectives<\/strong><br>\u27a1\ufe0f Par exemple, une r\u00e9union avec le jeune et plusieurs adultes pour montrer la <strong>coh\u00e9rence du cadre<\/strong><\/p>\n\n\n\n<p>\ud83d\udd04 <strong>Varier les interlocuteurs selon le contexte<\/strong><br>\u27a1\ufe0f L\u2019\u00e9ducateur pour les temps du quotidien, l\u2019enseignant pour les apprentissages, la direction pour les cas plus sensibles<\/p>\n<\/div>\n<\/div>\n\n\n\n<p>Des outils \u00e0 nous partager ?&nbsp;<a href=\"https:\/\/api-lux.be\/index.php\/contact\/\">Cliquez ici<\/a><\/p>\n","protected":false},"excerpt":{"rendered":"<p>\ud83c\udfdb\ufe0f Accueil et structuration institutionnelle &#8211; Utiliser la fonction et le r\u00f4le professionnel pour \u00e9tablir une dynamique structur\u00e9e avec les jeunes.<\/p>\n","protected":false},"author":2,"featured_media":0,"comment_status":"closed","ping_status":"closed","sticky":false,"template":"","format":"standard","meta":{"iawp_total_views":2,"footnotes":""},"categories":[4,9,12,13,46,47],"tags":[],"class_list":["post-709","post","type-post","status-publish","format-standard","hentry","category-besoins","category-besoins-de-securite","category-cadre-et-limites","category-coherence","category-fiches-outils","category-fiches-outils-pour-les-professionnels"],"_links":{"self":[{"href":"https:\/\/api-lux.be\/index.php\/wp-json\/wp\/v2\/posts\/709","targetHints":{"allow":["GET"]}}],"collection":[{"href":"https:\/\/api-lux.be\/index.php\/wp-json\/wp\/v2\/posts"}],"about":[{"href":"https:\/\/api-lux.be\/index.php\/wp-json\/wp\/v2\/types\/post"}],"author":[{"embeddable":true,"href":"https:\/\/api-lux.be\/index.php\/wp-json\/wp\/v2\/users\/2"}],"replies":[{"embeddable":true,"href":"https:\/\/api-lux.be\/index.php\/wp-json\/wp\/v2\/comments?post=709"}],"version-history":[{"count":8,"href":"https:\/\/api-lux.be\/index.php\/wp-json\/wp\/v2\/posts\/709\/revisions"}],"predecessor-version":[{"id":5500,"href":"https:\/\/api-lux.be\/index.php\/wp-json\/wp\/v2\/posts\/709\/revisions\/5500"}],"wp:attachment":[{"href":"https:\/\/api-lux.be\/index.php\/wp-json\/wp\/v2\/media?parent=709"}],"wp:term":[{"taxonomy":"category","embeddable":true,"href":"https:\/\/api-lux.be\/index.php\/wp-json\/wp\/v2\/categories?post=709"},{"taxonomy":"post_tag","embeddable":true,"href":"https:\/\/api-lux.be\/index.php\/wp-json\/wp\/v2\/tags?post=709"}],"curies":[{"name":"wp","href":"https:\/\/api.w.org\/{rel}","templated":true}]}}