{"id":708,"date":"2025-03-13T11:36:55","date_gmt":"2025-03-13T10:36:55","guid":{"rendered":"http:\/\/localhost\/mdi_w\/?p=708"},"modified":"2025-07-01T13:29:57","modified_gmt":"2025-07-01T11:29:57","slug":"comprendre-la-regle-donner-du-sens","status":"publish","type":"post","link":"https:\/\/api-lux.be\/index.php\/2025\/03\/13\/comprendre-la-regle-donner-du-sens\/","title":{"rendered":"Comprendre la r\u00e8gle \/ Donner du sens"},"content":{"rendered":"\n<div class=\"wp-block-columns is-layout-flex wp-container-core-columns-is-layout-9d6595d7 wp-block-columns-is-layout-flex\">\n<div class=\"wp-block-column is-layout-flow wp-block-column-is-layout-flow\">\n<figure class=\"wp-block-image size-full\"><img decoding=\"async\" src=\"https:\/\/api-lux.be\/wp-content\/uploads\/2025\/02\/comprendre_la_regle.jpg\" alt=\" \" class=\"wp-image-202\"\/><\/figure>\n<\/div>\n\n\n\n<div class=\"wp-block-column is-layout-flow wp-block-column-is-layout-flow\">\n<p>\ud83d\udea7 <strong>Poser et maintenir le cadre<\/strong> &#8211; Donner du sens aux r\u00e8gles pour aider les enfants \u00e0 mieux les comprendre et les respecter.<\/p>\n\n\n\n<!--more-->\n\n\n\n<h2 class=\"wp-block-heading\">\u00c2ge cible<\/h2>\n\n\n\n<p> De 3 \u00e0 21 ans.<\/p>\n<\/div>\n<\/div>\n\n\n\n<h2 class=\"wp-block-heading\">Descriptif de l&rsquo;outil<\/h2>\n\n\n\n<p>Cet outil vise \u00e0 aider les jeunes \u00e0 <strong>mieux comprendre les r\u00e8gles<\/strong> en leur expliquant <strong>les raisons qui les justifient<\/strong>.<br>\ud83d\udc49 En donnant du sens aux consignes, on favorise une <strong>adh\u00e9sion durable<\/strong> et un <strong>respect actif<\/strong>, plut\u00f4t qu\u2019un simple respect par obligation.<\/p>\n\n\n\n<h3 class=\"wp-block-heading\">\ud83d\udcac <strong>Pourquoi \u00e7a marche ?<\/strong><\/h3>\n\n\n\n<p>Par principe, <strong>les jeunes adh\u00e8rent mieux aux r\u00e8gles quand ils en comprennent le sens<\/strong>. Lorsqu\u2019on prend le temps d\u2019expliquer, de mani\u00e8re claire et adapt\u00e9e \u00e0 leur \u00e2ge, <strong>le \u00ab\u00a0pourquoi\u00a0\u00bb d\u2019une r\u00e8gle<\/strong> (\ud83d\udd12 s\u00e9curit\u00e9, \u2764\ufe0f respect des autres, \ud83e\udded organisation), cela devient plus facile \u00e0 int\u00e9grer et \u00e0 accepter.<\/p>\n\n\n\n<h3 class=\"wp-block-heading\">\ud83c\udfaf <strong>Exemples concrets d\u2019application<\/strong><\/h3>\n\n\n\n<p>\ud83d\udecf\ufe0f <strong>\u00c0 la maison (milieu de vie)<\/strong><br>\u27a1\ufe0f <em>\u00ab Il faut ranger tes jouets. \u00bb<\/em> devient : <em>\u00ab Comme \u00e7a, tu pourras les retrouver facilement demain ! \u00bb<\/em><\/p>\n\n\n\n<p>\ud83c\udfeb <strong>\u00c0 l\u2019\u00e9cole ou en centre de loisirs (espace sociabilisant)<\/strong><br>\u27a1\ufe0f Avant une activit\u00e9 de groupe, expliquer : <em>\u00ab Ces r\u00e8gles de s\u00e9curit\u00e9 permettent que tout le monde s\u2019amuse sans se blesser. \u00bb<\/em><\/p>\n\n\n\n<p>\ud83c\udf33 <strong>En sortie ou en ext\u00e9rieur<\/strong><br>\u27a1\ufe0f Avant une sortie en for\u00eat : <em>\u00ab On reste ensemble pour ne perdre personne et que tout le monde profite de la balade. \u00bb<\/em><\/p>\n\n\n\n<h3 class=\"wp-block-heading\">\u26a0\ufe0f <strong>Points d\u2019attention<\/strong><\/h3>\n\n\n\n<p>\ud83d\udd04 <strong>Adapter le discours<\/strong> selon l\u2019\u00e2ge et le niveau de compr\u00e9hension.<br>\ud83d\udde3\ufe0f <strong>\u00c9viter le ton moralisateur<\/strong> ; pr\u00e9f\u00e9rer une approche <strong>expliqu\u00e9e et bienveillante<\/strong>.<br>\ud83c\udfa8 <strong>Utiliser des m\u00e9taphores ou images simples<\/strong> pour illustrer les r\u00e8gles.<br>\ud83d\udc42 Laisser place aux <strong>questions et \u00e0 l\u2019interpr\u00e9tation des jeunes<\/strong>.<\/p>\n\n\n\n<div class=\"wp-block-columns is-layout-flex wp-container-core-columns-is-layout-9d6595d7 wp-block-columns-is-layout-flex\">\n<div class=\"wp-block-column is-layout-flow wp-block-column-is-layout-flow\">\n<h2 class=\"wp-block-heading\">Objectif(s) d&rsquo;utilisation<\/h2>\n\n\n\n<p>\u2714\ufe0f <strong>Favoriser une compr\u00e9hension authentique des r\u00e8gles<\/strong><br>\u2714\ufe0f <strong>Permettre aux jeunes d\u2019anticiper les cons\u00e9quences<\/strong> de leurs actes<br>\u2714\ufe0f <strong>Renforcer l\u2019autonomie<\/strong> par l\u2019appropriation personnelle des r\u00e8gles<br>\u2714\ufe0f <strong>Soutenir une coop\u00e9ration durable et respectueuse<\/strong><\/p>\n<\/div>\n\n\n\n<div class=\"wp-block-column is-layout-flow wp-block-column-is-layout-flow\">\n<h2 class=\"wp-block-heading\">Liens utiles<\/h2>\n\n\n\n<p>\ud83d\udcc4 <strong>Article \u2013 Poser les r\u00e8gles dans l\u2019\u00e9ducation<\/strong><br>\ud83d\udc49 <a href=\"https:\/\/www.2minutesdebonheur.com\/la-regle-dans-l-education\/\" target=\"_blank\" rel=\"noreferrer noopener\">https:\/\/www.2minutesdebonheur.com\/la-regle-dans-l-education\/<\/a><\/p>\n\n\n\n<p>\ud83c\udfa7 <strong>Podcast \u2013 1min26<\/strong> sur le m\u00eame lien<br>\ud83d\udc49 Une \u00e9coute courte et utile pour les adultes \ud83d\udc42\u2728<\/p>\n<\/div>\n<\/div>\n\n\n\n<div class=\"wp-block-columns is-layout-flex wp-container-core-columns-is-layout-9d6595d7 wp-block-columns-is-layout-flex\">\n<div class=\"wp-block-column is-layout-flow wp-block-column-is-layout-flow\">\n<h2 class=\"wp-block-heading\">Variantes &#8211; am\u00e9nagement<\/h2>\n\n\n\n<p>\ud83c\udfad <strong>Jeux de r\u00f4le<\/strong><br>\u27a1\ufe0f Mettre en sc\u00e8ne des situations o\u00f9 les r\u00e8gles sont respect\u00e9es\u2026 ou non.<\/p>\n\n\n\n<p>\ud83c\udf0d <strong>Imaginer un monde sans r\u00e8gles<\/strong><br>\u27a1\ufe0f R\u00e9fl\u00e9chir ensemble \u00e0 ce qu\u2019il s\u2019y passerait, et pourquoi certaines r\u00e8gles sont utiles.<\/p>\n\n\n\n<p>\ud83d\udcdd <strong>Cr\u00e9er ensemble des r\u00e8gles<\/strong><br>\u27a1\ufe0f Lors d\u2019une activit\u00e9 ou d\u2019un jeu, laisser les jeunes <strong>\u00e9laborer leurs propres r\u00e8gles<\/strong> pour renforcer leur engagement.<\/p>\n<\/div>\n<\/div>\n\n\n\n<p>Des outils \u00e0 nous partager ?&nbsp;<a href=\"https:\/\/api-lux.be\/index.php\/contact\/\">Cliquez ici<\/a><\/p>\n","protected":false},"excerpt":{"rendered":"<p>\ud83d\udea7 Poser et maintenir le cadre &#8211; Donner du sens aux r\u00e8gles pour aider les enfants \u00e0 mieux les comprendre et les respecter.<\/p>\n","protected":false},"author":2,"featured_media":0,"comment_status":"closed","ping_status":"closed","sticky":false,"template":"","format":"standard","meta":{"iawp_total_views":4,"footnotes":""},"categories":[4,22,18,9,12,13,46,48,47,19],"tags":[],"class_list":["post-708","post","type-post","status-publish","format-standard","hentry","category-besoins","category-besoins-cognitifs","category-besoins-destime","category-besoins-de-securite","category-cadre-et-limites","category-coherence","category-fiches-outils","category-fiches-outils-pour-les-aidants-proches","category-fiches-outils-pour-les-professionnels","category-gestion-des-emotions"],"_links":{"self":[{"href":"https:\/\/api-lux.be\/index.php\/wp-json\/wp\/v2\/posts\/708","targetHints":{"allow":["GET"]}}],"collection":[{"href":"https:\/\/api-lux.be\/index.php\/wp-json\/wp\/v2\/posts"}],"about":[{"href":"https:\/\/api-lux.be\/index.php\/wp-json\/wp\/v2\/types\/post"}],"author":[{"embeddable":true,"href":"https:\/\/api-lux.be\/index.php\/wp-json\/wp\/v2\/users\/2"}],"replies":[{"embeddable":true,"href":"https:\/\/api-lux.be\/index.php\/wp-json\/wp\/v2\/comments?post=708"}],"version-history":[{"count":10,"href":"https:\/\/api-lux.be\/index.php\/wp-json\/wp\/v2\/posts\/708\/revisions"}],"predecessor-version":[{"id":7677,"href":"https:\/\/api-lux.be\/index.php\/wp-json\/wp\/v2\/posts\/708\/revisions\/7677"}],"wp:attachment":[{"href":"https:\/\/api-lux.be\/index.php\/wp-json\/wp\/v2\/media?parent=708"}],"wp:term":[{"taxonomy":"category","embeddable":true,"href":"https:\/\/api-lux.be\/index.php\/wp-json\/wp\/v2\/categories?post=708"},{"taxonomy":"post_tag","embeddable":true,"href":"https:\/\/api-lux.be\/index.php\/wp-json\/wp\/v2\/tags?post=708"}],"curies":[{"name":"wp","href":"https:\/\/api.w.org\/{rel}","templated":true}]}}