{"id":7050,"date":"2025-06-05T17:38:29","date_gmt":"2025-06-05T15:38:29","guid":{"rendered":"https:\/\/api-lux.be\/?p=7050"},"modified":"2025-07-01T10:52:32","modified_gmt":"2025-07-01T08:52:32","slug":"mon-baluchon-handicap-et-fratrie","status":"publish","type":"post","link":"https:\/\/api-lux.be\/index.php\/2025\/06\/05\/mon-baluchon-handicap-et-fratrie\/","title":{"rendered":"Mon Baluchon &#8211; handicap et fratrie"},"content":{"rendered":"\n<div class=\"wp-block-columns is-layout-flex wp-container-core-columns-is-layout-9d6595d7 wp-block-columns-is-layout-flex\">\n<div class=\"wp-block-column is-layout-flow wp-block-column-is-layout-flow\"><div class=\"wp-block-image\">\n<figure class=\"aligncenter size-large\"><img loading=\"lazy\" decoding=\"async\" width=\"1024\" height=\"732\" src=\"https:\/\/api-lux.be\/wp-content\/uploads\/2025\/06\/fratriha-062_orig-1024x732.jpg\" alt=\"\" class=\"wp-image-7051\" srcset=\"https:\/\/api-lux.be\/wp-content\/uploads\/2025\/06\/fratriha-062_orig-1024x732.jpg 1024w, https:\/\/api-lux.be\/wp-content\/uploads\/2025\/06\/fratriha-062_orig-300x214.jpg 300w, https:\/\/api-lux.be\/wp-content\/uploads\/2025\/06\/fratriha-062_orig-768x549.jpg 768w, https:\/\/api-lux.be\/wp-content\/uploads\/2025\/06\/fratriha-062_orig.jpg 1100w\" sizes=\"auto, (max-width: 1024px) 100vw, 1024px\" \/><\/figure>\n<\/div><\/div>\n\n\n\n<div class=\"wp-block-column is-layout-flow wp-block-column-is-layout-flow\">\n<p>\ud83d\udc68\u200d\ud83d\udc69\u200d\ud83d\udc67\u200d\ud83d\udc66 <strong>Outil parentalit\u00e9 (et fraterie)<\/strong> &#8211; Sac p\u00e9dagogique et ludique \u00e0 destination des fratries d\u2019enfants en situation de handicap, permettant de favoriser la compr\u00e9hension du handicap, d\u2019apaiser les \u00e9motions et de soutenir les parents dans l\u2019accompagnement sp\u00e9cifique de la fratrie.<\/p>\n\n\n\n<h2 class=\"wp-block-heading\">Age cible (pour qui)<\/h2>\n\n\n\n<p>De 6 \u00e0 10 ans<\/p>\n<\/div>\n<\/div>\n\n\n\n<h2 class=\"wp-block-heading\">Descriptif de l&rsquo;outil<\/h2>\n\n\n\n<p>\u270f\ufe0f <strong>Mon Baluchon<\/strong> est un sac cadeau imagin\u00e9 par l\u2019asbl FratriHa (consult\u00e9 <a href=\"https:\/\/api-lux.be\/index.php\/2025\/04\/09\/fratriha\/\">notre fiche<\/a> au sujet de cette ASBL) pour accompagner les fr\u00e8res et s\u0153urs d\u2019enfants porteurs de handicap. Il contient du mat\u00e9riel ludique et p\u00e9dagogique \u00e0 destination de la fratrie et des parents, permettant de mieux comprendre la situation, d\u2019exprimer ses \u00e9motions et de favoriser le dialogue en famille.<\/p>\n\n\n\n<p>Le sac comprend :<\/p>\n\n\n\n<ul class=\"wp-block-list\">\n<li>\ud83d\udcd6 <em>La petite casserole d\u2019Anatole<\/em> (livre illustr\u00e9 sur la diff\u00e9rence)<\/li>\n\n\n\n<li>\ud83d\udcd6 Un livre au choix adapt\u00e9 au handicap de l\u2019enfant concern\u00e9<\/li>\n\n\n\n<li>\ud83c\udfa8 Un coloriage grand format con\u00e7u pour les fratries<\/li>\n\n\n\n<li>\ud83d\udd8d\ufe0f Une bo\u00eete de crayons de couleur<\/li>\n\n\n\n<li>\ud83d\udcd6 <em>Et moi, alors ?<\/em> (livre \u00e0 destination des parents)<\/li>\n\n\n\n<li>\ud83d\udcc4 <em>Les enfants de l\u2019ombre<\/em>, brochure informative de Question Sant\u00e9<\/li>\n<\/ul>\n\n\n\n<p>\ud83e\udde0 <strong>Exemples d\u2019applications<\/strong> :<\/p>\n\n\n\n<ul class=\"wp-block-list\">\n<li>En famille pour initier un \u00e9change autour du handicap et des \u00e9motions<\/li>\n\n\n\n<li>Dans des services de r\u00e9pit ou accompagnements \u00e9ducatifs pour ouvrir un espace d\u2019expression aux fratries<\/li>\n\n\n\n<li>En consultation ou soutien psychologique pour introduire la th\u00e9matique du handicap dans la fratrie<\/li>\n<\/ul>\n\n\n\n<p>\u2757 <strong>Points d\u2019attention<\/strong> :<\/p>\n\n\n\n<ul class=\"wp-block-list\">\n<li>Pr\u00e9voir un accompagnement verbal adapt\u00e9 selon l\u2019\u00e2ge et la maturit\u00e9 \u00e9motionnelle des enfants<\/li>\n\n\n\n<li>Le contenu peut \u00eatre compl\u00e9t\u00e9 par d\u2019autres outils pour les fratries d\u2019enfants avec TSA ou troubles associ\u00e9s<\/li>\n\n\n\n<li>Disponible en fran\u00e7ais uniquement<\/li>\n<\/ul>\n\n\n\n<p><strong>Producteur \/ \u00c9diteur<\/strong> : FratriHa asbl<br><strong>Date de cr\u00e9ation<\/strong> : 2019<br><strong>Prix<\/strong> :<\/p>\n\n\n\n<ul class=\"wp-block-list\">\n<li>Familles : 6,90 \u20ac (frais d\u2019envoi) + participation libre<\/li>\n\n\n\n<li>Professionnels : 50 \u20ac (prix co\u00fbtant)<br><strong>Modalit\u00e9s d\u2019acc\u00e8s<\/strong> : Commande via <a href=\"https:\/\/www.fratriha.com\/mon-baluchon.html\" target=\"_blank\" rel=\"noreferrer noopener\">formulaire en ligne sur le site de FratriHa<\/a><\/li>\n<\/ul>\n\n\n\n<p>A noter que l&rsquo;outil \u00a0\u00bb<strong>Mon baluchon<\/strong>\u00a0\u00bb existe en version adapt\u00e9e pour les enfants entre 3 et 6 ans dans la version \u00a0\u00bb<strong><a href=\"https:\/\/www.fratriha.com\/mon-ptit-baluchon.html\" target=\"_blank\" rel=\"noreferrer noopener\">Mon p&rsquo;tit baluchon<\/a><\/strong>\u00a0\u00bb<\/p>\n\n\n\n<div class=\"wp-block-columns is-layout-flex wp-container-core-columns-is-layout-9d6595d7 wp-block-columns-is-layout-flex\">\n<div class=\"wp-block-column is-layout-flow wp-block-column-is-layout-flow\">\n<h2 class=\"wp-block-heading\">Objectif(s) d&rsquo;utilisation<\/h2>\n\n\n\n<p>\ud83e\udde0 Mieux comprendre la situation de handicap au sein de la famille<br>\ud83c\udfa8 Permettre \u00e0 l\u2019enfant d\u2019exprimer ses \u00e9motions et ressentis<br>\ud83e\udd1d Renforcer les liens et la communication entre les membres de la famille<br>\ud83d\udcda Offrir aux parents des ressources adapt\u00e9es pour soutenir la fratrie<\/p>\n<\/div>\n\n\n\n<div class=\"wp-block-column is-layout-flow wp-block-column-is-layout-flow\">\n<h2 class=\"wp-block-heading\">Liens utiles<\/h2>\n\n\n\n<p>\ud83d\udcc4 ARTICLE Fratriha : <a href=\"https:\/\/www.fratriha.com\/mon-baluchon.html\" target=\"_blank\" rel=\"noreferrer noopener\">Pr\u00e9sentation officielle de Mon Baluchon <\/a>\u2013<\/p>\n\n\n\n<p><\/p>\n<\/div>\n<\/div>\n\n\n\n<div class=\"wp-block-columns is-layout-flex wp-container-core-columns-is-layout-9d6595d7 wp-block-columns-is-layout-flex\">\n<div class=\"wp-block-column is-layout-flow wp-block-column-is-layout-flow\">\n<h2 class=\"wp-block-heading\">Variantes &#8211; am\u00e9nagement<\/h2>\n\n\n\n<p>\ud83e\udde9 Adapter le choix du livre compl\u00e9mentaire selon le handicap sp\u00e9cifique de l\u2019enfant concern\u00e9<br>\ud83c\udfa8 Proposer aux enfants de d\u00e9corer le sac ou de cr\u00e9er leurs propres coloriages li\u00e9s \u00e0 leurs \u00e9motions<br>\ud83d\udd04 Organiser un atelier collectif entre fratries d\u2019enfants en situation de handicap pour mutualiser les ressentis<br>\ud83e\udde9 Utiliser des pictogrammes et supports visuels pour les enfants non lecteurs ou avec TSA<\/p>\n<\/div>\n<\/div>\n\n\n\n<p>Des outils \u00e0 nous partager ? <a href=\"https:\/\/api-lux.be\/index.php\/contact\/\">Cliquez ici<\/a><\/p>\n","protected":false},"excerpt":{"rendered":"<p>\ud83d\udc68\u200d\ud83d\udc69\u200d\ud83d\udc67\u200d\ud83d\udc66 Outil parentalit\u00e9 (et fraterie) &#8211; Sac p\u00e9dagogique et ludique \u00e0 destination des fratries d\u2019enfants en situation de handicap, permettant de favoriser la compr\u00e9hension du handicap, d\u2019apaiser les \u00e9motions et [&hellip;]<\/p>\n","protected":false},"author":2,"featured_media":0,"comment_status":"closed","ping_status":"closed","sticky":false,"template":"","format":"standard","meta":{"iawp_total_views":5,"footnotes":""},"categories":[14,15,46,48,47],"tags":[],"class_list":["post-7050","post","type-post","status-publish","format-standard","hentry","category-besoins-dappartenance","category-famille-et-milieu-de-vie","category-fiches-outils","category-fiches-outils-pour-les-aidants-proches","category-fiches-outils-pour-les-professionnels"],"_links":{"self":[{"href":"https:\/\/api-lux.be\/index.php\/wp-json\/wp\/v2\/posts\/7050","targetHints":{"allow":["GET"]}}],"collection":[{"href":"https:\/\/api-lux.be\/index.php\/wp-json\/wp\/v2\/posts"}],"about":[{"href":"https:\/\/api-lux.be\/index.php\/wp-json\/wp\/v2\/types\/post"}],"author":[{"embeddable":true,"href":"https:\/\/api-lux.be\/index.php\/wp-json\/wp\/v2\/users\/2"}],"replies":[{"embeddable":true,"href":"https:\/\/api-lux.be\/index.php\/wp-json\/wp\/v2\/comments?post=7050"}],"version-history":[{"count":2,"href":"https:\/\/api-lux.be\/index.php\/wp-json\/wp\/v2\/posts\/7050\/revisions"}],"predecessor-version":[{"id":7581,"href":"https:\/\/api-lux.be\/index.php\/wp-json\/wp\/v2\/posts\/7050\/revisions\/7581"}],"wp:attachment":[{"href":"https:\/\/api-lux.be\/index.php\/wp-json\/wp\/v2\/media?parent=7050"}],"wp:term":[{"taxonomy":"category","embeddable":true,"href":"https:\/\/api-lux.be\/index.php\/wp-json\/wp\/v2\/categories?post=7050"},{"taxonomy":"post_tag","embeddable":true,"href":"https:\/\/api-lux.be\/index.php\/wp-json\/wp\/v2\/tags?post=7050"}],"curies":[{"name":"wp","href":"https:\/\/api.w.org\/{rel}","templated":true}]}}