{"id":7047,"date":"2025-06-04T17:20:50","date_gmt":"2025-06-04T15:20:50","guid":{"rendered":"https:\/\/api-lux.be\/?p=7047"},"modified":"2025-06-04T17:20:50","modified_gmt":"2025-06-04T15:20:50","slug":"utiliser-des-schemas-et-metaphores-pour-faciliter-la-comprehension-en-accompagnement-therapeutique","status":"publish","type":"post","link":"https:\/\/api-lux.be\/index.php\/2025\/06\/04\/utiliser-des-schemas-et-metaphores-pour-faciliter-la-comprehension-en-accompagnement-therapeutique\/","title":{"rendered":"Utiliser des sch\u00e9mas et m\u00e9taphores pour faciliter la compr\u00e9hension en accompagnement th\u00e9rapeutique"},"content":{"rendered":"\n<div class=\"wp-block-columns is-layout-flex wp-container-core-columns-is-layout-9d6595d7 wp-block-columns-is-layout-flex\">\n<div class=\"wp-block-column is-layout-flow wp-block-column-is-layout-flow\">\n<figure class=\"wp-block-image size-full\"><img loading=\"lazy\" decoding=\"async\" width=\"720\" height=\"540\" src=\"https:\/\/api-lux.be\/wp-content\/uploads\/2025\/06\/Diapositive21.jpg\" alt=\"\" class=\"wp-image-7048\" srcset=\"https:\/\/api-lux.be\/wp-content\/uploads\/2025\/06\/Diapositive21.jpg 720w, https:\/\/api-lux.be\/wp-content\/uploads\/2025\/06\/Diapositive21-300x225.jpg 300w\" sizes=\"auto, (max-width: 720px) 100vw, 720px\" \/><\/figure>\n<\/div>\n\n\n\n<div class=\"wp-block-column is-layout-flow wp-block-column-is-layout-flow\">\n<p>\ud83e\uddd1\u200d\u2695\ufe0f <strong>Outil professionnel d\u2019accompagnement sp\u00e9cialis\u00e9\u00a0<\/strong>&#8211; Outil visuel et symbolique pour rendre tangibles les dynamiques complexes d\u2019un syst\u00e8me et soutenir le changement.<\/p>\n\n\n\n<!--more-->\n\n\n\n<h2 class=\"wp-block-heading\">Age cible (pour qui)<\/h2>\n\n\n\n<p>Tout \u00e2ge, avec adaptation selon les capacit\u00e9s de compr\u00e9hension (enfants, adolescents, familles)<\/p>\n<\/div>\n<\/div>\n\n\n\n<h2 class=\"wp-block-heading\">Descriptif de l&rsquo;outil<\/h2>\n\n\n\n<p>\u270f\ufe0f Les sch\u00e9mas construits en direct \u00e0 partir du discours des personnes permettent de repr\u00e9senter visuellement les interactions et m\u00e9canismes syst\u00e9miques (boucles, r\u00e9troactions, transferts, hom\u00e9ostasie, causalit\u00e9 circulaire).<\/p>\n\n\n\n<ul class=\"wp-block-list\">\n<li>\ud83e\udde0 Cette visualisation simplifie un discours souvent abstrait en donnant une forme concr\u00e8te aux dynamiques invisibles du syst\u00e8me familial, scolaire ou social.<br><\/li>\n\n\n\n<li>\u270f\ufe0f Le professionnel peut utiliser ces dessins pour expliquer les changements attendus, les leviers \u00e0 activer et pour ancrer la m\u00e9moire des \u00e9changes.<br><\/li>\n\n\n\n<li>\ud83e\udde0 Les m\u00e9taphores compl\u00e8tent cette approche en illustrant les m\u00e9canismes par des images symboliques, facilitant l\u2019expression et la compr\u00e9hension.<br><\/li>\n\n\n\n<li>\u2757 <strong>Attention<\/strong> : adapter la complexit\u00e9 du sch\u00e9ma au public, \u00e9viter la surcharge visuelle, veiller \u00e0 ce que le langage employ\u00e9 reste accessible.<\/li>\n<\/ul>\n\n\n\n<h2 class=\"wp-block-heading\">Objectif(s) d&rsquo;utilisation<\/h2>\n\n\n\n<p>\ud83d\uddbc\ufe0f Rendre visibles et compr\u00e9hensibles les interactions complexes d\u2019un syst\u00e8me.<\/p>\n\n\n\n<p>\ud83d\udd04 Illustrer les m\u00e9canismes de r\u00e9gulation et d\u2019\u00e9quilibre syst\u00e9miques (boucles de r\u00e9troaction, hom\u00e9ostasie).<\/p>\n\n\n\n<p>\ud83d\udcac Faciliter l\u2019explication des changements attendus et la mobilisation des ressources individuelles et collectives.<\/p>\n\n\n\n<p>\ud83d\udcdd Fournir une trace visuelle durable et r\u00e9utilisable pour soutenir le suivi th\u00e9rapeutique.<\/p>\n\n\n\n<p>\ud83c\udf3f Favoriser l\u2019appropriation des enjeux par les jeunes et leurs familles via des m\u00e9taphores parlantes.<\/p>\n\n\n\n<div class=\"wp-block-columns is-layout-flex wp-container-core-columns-is-layout-9d6595d7 wp-block-columns-is-layout-flex\">\n<div class=\"wp-block-column is-layout-flow wp-block-column-is-layout-flow\"><\/div>\n<\/div>\n\n\n\n<div class=\"wp-block-columns is-layout-flex wp-container-core-columns-is-layout-9d6595d7 wp-block-columns-is-layout-flex\">\n<div class=\"wp-block-column is-layout-flow wp-block-column-is-layout-flow\">\n<h2 class=\"wp-block-heading\">Variantes &#8211; am\u00e9nagement<\/h2>\n\n\n\n<ul class=\"wp-block-list\">\n<li>\ud83c\udfa8 Utiliser des pictogrammes ou couleurs cod\u00e9es pour les enfants non lecteurs ou avec TSA.<\/li>\n\n\n\n<li>\ud83d\udd04 Adapter la complexit\u00e9 des sch\u00e9mas selon l\u2019\u00e2ge et les capacit\u00e9s cognitives.<\/li>\n\n\n\n<li>\ud83e\udde9 Associer le sch\u00e9ma \u00e0 un questionnaire simple ou \u00e0 des cartes m\u00e9taphoriques pour renforcer la compr\u00e9hension.<\/li>\n\n\n\n<li>\ud83c\udf3f Utiliser des m\u00e9taphores en lien avec la culture et les exp\u00e9riences du jeune\/famille.<\/li>\n\n\n\n<li>\ud83d\udd17 Compl\u00e9ter par d\u2019autres outils API-Lux : \u00ab La roue des \u00e9motions \u00bb, \u00ab Le jeu des r\u00f4les en famille \u00bb.<\/li>\n<\/ul>\n<\/div>\n<\/div>\n\n\n\n<p>Des outils \u00e0 nous partager ? <a href=\"https:\/\/api-lux.be\/index.php\/contact\/\">Cliquez ici<\/a><\/p>\n","protected":false},"excerpt":{"rendered":"<p>\ud83e\uddd1\u200d\u2695\ufe0f Outil professionnel d\u2019accompagnement sp\u00e9cialis\u00e9\u00a0&#8211; Outil visuel et symbolique pour rendre tangibles les dynamiques complexes d\u2019un syst\u00e8me et soutenir le changement.<\/p>\n","protected":false},"author":2,"featured_media":0,"comment_status":"closed","ping_status":"closed","sticky":false,"template":"","format":"standard","meta":{"iawp_total_views":6,"footnotes":""},"categories":[4,22,23,46,47],"tags":[],"class_list":["post-7047","post","type-post","status-publish","format-standard","hentry","category-besoins","category-besoins-cognitifs","category-communication","category-fiches-outils","category-fiches-outils-pour-les-professionnels"],"_links":{"self":[{"href":"https:\/\/api-lux.be\/index.php\/wp-json\/wp\/v2\/posts\/7047","targetHints":{"allow":["GET"]}}],"collection":[{"href":"https:\/\/api-lux.be\/index.php\/wp-json\/wp\/v2\/posts"}],"about":[{"href":"https:\/\/api-lux.be\/index.php\/wp-json\/wp\/v2\/types\/post"}],"author":[{"embeddable":true,"href":"https:\/\/api-lux.be\/index.php\/wp-json\/wp\/v2\/users\/2"}],"replies":[{"embeddable":true,"href":"https:\/\/api-lux.be\/index.php\/wp-json\/wp\/v2\/comments?post=7047"}],"version-history":[{"count":1,"href":"https:\/\/api-lux.be\/index.php\/wp-json\/wp\/v2\/posts\/7047\/revisions"}],"predecessor-version":[{"id":7049,"href":"https:\/\/api-lux.be\/index.php\/wp-json\/wp\/v2\/posts\/7047\/revisions\/7049"}],"wp:attachment":[{"href":"https:\/\/api-lux.be\/index.php\/wp-json\/wp\/v2\/media?parent=7047"}],"wp:term":[{"taxonomy":"category","embeddable":true,"href":"https:\/\/api-lux.be\/index.php\/wp-json\/wp\/v2\/categories?post=7047"},{"taxonomy":"post_tag","embeddable":true,"href":"https:\/\/api-lux.be\/index.php\/wp-json\/wp\/v2\/tags?post=7047"}],"curies":[{"name":"wp","href":"https:\/\/api.w.org\/{rel}","templated":true}]}}