{"id":7044,"date":"2025-06-04T16:59:01","date_gmt":"2025-06-04T14:59:01","guid":{"rendered":"https:\/\/api-lux.be\/?p=7044"},"modified":"2025-07-01T10:53:23","modified_gmt":"2025-07-01T08:53:23","slug":"psycare-collection-de-videos-pedagogiques-sur-la-sante-mentale","status":"publish","type":"post","link":"https:\/\/api-lux.be\/index.php\/2025\/06\/04\/psycare-collection-de-videos-pedagogiques-sur-la-sante-mentale\/","title":{"rendered":"Psycare \u2013 Collection de vid\u00e9os p\u00e9dagogiques sur la sant\u00e9 mentale"},"content":{"rendered":"\n<div class=\"wp-block-columns is-layout-flex wp-container-core-columns-is-layout-9d6595d7 wp-block-columns-is-layout-flex\">\n<div class=\"wp-block-column is-layout-flow wp-block-column-is-layout-flow\"><div class=\"wp-block-image\">\n<figure class=\"aligncenter size-full is-resized\"><img loading=\"lazy\" decoding=\"async\" width=\"300\" height=\"168\" src=\"https:\/\/api-lux.be\/wp-content\/uploads\/2025\/06\/download-2.jpeg\" alt=\"\" class=\"wp-image-7045\" style=\"width:373px;height:auto\"\/><\/figure>\n<\/div><\/div>\n\n\n\n<div class=\"wp-block-column is-layout-flow wp-block-column-is-layout-flow\">\n<p>Vid\u00e9o anim\u00e9e pour comprendre les id\u00e9es d\u00e9lirantes de mani\u00e8re simple et accessible.<\/p>\n\n\n\n<!--more-->\n\n\n\n<h2 class=\"wp-block-heading\">Age cible (pour qui)<\/h2>\n\n\n\n<p>Tout public souhaitant mieux comprendre la sant\u00e9 mentale.<\/p>\n<\/div>\n<\/div>\n\n\n\n<h2 class=\"wp-block-heading\">Descriptif de l&rsquo;outil<\/h2>\n\n\n\n<p><strong>Psycare<\/strong> est un projet du <strong>Groupement Hospitalier Universitaire Paris Psychiatrie &amp; Neurosciences (GHU Paris)<\/strong> \ud83c\udfe5, centre de r\u00e9f\u00e9rence en sant\u00e9 mentale, recherche et formation en psychiatrie. <br>La collection propose des vid\u00e9os anim\u00e9es courtes \ud83c\udfa5, claires \u2728 et accessibles \u267f, qui expliquent des troubles psychiatriques tels que les id\u00e9es d\u00e9lirantes \ud83d\udcad, les hallucinations \ud83d\udc41\ufe0f, la d\u00e9pression \ud83c\udf27\ufe0f ou l\u2019anxi\u00e9t\u00e9 \ud83d\ude30.<br>L\u2019objectif est de sensibiliser \ud83d\udca1, d\u2019informer \ud83d\udcda et de r\u00e9duire la stigmatisation \ud83d\udeab autour des maladies mentales.<\/p>\n\n\n\n<p>Le projet <strong>PsyCARE<\/strong> vise aussi \u00e0 am\u00e9liorer l\u2019intervention pr\u00e9coce \ud83d\udea6 en cas de troubles psychiques, en fournissant un nouvel ensemble d\u2019outils faciles \u00e0 diffuser \ud83d\udcf2 afin de :<\/p>\n\n\n\n<ul class=\"wp-block-list\">\n<li>Faciliter l\u2019acc\u00e8s aux soins \ud83c\udfe5<\/li>\n\n\n\n<li>Am\u00e9liorer la d\u00e9tection pr\u00e9coce \ud83d\udd0d<\/li>\n\n\n\n<li>Offrir des programmes th\u00e9rapeutiques personnalis\u00e9s \ud83c\udfaf<\/li>\n<\/ul>\n\n\n\n<p>Ces strat\u00e9gies pr\u00e9coces et personnalis\u00e9es permettront d\u2019adapter les th\u00e9rapies \u00e0 l\u2019individu d\u00e8s les premiers stades du trouble \ud83c\udf31.<\/p>\n\n\n\n<p>\ud83e\udde9 Ces vid\u00e9os sont parfaites pour des s\u00e9ances \u00e9ducatives ou th\u00e9rapeutiques, avec un temps d\u2019\u00e9change \ud83d\udcac ensuite pour r\u00e9pondre aux questions. Elles peuvent aussi s\u2019int\u00e9grer dans un parcours multimodal (brochures \ud83d\udcc4, t\u00e9moignages \ud83d\udde3\ufe0f, jeux p\u00e9dagogiques \ud83c\udfb2). Pour renforcer la compr\u00e9hension, un petit questionnaire \u2753 peut \u00eatre propos\u00e9 en compl\u00e9ment.<\/p>\n\n\n\n<p>\u26a0\ufe0f <strong>\u00c0 noter<\/strong><br>Ces vid\u00e9os ne remplacent pas un suivi m\u00e9dical ou th\u00e9rapeutique, mais constituent un outil p\u00e9dagogique pr\u00e9cieux pour favoriser la compr\u00e9hension et le dialogue autour des troubles psychiques.<\/p>\n\n\n\n<p>\ud83c\udfa5 <strong>Quelques vid\u00e9os phares et leurs objectifs<\/strong><\/p>\n\n\n\n<ul class=\"wp-block-list\">\n<li>\ud83d\udcad<a href=\"https:\/\/youtu.be\/AfkdTQp4hS8\" target=\"_blank\" rel=\"noreferrer noopener\"> <em>Les id\u00e9es d\u00e9lirantes<\/em><\/a> (2 min) : explique ce qu\u2019elles sont, leur perception et l\u2019importance de les reconna\u00eetre.<\/li>\n\n\n\n<li>\ud83d\udc41\ufe0f <em><a href=\"https:\/\/www.youtube.com\/watch?v=8UYYWfUlUEg\" target=\"_blank\" rel=\"noreferrer noopener\">Les hallucinations<\/a><\/em> (~2 min) : sensibilise sur leur nature et impact.<\/li>\n\n\n\n<li>\ud83c\udf27\ufe0f <a href=\"https:\/\/www.youtube.com\/watch?v=Nn8zyaJ73vg\" target=\"_blank\" rel=\"noreferrer noopener\"><em>L<\/em>es symptomes n\u00e9gatifs <\/a>(~2 min) : d\u00e9taille signes et cons\u00e9quences.<\/li>\n\n\n\n<li>\ud83d\ude30 <a href=\"https:\/\/www.youtube.com\/watch?v=Eb8poDjuqQU\" target=\"_blank\" rel=\"noreferrer noopener\"><em>Le<\/em> stress <\/a>(~2 min) : expose manifestations et effets.<\/li>\n<\/ul>\n\n\n\n<div class=\"wp-block-columns is-layout-flex wp-container-core-columns-is-layout-9d6595d7 wp-block-columns-is-layout-flex\">\n<div class=\"wp-block-column is-layout-flow wp-block-column-is-layout-flow\">\n<h2 class=\"wp-block-heading\">Objectif(s) d&rsquo;utilisation<\/h2>\n\n\n\n<p>\ud83e\udde0 Expliquer les m\u00e9canismes et sympt\u00f4mes des troubles psychiques<\/p>\n\n\n\n<p>\u2764\ufe0f Favoriser l\u2019empathie et combattre les pr\u00e9jug\u00e9s<\/p>\n\n\n\n<p>\ud83d\udc69\u200d\u2695\ufe0f Soutenir les professionnels dans leur formation et accompagnement<\/p>\n\n\n\n<p>\ud83d\udc68\u200d\ud83d\udc69\u200d\ud83d\udc67 Aider jeunes et familles \u00e0 mieux comprendre et nommer ces exp\u00e9riences<\/p>\n<\/div>\n\n\n\n<div class=\"wp-block-column is-layout-flow wp-block-column-is-layout-flow\">\n<h2 class=\"wp-block-heading\">Liens utiles<\/h2>\n\n\n\n<p>\ud83c\udf0d <strong>Site officiel GHU Paris<\/strong> (psychiatrie &amp; neurosciences) : <a href=\"https:\/\/www.ghu-paris.fr\" target=\"_blank\" rel=\"noreferrer noopener\">https:\/\/www.ghu-paris.fr<\/a><\/p>\n\n\n\n<p>\ud83c\udf0d <strong>Site officie<\/strong>l <a href=\"https:\/\/psy-care.fr\" target=\"_blank\" rel=\"noreferrer noopener\">Psy-care <\/a><\/p>\n<\/div>\n<\/div>\n\n\n\n<div class=\"wp-block-columns is-layout-flex wp-container-core-columns-is-layout-9d6595d7 wp-block-columns-is-layout-flex\">\n<div class=\"wp-block-column is-layout-flow wp-block-column-is-layout-flow\"><\/div>\n\n\n\n<div class=\"wp-block-column is-layout-flow wp-block-column-is-layout-flow\"><\/div>\n<\/div>\n\n\n\n<p>Des outils \u00e0 nous partager ? <a href=\"https:\/\/api-lux.be\/index.php\/contact\/\">Cliquez ici<\/a><\/p>\n\n\n\n<p><\/p>\n","protected":false},"excerpt":{"rendered":"<p>Vid\u00e9o anim\u00e9e pour comprendre les id\u00e9es d\u00e9lirantes de mani\u00e8re simple et accessible.<\/p>\n","protected":false},"author":2,"featured_media":0,"comment_status":"closed","ping_status":"closed","sticky":false,"template":"","format":"standard","meta":{"iawp_total_views":15,"footnotes":""},"categories":[4,5,47,6,7],"tags":[],"class_list":["post-7044","post","type-post","status-publish","format-standard","hentry","category-besoins","category-besoins-physiologiques","category-fiches-outils-pour-les-professionnels","category-sante-alimentation-sommeil-hygiene","category-soin-pistes-et-outils-professionnels"],"_links":{"self":[{"href":"https:\/\/api-lux.be\/index.php\/wp-json\/wp\/v2\/posts\/7044","targetHints":{"allow":["GET"]}}],"collection":[{"href":"https:\/\/api-lux.be\/index.php\/wp-json\/wp\/v2\/posts"}],"about":[{"href":"https:\/\/api-lux.be\/index.php\/wp-json\/wp\/v2\/types\/post"}],"author":[{"embeddable":true,"href":"https:\/\/api-lux.be\/index.php\/wp-json\/wp\/v2\/users\/2"}],"replies":[{"embeddable":true,"href":"https:\/\/api-lux.be\/index.php\/wp-json\/wp\/v2\/comments?post=7044"}],"version-history":[{"count":2,"href":"https:\/\/api-lux.be\/index.php\/wp-json\/wp\/v2\/posts\/7044\/revisions"}],"predecessor-version":[{"id":7582,"href":"https:\/\/api-lux.be\/index.php\/wp-json\/wp\/v2\/posts\/7044\/revisions\/7582"}],"wp:attachment":[{"href":"https:\/\/api-lux.be\/index.php\/wp-json\/wp\/v2\/media?parent=7044"}],"wp:term":[{"taxonomy":"category","embeddable":true,"href":"https:\/\/api-lux.be\/index.php\/wp-json\/wp\/v2\/categories?post=7044"},{"taxonomy":"post_tag","embeddable":true,"href":"https:\/\/api-lux.be\/index.php\/wp-json\/wp\/v2\/tags?post=7044"}],"curies":[{"name":"wp","href":"https:\/\/api.w.org\/{rel}","templated":true}]}}