{"id":704,"date":"2025-03-13T09:36:55","date_gmt":"2025-03-13T08:36:55","guid":{"rendered":"http:\/\/localhost\/mdi_w\/?p=704"},"modified":"2025-04-22T15:41:48","modified_gmt":"2025-04-22T13:41:48","slug":"espace-de-concertation","status":"publish","type":"post","link":"https:\/\/api-lux.be\/index.php\/2025\/03\/13\/espace-de-concertation\/","title":{"rendered":"Conseil des usagers et espace de concertation"},"content":{"rendered":"\n<div class=\"wp-block-columns is-layout-flex wp-container-core-columns-is-layout-9d6595d7 wp-block-columns-is-layout-flex\">\n<div class=\"wp-block-column is-layout-flow wp-block-column-is-layout-flow\">\n<figure class=\"wp-block-image size-full\"><img decoding=\"async\" src=\"https:\/\/api-lux.be\/wp-content\/uploads\/2025\/02\/reunion_jeune.jpg\" alt=\" \" class=\"wp-image-202\"\/><\/figure>\n<\/div>\n\n\n\n<div class=\"wp-block-column is-layout-flow wp-block-column-is-layout-flow\">\n<p>\ud83c\udfdb\ufe0f <strong>Accueil et structuration institutionnelle<\/strong> &#8211; Les r\u00e9unions ou conseils d\u2019usagers permettent aux jeunes de contribuer activement \u00e0 la vie de leur environnement.<\/p>\n\n\n\n<!--more-->\n\n\n\n<h2 class=\"wp-block-heading\">\u00c2ge cible<\/h2>\n\n\n\n<p>\u00c0 partir de 5 ans.<\/p>\n<\/div>\n<\/div>\n\n\n\n<h2 class=\"wp-block-heading\">Descriptif de l&rsquo;outil<\/h2>\n\n\n\n<p>\ud83d\udde3\ufe0f <strong>Les r\u00e9unions ou conseils d\u2019usagers<\/strong> permettent aux jeunes de participer activement \u00e0 l&rsquo;organisation de leur quotidien et \u00e0 la gestion de leur environnement (\u00e9cole, centre de loisirs, maison d&rsquo;accueil). Ces rencontres offrent un espace d&rsquo;expression o\u00f9 chacun peut proposer des id\u00e9es, discuter des <strong>difficult\u00e9s<\/strong> rencontr\u00e9es et participer \u00e0 la <strong>prise de d\u00e9cision collective<\/strong>.<\/p>\n\n\n\n<p>\ud83d\udcac <strong>Concr\u00e8tement<\/strong>, le conseil des usagers se pr\u00e9sente souvent sous forme d&rsquo;une assembl\u00e9e o\u00f9 chaque jeune, selon son \u00e2ge et ses capacit\u00e9s, peut s&rsquo;exprimer librement. Des <strong>r\u00f4les sp\u00e9cifiques<\/strong> (pr\u00e9sident, secr\u00e9taire, mod\u00e9rateur) peuvent \u00eatre attribu\u00e9s pour structurer les \u00e9changes.<\/p>\n\n\n\n<p>\ud83c\udfaf <strong>Concr\u00e8tement (exemples)<\/strong> :<\/p>\n\n\n\n<ul class=\"wp-block-list\">\n<li>\ud83d\uddf3\ufe0f <strong>Syst\u00e8me de vote<\/strong> : Organiser des votes \u00e0 main lev\u00e9e ou avec des cartons de couleur pour <strong>valider des d\u00e9cisions collectives<\/strong> (choix d\u2019activit\u00e9s, organisation des espaces).<\/li>\n\n\n\n<li>\ud83c\udfad <strong>Jeux de r\u00f4le<\/strong> : Attribuer des r\u00f4les lors des r\u00e9unions (<strong>pr\u00e9sident, secr\u00e9taire, mod\u00e9rateur<\/strong>) pour responsabiliser les participants.<\/li>\n\n\n\n<li>\ud83c\udfa4 <strong>Utilisation d&rsquo;un \u00ab\u00a0b\u00e2ton de parole\u00a0\u00bb<\/strong> : Favoriser l&rsquo;expression de chacun en distribuant la parole de mani\u00e8re <strong>\u00e9quitable<\/strong>.<\/li>\n\n\n\n<li>\ud83c\udfa8 <strong>Ateliers pr\u00e9paratoires<\/strong> : Proposer des activit\u00e9s pour aider les jeunes \u00e0 formuler leurs id\u00e9es, notamment par des jeux ou des mises en situation.<\/li>\n<\/ul>\n\n\n\n<p>\u26a0\ufe0f <strong>Points d&rsquo;attention<\/strong> :<\/p>\n\n\n\n<ul class=\"wp-block-list\">\n<li>\ud83e\udd1d <strong>Veiller \u00e0 l&rsquo;inclusion de tous<\/strong> : S\u2019assurer que chaque jeune, m\u00eame les plus timides, ait l\u2019opportunit\u00e9 de s\u2019exprimer.<\/li>\n\n\n\n<li>\ud83d\udc76 <strong>Adapter le format selon l&rsquo;\u00e2ge<\/strong> : Utiliser des supports <strong>visuels<\/strong> ou ludiques avec les plus jeunes pour faciliter la compr\u00e9hension.<\/li>\n\n\n\n<li>\ud83d\udcac <strong>Encadrer le d\u00e9bat<\/strong> : Proposer un <strong>cadre bienveillant<\/strong> et s\u00e9curis\u00e9 pour \u00e9viter les jugements ou moqueries.<\/li>\n\n\n\n<li>\u23f1\ufe0f <strong>Limiter la dur\u00e9e des r\u00e9unions<\/strong> : Adapter la longueur des s\u00e9ances pour maintenir l&rsquo;attention et l&rsquo;int\u00e9r\u00eat des participants.<\/li>\n<\/ul>\n\n\n\n<div class=\"wp-block-columns is-layout-flex wp-container-core-columns-is-layout-9d6595d7 wp-block-columns-is-layout-flex\">\n<div class=\"wp-block-column is-layout-flow wp-block-column-is-layout-flow\">\n<h2 class=\"wp-block-heading\">Objectif(s) d&rsquo;utilisation<\/h2>\n\n\n\n<p>\ud83d\udcaa <strong>Renforcer l&rsquo;autonomie<\/strong> : Donner aux jeunes la possibilit\u00e9 de participer aux <strong>d\u00e9cisions<\/strong> qui les concernent.<\/p>\n\n\n\n<p>\ud83d\udc65 <strong>Encourager la responsabilit\u00e9 collective<\/strong> : Favoriser l&rsquo;implication de chacun dans la vie du groupe.<\/p>\n\n\n\n<p>\ud83d\udde3\ufe0f <strong>D\u00e9velopper les comp\u00e9tences sociales<\/strong> : Travailler sur l&rsquo;\u00e9coute active, l&rsquo;expression d&rsquo;opinions et la r\u00e9solution pacifique des conflits.<\/p>\n\n\n\n<p>\ud83c\udfe1 <strong>Am\u00e9liorer la vie en collectivit\u00e9<\/strong> : Permettre aux jeunes de <strong>co-construire<\/strong> leur environnement pour un meilleur <strong>bien-\u00eatre<\/strong> au quotidien.<\/p>\n\n\n\n<p>\ud83e\udd1d <strong>Impliquer les jeunes dans leur projet d\u2019accueil<\/strong>, renforcer leur sentiment d&rsquo;appartenance \u00e0 un collectif et les rendre acteur.<\/p>\n<\/div>\n\n\n\n<div class=\"wp-block-column is-layout-flow wp-block-column-is-layout-flow\">\n<h2 class=\"wp-block-heading\">Variantes &#8211; am\u00e9nagement<\/h2>\n\n\n\n<ul class=\"wp-block-list\">\n<li>\ud83e\uddd1\u200d\ud83e\udd1d\u200d\ud83e\uddd1 <strong>R\u00e9union en petits groupes<\/strong> : Permettre aux jeunes de s&rsquo;exprimer plus librement dans un cadre r\u00e9duit avant de partager leurs id\u00e9es en <strong>pl\u00e9ni\u00e8re<\/strong>.<br><\/li>\n\n\n\n<li>\ud83c\udfa8 <strong>Utilisation de supports cr\u00e9atifs<\/strong> : Demander aux jeunes de pr\u00e9parer des affiches, des dessins ou des petites mises en sc\u00e8nes pour <strong>pr\u00e9senter<\/strong> leurs id\u00e9es.<br><\/li>\n\n\n\n<li>\ud83d\udcdd <strong>S\u00e9ances de retour d\u2019exp\u00e9rience<\/strong> : Organiser un moment apr\u00e8s chaque r\u00e9union pour <strong>\u00e9valuer<\/strong> ensemble si les d\u00e9cisions prises ont eu un impact positif.<br><\/li>\n\n\n\n<li>\ud83d\udde3\ufe0f <strong>Conseil des d\u00e9l\u00e9gu\u00e9s<\/strong> : Nommer des repr\u00e9sentants des jeunes pour faciliter la <strong>communication<\/strong> entre le groupe et les adultes encadrants.<\/li>\n<\/ul>\n<\/div>\n<\/div>\n\n\n\n<p>Des outils \u00e0 nous partager ?&nbsp;<a href=\"https:\/\/api-lux.be\/index.php\/contact\/\">Cliquez ici<\/a><\/p>\n","protected":false},"excerpt":{"rendered":"<p>\ud83c\udfdb\ufe0f Accueil et structuration institutionnelle &#8211; Les r\u00e9unions ou conseils d\u2019usagers permettent aux jeunes de contribuer activement \u00e0 la vie de leur environnement.<\/p>\n","protected":false},"author":2,"featured_media":0,"comment_status":"closed","ping_status":"closed","sticky":false,"template":"","format":"standard","meta":{"iawp_total_views":6,"footnotes":""},"categories":[28,4,27,14,18,9,13,15,46,47,1,21],"tags":[],"class_list":["post-704","post","type-post","status-publish","format-standard","hentry","category-autonomie-et-responsabilisation","category-besoins","category-besoins-daccomplissement","category-besoins-dappartenance","category-besoins-destime","category-besoins-de-securite","category-coherence","category-famille-et-milieu-de-vie","category-fiches-outils","category-fiches-outils-pour-les-professionnels","category-non-classe","category-valorisation-confiance"],"_links":{"self":[{"href":"https:\/\/api-lux.be\/index.php\/wp-json\/wp\/v2\/posts\/704","targetHints":{"allow":["GET"]}}],"collection":[{"href":"https:\/\/api-lux.be\/index.php\/wp-json\/wp\/v2\/posts"}],"about":[{"href":"https:\/\/api-lux.be\/index.php\/wp-json\/wp\/v2\/types\/post"}],"author":[{"embeddable":true,"href":"https:\/\/api-lux.be\/index.php\/wp-json\/wp\/v2\/users\/2"}],"replies":[{"embeddable":true,"href":"https:\/\/api-lux.be\/index.php\/wp-json\/wp\/v2\/comments?post=704"}],"version-history":[{"count":7,"href":"https:\/\/api-lux.be\/index.php\/wp-json\/wp\/v2\/posts\/704\/revisions"}],"predecessor-version":[{"id":5464,"href":"https:\/\/api-lux.be\/index.php\/wp-json\/wp\/v2\/posts\/704\/revisions\/5464"}],"wp:attachment":[{"href":"https:\/\/api-lux.be\/index.php\/wp-json\/wp\/v2\/media?parent=704"}],"wp:term":[{"taxonomy":"category","embeddable":true,"href":"https:\/\/api-lux.be\/index.php\/wp-json\/wp\/v2\/categories?post=704"},{"taxonomy":"post_tag","embeddable":true,"href":"https:\/\/api-lux.be\/index.php\/wp-json\/wp\/v2\/tags?post=704"}],"curies":[{"name":"wp","href":"https:\/\/api.w.org\/{rel}","templated":true}]}}