{"id":7035,"date":"2025-06-04T16:27:50","date_gmt":"2025-06-04T14:27:50","guid":{"rendered":"https:\/\/api-lux.be\/?p=7035"},"modified":"2025-07-01T10:53:40","modified_gmt":"2025-07-01T08:53:40","slug":"site-double-diagnostic-be","status":"publish","type":"post","link":"https:\/\/api-lux.be\/index.php\/2025\/06\/04\/site-double-diagnostic-be\/","title":{"rendered":"Site &#8211; Double Diagnostic.be"},"content":{"rendered":"\n<div class=\"wp-block-columns is-layout-flex wp-container-core-columns-is-layout-9d6595d7 wp-block-columns-is-layout-flex\">\n<div class=\"wp-block-column is-layout-flow wp-block-column-is-layout-flow\"><div class=\"wp-block-image\">\n<figure class=\"aligncenter size-full is-resized\"><img loading=\"lazy\" decoding=\"async\" width=\"300\" height=\"200\" src=\"https:\/\/api-lux.be\/wp-content\/uploads\/2025\/06\/alison_courseware_intro_5152.jpg\" alt=\"\" class=\"wp-image-7036\" style=\"width:395px;height:auto\"\/><\/figure>\n<\/div><\/div>\n\n\n\n<div class=\"wp-block-column is-layout-flow wp-block-column-is-layout-flow\">\n<p>\ud83c\udfe2 <strong>Ressources vari\u00e9es<\/strong> &#8211; Plateforme d&rsquo;information et de ressources d\u00e9di\u00e9e \u00e0 l&rsquo;accompagnement des personnes pr\u00e9sentant \u00e0 la fois une d\u00e9ficience intellectuelle et des troubles de sant\u00e9 mentale.<\/p>\n\n\n\n<!--more-->\n\n\n\n<h2 class=\"wp-block-heading\">Age cible (pour qui)<\/h2>\n\n\n\n<p>Adolescents et adultes (\u00e0 partir de 12 ans), selon les ressources consult\u00e9es.<\/p>\n<\/div>\n<\/div>\n\n\n\n<h2 class=\"wp-block-heading\">Descriptif de l&rsquo;outil<\/h2>\n\n\n\n<p>\u270f\ufe0f Le site <strong>Double Diagnostic<\/strong> est une plateforme belge francophone consacr\u00e9e aux situations de double diagnostic, c&rsquo;est-\u00e0-dire les personnes pr\u00e9sentant simultan\u00e9ment une d\u00e9ficience intellectuelle et des troubles psychiques.<\/p>\n\n\n\n<p>\ud83e\udde0 La plateforme propose :<\/p>\n\n\n\n<ul class=\"wp-block-list\">\n<li>Des actualit\u00e9s et formations sur le double diagnostic.<\/li>\n\n\n\n<li>Des r\u00e9f\u00e9rences bibliographiques sp\u00e9cialis\u00e9es.<\/li>\n\n\n\n<li>Un r\u00e9pertoire des services sp\u00e9cialis\u00e9s en Wallonie et \u00e0 Bruxelles, tels que l&rsquo;accompagnement \u00e0 domicile, l&rsquo;accueil de jour, les consultations ambulatoires, les \u00e9quipes mobiles d&rsquo;intervention, les h\u00e9bergements, et les hospitalisations en psychiatrie.<\/li>\n<\/ul>\n\n\n\n<p>\u2757 <strong>Points d\u2019attention<\/strong> :<\/p>\n\n\n\n<ul class=\"wp-block-list\">\n<li>Le site est principalement destin\u00e9 aux professionnels de la sant\u00e9 mentale, du handicap et du secteur social et \u00e9ducatif, ainsi qu&rsquo;aux familles et aidants.<\/li>\n\n\n\n<li>Les contenus sont adapt\u00e9s \u00e0 la Belgique francophone, mais peuvent \u00eatre utiles dans un cadre francophone plus large.<\/li>\n<\/ul>\n\n\n\n<div class=\"wp-block-columns is-layout-flex wp-container-core-columns-is-layout-9d6595d7 wp-block-columns-is-layout-flex\">\n<div class=\"wp-block-column is-layout-flow wp-block-column-is-layout-flow\">\n<h2 class=\"wp-block-heading\">Objectif(s) d&rsquo;utilisation<\/h2>\n\n\n\n<p>\ud83e\udded Clarifier la notion de double diagnostic et aider \u00e0 mieux comprendre les situations complexes.<\/p>\n\n\n\n<p>\ud83d\udcda Acc\u00e9der \u00e0 des ressources p\u00e9dagogiques et cliniques fiables pour ajuster les pratiques d\u2019accompagnement.<\/p>\n\n\n\n<p>\ud83e\uddd1\u200d\ud83e\udd1d\u200d\ud83e\uddd1 Favoriser l\u2019inclusion et le respect des besoins sp\u00e9cifiques des personnes en situation de double diagnostic.<\/p>\n\n\n\n<p>\ud83c\udf93 Soutenir la formation continue des \u00e9quipes \u00e9ducatives, sociales et param\u00e9dicales.<\/p>\n<\/div>\n\n\n\n<div class=\"wp-block-column is-layout-flow wp-block-column-is-layout-flow\">\n<h2 class=\"wp-block-heading\">Liens utiles<\/h2>\n\n\n\n<p>\ud83c\udf0d SITE OFFICIEL : <a href=\"https:\/\/www.doublediagnostic.be\" target=\"_blank\" rel=\"noreferrer noopener\">Double Diagnostic<\/a><\/p>\n\n\n\n<p>\ud83d\udcc4 BROCHURE: <a href=\"https:\/\/www.inclusion-asbl.be\/wp-content\/uploads\/2023\/05\/Inclusion-Magazine-22-Derriere-le-double-diagnostic-1.pdf\" target=\"_blank\" rel=\"noreferrer noopener\">Inclusion magazine: derri\u00e8re le double diagnostique<\/a>&#8211; version FALC &#8211; publi\u00e9 par Inclusion ASBL (consult\u00e9 en juin 2025)<\/p>\n<\/div>\n<\/div>\n\n\n\n<div class=\"wp-block-columns is-layout-flex wp-container-core-columns-is-layout-9d6595d7 wp-block-columns-is-layout-flex\">\n<div class=\"wp-block-column is-layout-flow wp-block-column-is-layout-flow\"><\/div>\n\n\n\n<div class=\"wp-block-column is-layout-flow wp-block-column-is-layout-flow\"><\/div>\n<\/div>\n\n\n\n<p>Des outils \u00e0 nous partager ? <a href=\"https:\/\/api-lux.be\/index.php\/contact\/\">Cliquez ici<\/a><\/p>\n","protected":false},"excerpt":{"rendered":"<p>\ud83c\udfe2 Ressources vari\u00e9es &#8211; Plateforme d&rsquo;information et de ressources d\u00e9di\u00e9e \u00e0 l&rsquo;accompagnement des personnes pr\u00e9sentant \u00e0 la fois une d\u00e9ficience intellectuelle et des troubles de sant\u00e9 mentale.<\/p>\n","protected":false},"author":2,"featured_media":0,"comment_status":"closed","ping_status":"closed","sticky":false,"template":"","format":"standard","meta":{"iawp_total_views":1,"footnotes":""},"categories":[4,46,48,47,7],"tags":[],"class_list":["post-7035","post","type-post","status-publish","format-standard","hentry","category-besoins","category-fiches-outils","category-fiches-outils-pour-les-aidants-proches","category-fiches-outils-pour-les-professionnels","category-soin-pistes-et-outils-professionnels"],"_links":{"self":[{"href":"https:\/\/api-lux.be\/index.php\/wp-json\/wp\/v2\/posts\/7035","targetHints":{"allow":["GET"]}}],"collection":[{"href":"https:\/\/api-lux.be\/index.php\/wp-json\/wp\/v2\/posts"}],"about":[{"href":"https:\/\/api-lux.be\/index.php\/wp-json\/wp\/v2\/types\/post"}],"author":[{"embeddable":true,"href":"https:\/\/api-lux.be\/index.php\/wp-json\/wp\/v2\/users\/2"}],"replies":[{"embeddable":true,"href":"https:\/\/api-lux.be\/index.php\/wp-json\/wp\/v2\/comments?post=7035"}],"version-history":[{"count":2,"href":"https:\/\/api-lux.be\/index.php\/wp-json\/wp\/v2\/posts\/7035\/revisions"}],"predecessor-version":[{"id":7583,"href":"https:\/\/api-lux.be\/index.php\/wp-json\/wp\/v2\/posts\/7035\/revisions\/7583"}],"wp:attachment":[{"href":"https:\/\/api-lux.be\/index.php\/wp-json\/wp\/v2\/media?parent=7035"}],"wp:term":[{"taxonomy":"category","embeddable":true,"href":"https:\/\/api-lux.be\/index.php\/wp-json\/wp\/v2\/categories?post=7035"},{"taxonomy":"post_tag","embeddable":true,"href":"https:\/\/api-lux.be\/index.php\/wp-json\/wp\/v2\/tags?post=7035"}],"curies":[{"name":"wp","href":"https:\/\/api.w.org\/{rel}","templated":true}]}}