{"id":7031,"date":"2025-06-04T16:06:38","date_gmt":"2025-06-04T14:06:38","guid":{"rendered":"https:\/\/api-lux.be\/?p=7031"},"modified":"2025-06-04T16:28:15","modified_gmt":"2025-06-04T14:28:15","slug":"construire-du-feed-back-regulier-et-ritualise","status":"publish","type":"post","link":"https:\/\/api-lux.be\/index.php\/2025\/06\/04\/construire-du-feed-back-regulier-et-ritualise\/","title":{"rendered":"Construire du Feed-back r\u00e9gulier et ritualis\u00e9"},"content":{"rendered":"\n<div class=\"wp-block-columns is-layout-flex wp-container-core-columns-is-layout-9d6595d7 wp-block-columns-is-layout-flex\">\n<div class=\"wp-block-column is-layout-flow wp-block-column-is-layout-flow\">\n<figure class=\"wp-block-image size-full\"><img loading=\"lazy\" decoding=\"async\" width=\"800\" height=\"801\" src=\"https:\/\/api-lux.be\/wp-content\/uploads\/2025\/06\/1670313352166.jpeg\" alt=\"\" class=\"wp-image-7032\" srcset=\"https:\/\/api-lux.be\/wp-content\/uploads\/2025\/06\/1670313352166.jpeg 800w, https:\/\/api-lux.be\/wp-content\/uploads\/2025\/06\/1670313352166-300x300.jpeg 300w, https:\/\/api-lux.be\/wp-content\/uploads\/2025\/06\/1670313352166-150x150.jpeg 150w, https:\/\/api-lux.be\/wp-content\/uploads\/2025\/06\/1670313352166-768x769.jpeg 768w\" sizes=\"auto, (max-width: 800px) 100vw, 800px\" \/><\/figure>\n<\/div>\n\n\n\n<div class=\"wp-block-column is-layout-flow wp-block-column-is-layout-flow\">\n<p>\ud83e\udd1d\ufe0f <strong>Soutenir et mobiliser: trucs et astuces<\/strong>&#8211; Instaurer des temps d\u2019\u00e9change r\u00e9guliers et construits avec les jeunes, afin de valoriser leurs ressources, identifier leurs freins et construire ensemble des strat\u00e9gies d\u2019ajustement.<\/p>\n\n\n\n<!--more-->\n\n\n\n<h2 class=\"wp-block-heading\">Age cible (pour qui)<\/h2>\n\n\n\n<p>Tout \u00e2ge selon adaptation<\/p>\n<\/div>\n<\/div>\n\n\n\n<h2 class=\"wp-block-heading\">Descriptif de l&rsquo;outil<\/h2>\n\n\n\n<p>\u270f\ufe0f Le feed-back r\u00e9gulier et ritualis\u00e9 est un temps structur\u00e9 o\u00f9 l\u2019adulte (\u00e9ducateur\u00b7trice, enseignant\u00b7e, th\u00e9rapeute\u2026) renvoie au jeune une observation bienveillante et objective de ses attitudes, comportements et efforts. Cette pratique permet au jeune de <strong>prendre conscience de ses ressources et de ses freins<\/strong>, dans le but de mieux se situer, comprendre les attentes et s\u2019ajuster.<\/p>\n\n\n\n<p>\ud83e\udde0 Le feed-back s\u2019articule autour de 4 axes :<\/p>\n\n\n\n<ul class=\"wp-block-list\">\n<li>\ud83d\udd0d <strong>Ce que j\u2019ai observ\u00e9<\/strong> &#8211; <strong>l&rsquo;\u00e9quipe<\/strong> (comportement, attitude, effort)<\/li>\n\n\n\n<li>\ud83c\udf31 <strong>Ce qui est positif en ce moment \/ \u00e0 valoriser<\/strong> \/ <strong>\u00e0 renforcer et cultiver<\/strong><\/li>\n\n\n\n<li>\ud83d\udd04 <strong>Ce qui est \u00e0 am\u00e9liorer<\/strong><\/li>\n\n\n\n<li>\ud83d\udee0\ufe0f <strong>Quelles solutions ou strat\u00e9gies peut-on mettre en place ensemble ?<\/strong> <\/li>\n<\/ul>\n\n\n\n<p>\u2757 <strong>Points d\u2019attention<\/strong> :<\/p>\n\n\n\n<ul class=\"wp-block-list\">\n<li>Le feed-back doit \u00eatre <strong>r\u00e9gulier et ritualis\u00e9<\/strong>, sur des temps fixes et pr\u00e9visibles (par exemple : chaque vendredi apr\u00e8s-midi).<\/li>\n\n\n\n<li>Il s\u2019adresse aussi bien aux moments positifs qu\u2019aux situations d\u00e9licates, afin de <strong>sortir de la culture de sanction ou du recadrage ponctuel<\/strong>.<\/li>\n\n\n\n<li>Il peut \u00eatre accompagn\u00e9 d\u2019<strong>outils de visualisation<\/strong> adapt\u00e9s : carnet de bord, tableau mural, pictogrammes, smileys, graphiques d\u2019\u00e9volution, fiches hebdomadaires\u2026<\/li>\n<\/ul>\n\n\n\n<p><strong>Exemples d\u2019outils possibles<\/strong> :<br>\ud83d\udcd7 <strong>Carnet de progression personnalis\u00e9<\/strong> : le jeune y note ou colle des pictos de ses r\u00e9ussites, points \u00e0 am\u00e9liorer et id\u00e9es de strat\u00e9gies.<br>\ud83d\udcca <strong>Tableau de suivi collectif ou individuel<\/strong> : une colonne \u00ab points forts \u00bb, une colonne \u00ab \u00e0 am\u00e9liorer \u00bb, une colonne \u00ab solutions \u00bb.<br>\ud83d\udcc3 <strong>Fiche hebdomadaire<\/strong> compl\u00e9t\u00e9e avec le jeune, archiv\u00e9e et relue r\u00e9guli\u00e8rement pour mesurer le chemin parcouru<\/p>\n\n\n\n<h2 class=\"wp-block-heading\">Objectifs d\u2019utilisation<\/h2>\n\n\n\n<ul class=\"wp-block-list\">\n<li>\ud83e\udded Permettre au jeune de mieux comprendre ses comportements et leurs impacts.<\/li>\n\n\n\n<li>\ud83c\udf31 Valoriser les ressources et les efforts, m\u00eame minimes.<\/li>\n\n\n\n<li>\ud83d\udd04 Installer une dynamique de progression continue et visible.<\/li>\n\n\n\n<li>\ud83d\udcaa Renforcer la capacit\u00e9 d\u2019autor\u00e9gulation et d\u2019ajustement.<\/li>\n\n\n\n<li>\ud83e\udd1d Favoriser un dialogue ouvert et r\u00e9gulier entre jeune et adulte.<\/li>\n\n\n\n<li>\ud83d\udcc8 Mat\u00e9rialiser les \u00e9volutions pour donner du sens au parcours \u00e9ducatif.<\/li>\n<\/ul>\n\n\n\n<div class=\"wp-block-columns is-layout-flex wp-container-core-columns-is-layout-9d6595d7 wp-block-columns-is-layout-flex\">\n<div class=\"wp-block-column is-layout-flow wp-block-column-is-layout-flow\">\n<h2 class=\"wp-block-heading\">Variantes &#8211; am\u00e9nagement<\/h2>\n\n\n\n<p>\ud83e\udde9 Utiliser des pictogrammes ou smileys pour les enfants non lecteurs.<\/p>\n\n\n\n<p>\ud83d\udd04 Ritualiser le temps de feed-back \u00e0 des moments rassurants et pr\u00e9visibles (par exemple avant le go\u00fbter du vendredi).<\/p>\n\n\n\n<p>\ud83c\udfa8 Impliquer le jeune dans la mise en page de son carnet ou tableau pour renforcer son engagement.<\/p>\n\n\n\n<p>\ud83d\udcf8 Prendre des photos des r\u00e9ussites ou des efforts pour valoriser autrement que par l\u2019\u00e9crit.<\/p>\n\n\n\n<p>\ud83d\udcdd Associer les familles \u00e0 cette dynamique en leur transmettant des bilans r\u00e9guliers.<\/p>\n<\/div>\n<\/div>\n\n\n\n<p>Des outils \u00e0 nous partager ? <a href=\"https:\/\/api-lux.be\/index.php\/contact\/\">Cliquez ici<\/a><\/p>\n","protected":false},"excerpt":{"rendered":"<p>\ud83e\udd1d\ufe0f Soutenir et mobiliser: trucs et astuces&#8211; Instaurer des temps d\u2019\u00e9change r\u00e9guliers et construits avec les jeunes, afin de valoriser leurs ressources, identifier leurs freins et construire ensemble des strat\u00e9gies [&hellip;]<\/p>\n","protected":false},"author":2,"featured_media":0,"comment_status":"closed","ping_status":"closed","sticky":false,"template":"","format":"standard","meta":{"iawp_total_views":1,"footnotes":""},"categories":[4,18,13,46,48,47,19,20,21],"tags":[],"class_list":["post-7031","post","type-post","status-publish","format-standard","hentry","category-besoins","category-besoins-destime","category-coherence","category-fiches-outils","category-fiches-outils-pour-les-aidants-proches","category-fiches-outils-pour-les-professionnels","category-gestion-des-emotions","category-individualisation","category-valorisation-confiance"],"_links":{"self":[{"href":"https:\/\/api-lux.be\/index.php\/wp-json\/wp\/v2\/posts\/7031","targetHints":{"allow":["GET"]}}],"collection":[{"href":"https:\/\/api-lux.be\/index.php\/wp-json\/wp\/v2\/posts"}],"about":[{"href":"https:\/\/api-lux.be\/index.php\/wp-json\/wp\/v2\/types\/post"}],"author":[{"embeddable":true,"href":"https:\/\/api-lux.be\/index.php\/wp-json\/wp\/v2\/users\/2"}],"replies":[{"embeddable":true,"href":"https:\/\/api-lux.be\/index.php\/wp-json\/wp\/v2\/comments?post=7031"}],"version-history":[{"count":2,"href":"https:\/\/api-lux.be\/index.php\/wp-json\/wp\/v2\/posts\/7031\/revisions"}],"predecessor-version":[{"id":7039,"href":"https:\/\/api-lux.be\/index.php\/wp-json\/wp\/v2\/posts\/7031\/revisions\/7039"}],"wp:attachment":[{"href":"https:\/\/api-lux.be\/index.php\/wp-json\/wp\/v2\/media?parent=7031"}],"wp:term":[{"taxonomy":"category","embeddable":true,"href":"https:\/\/api-lux.be\/index.php\/wp-json\/wp\/v2\/categories?post=7031"},{"taxonomy":"post_tag","embeddable":true,"href":"https:\/\/api-lux.be\/index.php\/wp-json\/wp\/v2\/tags?post=7031"}],"curies":[{"name":"wp","href":"https:\/\/api.w.org\/{rel}","templated":true}]}}