{"id":7028,"date":"2025-06-04T15:30:39","date_gmt":"2025-06-04T13:30:39","guid":{"rendered":"https:\/\/api-lux.be\/?p=7028"},"modified":"2025-07-01T10:54:03","modified_gmt":"2025-07-01T08:54:03","slug":"un-fauteuil-pour-tous-festival-de-theatre-inclusif","status":"publish","type":"post","link":"https:\/\/api-lux.be\/index.php\/2025\/06\/04\/un-fauteuil-pour-tous-festival-de-theatre-inclusif\/","title":{"rendered":"Un Fauteuil pour Tous \u2013 Festival de th\u00e9\u00e2tre inclusif"},"content":{"rendered":"\n<div class=\"wp-block-columns is-layout-flex wp-container-core-columns-is-layout-9d6595d7 wp-block-columns-is-layout-flex\">\n<div class=\"wp-block-column is-layout-flow wp-block-column-is-layout-flow\"><div class=\"wp-block-image\">\n<figure class=\"aligncenter size-full is-resized\"><img loading=\"lazy\" decoding=\"async\" width=\"300\" height=\"168\" src=\"https:\/\/api-lux.be\/wp-content\/uploads\/2025\/06\/images.jpeg\" alt=\"\" class=\"wp-image-7029\" style=\"width:343px;height:auto\"\/><\/figure>\n<\/div><\/div>\n\n\n\n<div class=\"wp-block-column is-layout-flow wp-block-column-is-layout-flow\">\n<p>\ud83c\udfa1 <strong>LOISIRS INCLUSIFS<\/strong> &#8211; Festival itin\u00e9rant de th\u00e9\u00e2tre favorisant l&rsquo;inclusion et l&rsquo;accessibilit\u00e9 culturelle pour tous les publics, y compris les personnes en situation de handicap.<\/p>\n\n\n\n<!--more-->\n\n\n\n<h2 class=\"wp-block-heading\">Age cible (pour qui)<\/h2>\n\n\n\n<p>\ud83d\udc65 Tout public \u2013 enfants, adolescents et adultes, selon les spectacles propos\u00e9s.<\/p>\n<\/div>\n<\/div>\n\n\n\n<h2 class=\"wp-block-heading\">Descriptif de l&rsquo;outil<\/h2>\n\n\n\n<p>\u270f\ufe0f <strong>Un Fauteuil pour Tous<\/strong> est une initiative des <strong>Festivals de Wallonie<\/strong>, visant \u00e0 rendre le th\u00e9\u00e2tre accessible \u00e0 tous. En province du Luxembourg, le festival propose des spectacles adapt\u00e9s aux besoins sp\u00e9cifiques des spectateurs, avec des repr\u00e9sentations dans diff\u00e9rentes communes.<\/p>\n\n\n\n<p>\ud83e\udde0 <strong>Exemples d&rsquo;adaptations propos\u00e9es<\/strong> :<\/p>\n\n\n\n<ul class=\"wp-block-list\">\n<li>\ud83c\udfa7 Audiodescription pour les personnes malvoyantes.<\/li>\n\n\n\n<li>\ud83e\uddcf Interpr\u00e9tation en langue des signes francophone belge (LSFB).<\/li>\n\n\n\n<li>\ud83d\udcd6 Supports en Facile \u00e0 Lire et \u00e0 Comprendre (FALC).<\/li>\n\n\n\n<li>\u267f Acc\u00e8s PMR dans les salles partenaires.<\/li>\n<\/ul>\n\n\n\n<p>\u2757 <strong>Points d\u2019attention<\/strong> :<\/p>\n\n\n\n<ul class=\"wp-block-list\">\n<li>R\u00e9servation conseill\u00e9e, notamment pour les places accessibles.<\/li>\n\n\n\n<li>Certaines repr\u00e9sentations sont adapt\u00e9es \u00e0 un public sp\u00e9cifique ; il est recommand\u00e9 de consulter le programme d\u00e9taill\u00e9.<\/li>\n<\/ul>\n\n\n\n<div class=\"wp-block-columns is-layout-flex wp-container-core-columns-is-layout-9d6595d7 wp-block-columns-is-layout-flex\">\n<div class=\"wp-block-column is-layout-flow wp-block-column-is-layout-flow\">\n<h2 class=\"wp-block-heading\">Objectif(s) d&rsquo;utilisation<\/h2>\n\n\n\n<p>\ud83c\udfad <strong>Vivre une exp\u00e9rience culturelle accessible et qualitative<\/strong>, en toute autonomie et dans des conditions adapt\u00e9es aux besoins sp\u00e9cifiques.<\/p>\n\n\n\n<p>\ud83e\udd1d <strong>Renforcer le sentiment d\u2019appartenance et de valorisation<\/strong> en participant activement \u00e0 un \u00e9v\u00e9nement artistique inclusif et bienveillant.<\/p>\n\n\n\n<p>\ud83d\udcac <strong>Cr\u00e9er des opportunit\u00e9s de rencontre et de partage d\u2019\u00e9motions<\/strong>, en facilitant les \u00e9changes entre les participants et avec les artistes.<\/p>\n\n\n\n<p>\ud83c\udf08 <strong>\u00c9veiller la curiosit\u00e9 culturelle et \u00e9largir les horizons<\/strong>, en d\u00e9couvrant des spectacles vivants diversifi\u00e9s, adapt\u00e9s et de qualit\u00e9.<\/p>\n<\/div>\n\n\n\n<div class=\"wp-block-column is-layout-flow wp-block-column-is-layout-flow\">\n<h2 class=\"wp-block-heading\">Liens utiles<\/h2>\n\n\n\n<p>\ud83c\udf0d <strong>Site officiel <\/strong>\u2013 <a href=\"https:\/\/www.lesfestivalsdewallonie.be\/projets\/un-fauteuil-pour-tous?lang=fr\" target=\"_blank\" rel=\"noreferrer noopener\">Un Fauteuil pour Tous \u2013 Festivals de Wallonie<\/a><br>\ud83d\udcc4 Programme d\u00e9taill\u00e9 et informations pratiques disponibles sur le site.<\/p>\n<\/div>\n<\/div>\n\n\n\n<h2 class=\"wp-block-heading\">\ud83d\udcb8 Informations pratiques<\/h2>\n\n\n\n<p>\ud83c\udf9f\ufe0f <strong>Tarifs<\/strong> : Variables selon les spectacles ; des tarifs r\u00e9duits peuvent \u00eatre disponibles.<br>\ud83c\udfab <strong>Dispositif Article 27<\/strong> : Permet aux personnes en situation de pr\u00e9carit\u00e9 d&rsquo;acc\u00e9der \u00e0 la culture \u00e0 tarif r\u00e9duit (1,25 \u20ac) sur pr\u00e9sentation d\u2019un ticket Article 27 d\u00e9livr\u00e9 par une institution partenaire.<\/p>\n\n\n\n<div class=\"wp-block-columns is-layout-flex wp-container-core-columns-is-layout-9d6595d7 wp-block-columns-is-layout-flex\">\n<div class=\"wp-block-column is-layout-flow wp-block-column-is-layout-flow\"><\/div>\n\n\n\n<div class=\"wp-block-column is-layout-flow wp-block-column-is-layout-flow\"><\/div>\n<\/div>\n\n\n\n<p>Des outils \u00e0 nous partager ? <a href=\"https:\/\/api-lux.be\/index.php\/contact\/\">Cliquez ici<\/a><\/p>\n\n\n\n<p><\/p>\n","protected":false},"excerpt":{"rendered":"<p>\ud83c\udfa1 LOISIRS INCLUSIFS &#8211; Festival itin\u00e9rant de th\u00e9\u00e2tre favorisant l&rsquo;inclusion et l&rsquo;accessibilit\u00e9 culturelle pour tous les publics, y compris les personnes en situation de handicap.<\/p>\n","protected":false},"author":2,"featured_media":0,"comment_status":"closed","ping_status":"closed","sticky":false,"template":"","format":"standard","meta":{"iawp_total_views":3,"footnotes":""},"categories":[4,27,51,48,47],"tags":[],"class_list":["post-7028","post","type-post","status-publish","format-standard","hentry","category-besoins","category-besoins-daccomplissement","category-culture","category-fiches-outils-pour-les-aidants-proches","category-fiches-outils-pour-les-professionnels"],"_links":{"self":[{"href":"https:\/\/api-lux.be\/index.php\/wp-json\/wp\/v2\/posts\/7028","targetHints":{"allow":["GET"]}}],"collection":[{"href":"https:\/\/api-lux.be\/index.php\/wp-json\/wp\/v2\/posts"}],"about":[{"href":"https:\/\/api-lux.be\/index.php\/wp-json\/wp\/v2\/types\/post"}],"author":[{"embeddable":true,"href":"https:\/\/api-lux.be\/index.php\/wp-json\/wp\/v2\/users\/2"}],"replies":[{"embeddable":true,"href":"https:\/\/api-lux.be\/index.php\/wp-json\/wp\/v2\/comments?post=7028"}],"version-history":[{"count":3,"href":"https:\/\/api-lux.be\/index.php\/wp-json\/wp\/v2\/posts\/7028\/revisions"}],"predecessor-version":[{"id":7584,"href":"https:\/\/api-lux.be\/index.php\/wp-json\/wp\/v2\/posts\/7028\/revisions\/7584"}],"wp:attachment":[{"href":"https:\/\/api-lux.be\/index.php\/wp-json\/wp\/v2\/media?parent=7028"}],"wp:term":[{"taxonomy":"category","embeddable":true,"href":"https:\/\/api-lux.be\/index.php\/wp-json\/wp\/v2\/categories?post=7028"},{"taxonomy":"post_tag","embeddable":true,"href":"https:\/\/api-lux.be\/index.php\/wp-json\/wp\/v2\/tags?post=7028"}],"curies":[{"name":"wp","href":"https:\/\/api.w.org\/{rel}","templated":true}]}}