{"id":7023,"date":"2025-06-04T15:12:49","date_gmt":"2025-06-04T13:12:49","guid":{"rendered":"https:\/\/api-lux.be\/?p=7023"},"modified":"2025-07-01T10:54:29","modified_gmt":"2025-07-01T08:54:29","slug":"festival-rock-agrume-un-evenement-musical-100-inclusif-en-milieu-rural","status":"publish","type":"post","link":"https:\/\/api-lux.be\/index.php\/2025\/06\/04\/festival-rock-agrume-un-evenement-musical-100-inclusif-en-milieu-rural\/","title":{"rendered":"Festival Rock A\u2019Grume : un \u00e9v\u00e9nement musical 100 % inclusif en milieu rural"},"content":{"rendered":"\n<div class=\"wp-block-columns is-layout-flex wp-container-core-columns-is-layout-9d6595d7 wp-block-columns-is-layout-flex\">\n<div class=\"wp-block-column is-layout-flow wp-block-column-is-layout-flow\">\n<figure class=\"wp-block-image size-full is-resized\"><img loading=\"lazy\" decoding=\"async\" width=\"254\" height=\"199\" src=\"https:\/\/api-lux.be\/wp-content\/uploads\/2025\/06\/download.png\" alt=\"\" class=\"wp-image-7024\" style=\"width:343px;height:auto\"\/><\/figure>\n<\/div>\n\n\n\n<div class=\"wp-block-column is-layout-flow wp-block-column-is-layout-flow\">\n<p>\ud83c\udfa1 <strong>LOISIRS INCLUSIFS<\/strong> &#8211; Festival social et festif de Grumelange favorisant la participation de tous, avec une attention particuli\u00e8re port\u00e9e \u00e0 l\u2019accessibilit\u00e9 et \u00e0 l\u2019inclusion des jeunes en situation de handicap.<\/p>\n\n\n\n<!--more-->\n\n\n\n<h2 class=\"wp-block-heading\">Age cible (pour qui)<\/h2>\n\n\n\n<p>Jeunes de 12 \u00e0 25 ans \u2013 en individuel, en famille ou en groupe accompagn\u00e9.<\/p>\n<\/div>\n<\/div>\n\n\n\n<h2 class=\"wp-block-heading\">Descriptif de l&rsquo;outil<\/h2>\n\n\n\n<p>\u270f\ufe0f Le <strong>Rock A\u2019Grume<\/strong> est un festival musical se d\u00e9roulant chaque ann\u00e9e \u00e0 Grumelange (commune de Martelange), organis\u00e9 par <a href=\"https:\/\/asbl-pointdeau.be\/rock-a-grumes\/\" target=\"_blank\" rel=\"noreferrer noopener\">l\u2019ASBL Point d\u2019Eau<\/a>. Il vise \u00e0 cr\u00e9er un espace festif, accessible et inclusif, o\u00f9 chacun peut participer pleinement, quelles que soient ses capacit\u00e9s.<\/p>\n\n\n\n<p>\ud83e\udde0 <strong>Atouts pour les jeunes et publics accompagn\u00e9s<\/strong> :<\/p>\n\n\n\n<ul class=\"wp-block-list\">\n<li><strong>Accessibilit\u00e9 certifi\u00e9e<\/strong> : le festival est certifi\u00e9 Access-i, garantissant une information claire sur l\u2019accessibilit\u00e9 pour diff\u00e9rents types de handicaps.<\/li>\n\n\n\n<li><strong>Accompagnement personnalis\u00e9<\/strong> : pr\u00e9sence de volontaires form\u00e9s (Alt\u00e9o, S\u00e9same IST) pour soutenir les personnes en situation de handicap.<\/li>\n\n\n\n<li><strong>Activit\u00e9s adapt\u00e9es<\/strong> : ateliers cr\u00e9atifs, jeux g\u00e9ants et espaces de d\u00e9tente accessibles \u00e0 tous.<\/li>\n\n\n\n<li><strong>Participation active<\/strong> : des jeunes en situation de handicap sont impliqu\u00e9s dans l\u2019organisation, favorisant l\u2019inclusion et la valorisation des comp\u00e9tences.<\/li>\n<\/ul>\n\n\n\n<p>\u2757 <strong>Points d\u2019attention<\/strong> :<\/p>\n\n\n\n<ul class=\"wp-block-list\">\n<li>Pr\u00e9voir une pr\u00e9paration en amont pour les jeunes ayant des besoins sp\u00e9cifiques (rep\u00e9rage des lieux, identification des espaces calmes).<\/li>\n\n\n\n<li>Les accompagnateurs doivent \u00eatre attentifs aux besoins individuels et aux \u00e9ventuelles surstimulations.<\/li>\n<\/ul>\n\n\n\n<div class=\"wp-block-columns is-layout-flex wp-container-core-columns-is-layout-9d6595d7 wp-block-columns-is-layout-flex\">\n<div class=\"wp-block-column is-layout-flow wp-block-column-is-layout-flow\">\n<h2 class=\"wp-block-heading\">Objectif(s) d&rsquo;utilisation<\/h2>\n\n\n\n<p>\u25e6 \ud83e\udded Favoriser la participation sociale et culturelle des jeunes en situation de handicap ou de vuln\u00e9rabilit\u00e9.<br>\u25e6 \ud83c\udf31 Offrir un environnement ouvert et bienveillant permettant \u00e0 chacun de s\u2019exprimer et de s\u2019\u00e9panouir.<br>\u25e6 \ud83d\udcac D\u00e9velopper les comp\u00e9tences sociales et la confiance en soi \u00e0 travers des interactions en milieu ordinaire.<br>\u25e6 \ud83e\udd1d Encourager la coop\u00e9ration et la solidarit\u00e9 entre jeunes de diff\u00e9rents horizons.<br>\u25e6 \ud83e\udde0 Sensibiliser les jeunes aux enjeux de l\u2019accessibilit\u00e9 et de l\u2019inclusion dans les \u00e9v\u00e9nements culturels.<br>\u25e6 \ud83c\udfa8 Proposer des activit\u00e9s ludiques et cr\u00e9atives adapt\u00e9es \u00e0 tous les profils.<\/p>\n<\/div>\n\n\n\n<div class=\"wp-block-column is-layout-flow wp-block-column-is-layout-flow\">\n<h2 class=\"wp-block-heading\">Liens utiles<\/h2>\n\n\n\n<p>\ud83c\udf0d <strong>Site officiel <\/strong>\u2013 <a href=\"https:\/\/rockagrumefestival.be\" target=\"_blank\" rel=\"noreferrer noopener\">https:\/\/rockagrumefestival.be<\/a><br><\/p>\n<\/div>\n<\/div>\n\n\n\n<div class=\"wp-block-columns is-layout-flex wp-container-core-columns-is-layout-9d6595d7 wp-block-columns-is-layout-flex\">\n<div class=\"wp-block-column is-layout-flow wp-block-column-is-layout-flow\">\n<h2 class=\"wp-block-heading\">\ud83d\udcb6 Tarifs et accessibilit\u00e9 financi\u00e8re<\/h2>\n\n\n\n<p>\ud83c\udf9f\ufe0f <strong>Tarifs standards<\/strong> :<\/p>\n\n\n\n<ul class=\"wp-block-list\">\n<li>Pr\u00e9vente : 20 \u20ac<\/li>\n\n\n\n<li>Sur place : 25 \u20ac<\/li>\n\n\n\n<li>Enfants de 5 \u00e0 12 ans : 8 \u20ac<\/li>\n\n\n\n<li>Enfants de 0 \u00e0 4 ans : Gratuit<\/li>\n<\/ul>\n\n\n\n<p>\ud83c\udf9f\ufe0f <strong><a href=\"https:\/\/article27.be\/Inscriptions-aux-festivals?utm_source=chatgpt.com\" target=\"_blank\" rel=\"noreferrer noopener\">Tarif Article 27<\/a><\/strong> : 5 \u20ac par jour pour les b\u00e9n\u00e9ficiaires du dispositif Article 27, sur pr\u00e9sentation d\u2019un ticket Article 27. Ce dispositif permet aux personnes en situation de pr\u00e9carit\u00e9 d&rsquo;acc\u00e9der \u00e0 la culture \u00e0 tarif r\u00e9duit. Les r\u00e9servations se font via un r\u00e9f\u00e9rent social et sont limit\u00e9es en nombre.<\/p>\n<\/div>\n<\/div>\n\n\n\n<p>Des outils \u00e0 nous partager ? <a href=\"https:\/\/api-lux.be\/index.php\/contact\/\">Cliquez ici<\/a><\/p>\n","protected":false},"excerpt":{"rendered":"<p>\ud83c\udfa1 LOISIRS INCLUSIFS &#8211; Festival social et festif de Grumelange favorisant la participation de tous, avec une attention particuli\u00e8re port\u00e9e \u00e0 l\u2019accessibilit\u00e9 et \u00e0 l\u2019inclusion des jeunes en situation de [&hellip;]<\/p>\n","protected":false},"author":2,"featured_media":0,"comment_status":"closed","ping_status":"closed","sticky":false,"template":"","format":"standard","meta":{"iawp_total_views":2,"footnotes":""},"categories":[4,27,51,46,48,47],"tags":[],"class_list":["post-7023","post","type-post","status-publish","format-standard","hentry","category-besoins","category-besoins-daccomplissement","category-culture","category-fiches-outils","category-fiches-outils-pour-les-aidants-proches","category-fiches-outils-pour-les-professionnels"],"_links":{"self":[{"href":"https:\/\/api-lux.be\/index.php\/wp-json\/wp\/v2\/posts\/7023","targetHints":{"allow":["GET"]}}],"collection":[{"href":"https:\/\/api-lux.be\/index.php\/wp-json\/wp\/v2\/posts"}],"about":[{"href":"https:\/\/api-lux.be\/index.php\/wp-json\/wp\/v2\/types\/post"}],"author":[{"embeddable":true,"href":"https:\/\/api-lux.be\/index.php\/wp-json\/wp\/v2\/users\/2"}],"replies":[{"embeddable":true,"href":"https:\/\/api-lux.be\/index.php\/wp-json\/wp\/v2\/comments?post=7023"}],"version-history":[{"count":4,"href":"https:\/\/api-lux.be\/index.php\/wp-json\/wp\/v2\/posts\/7023\/revisions"}],"predecessor-version":[{"id":7585,"href":"https:\/\/api-lux.be\/index.php\/wp-json\/wp\/v2\/posts\/7023\/revisions\/7585"}],"wp:attachment":[{"href":"https:\/\/api-lux.be\/index.php\/wp-json\/wp\/v2\/media?parent=7023"}],"wp:term":[{"taxonomy":"category","embeddable":true,"href":"https:\/\/api-lux.be\/index.php\/wp-json\/wp\/v2\/categories?post=7023"},{"taxonomy":"post_tag","embeddable":true,"href":"https:\/\/api-lux.be\/index.php\/wp-json\/wp\/v2\/tags?post=7023"}],"curies":[{"name":"wp","href":"https:\/\/api.w.org\/{rel}","templated":true}]}}