{"id":702,"date":"2025-03-13T11:50:55","date_gmt":"2025-03-13T10:50:55","guid":{"rendered":"http:\/\/localhost\/mdi_w\/?p=702"},"modified":"2025-07-01T13:24:13","modified_gmt":"2025-07-01T11:24:13","slug":"protection-de-lintegrite-physique-isolement-et-contention","status":"publish","type":"post","link":"https:\/\/api-lux.be\/index.php\/2025\/03\/13\/protection-de-lintegrite-physique-isolement-et-contention\/","title":{"rendered":"Protection de l&rsquo;int\u00e9grit\u00e9 physique : isolement et contention bienveillante"},"content":{"rendered":"\n<div class=\"wp-block-columns is-layout-flex wp-container-core-columns-is-layout-9d6595d7 wp-block-columns-is-layout-flex\">\n<div class=\"wp-block-column is-layout-flow wp-block-column-is-layout-flow\">\n<figure class=\"wp-block-image size-full\"><img decoding=\"async\" src=\"https:\/\/api-lux.be\/wp-content\/uploads\/2025\/02\/protection_integrite_physique.jpg\" alt=\" \" class=\"wp-image-202\"\/><\/figure>\n<\/div>\n\n\n\n<div class=\"wp-block-column is-layout-flow wp-block-column-is-layout-flow\">\n<p>\ud83d\udea7 <strong>Poser et maintenir le cadre<\/strong> &#8211; L&rsquo;isolement et la contention sont des techniques utilis\u00e9es pour assurer la s\u00e9curit\u00e9 de l&rsquo;enfant et celle de son environnement.<\/p>\n\n\n\n<!--more-->\n\n\n\n<h2 class=\"wp-block-heading\">\u00c2ge cible<\/h2>\n\n\n\n<p> De 6 \u00e0 18  ans.<\/p>\n<\/div>\n<\/div>\n\n\n\n<h2 class=\"wp-block-heading\">Descriptif de l&rsquo;outil<\/h2>\n\n\n\n<p><br>Les mesures d&rsquo;<strong>isolement<\/strong> et de <strong>contention<\/strong> sont exceptionnelles et sont utilis\u00e9es pour garantir la s\u00e9curit\u00e9 de l\u2019enfant et de ceux qui l\u2019entourent. Elles visent \u00e0 \u00e9loigner temporairement l&rsquo;enfant (<strong>isolement<\/strong>) ou \u00e0 limiter physiquement ses mouvements (<strong>contention<\/strong>) lorsqu&rsquo;il pr\u00e9sente des comportements dangereux pour lui-m\u00eame ou pour autrui. L\u2019objectif est de maintenir un cadre \u00e9ducatif et bienveillant, tout en offrant un espace s\u00e9curis\u00e9 \u00e0 l\u2019enfant pour se calmer.<\/p>\n\n\n\n<p>\ud83c\udfaf <strong>Concr\u00e8tement (exemple)<\/strong><br>\ud83d\udc4b <strong>Contention<\/strong> : En dernier recours, si l&rsquo;enfant se met en danger ou devient agressif, utiliser une m\u00e9thode de contention douce, toujours avec l\u2019intention de <strong>protection<\/strong>. <br>Exemple : \u00ab\u00a0<em>Je te tiens pour \u00e9viter que tu te fasses mal. D\u00e8s que tu te sens pr\u00eat \u00e0 te calmer, je te l\u00e2che.<\/em>\u00ab\u00a0<\/p>\n\n\n\n<p>\ud83d\udeaa <strong>Isolement<\/strong> : Si un enfant devient tr\u00e8s agit\u00e9 et risque de blesser quelqu\u2019un, l\u2019accompagner calmement dans une <strong>pi\u00e8ce s\u00e9curis\u00e9e<\/strong>, en restant \u00e0 proximit\u00e9 mais sans envahir son espace. <br>Exemple : \u00ab\u00a0<em>Je vois que tu es en col\u00e8re. Je te propose de rester ici quelques minutes pour te calmer. Je reste juste \u00e0 c\u00f4t\u00e9 si tu as besoin de moi.<\/em>\u00ab\u00a0<\/p>\n\n\n\n<p>\u26a0\ufe0f <strong>Points d&rsquo;attention<\/strong><\/p>\n\n\n\n<ul class=\"wp-block-list\">\n<li>\ud83d\udca8 <strong>Travailler sur le retour au calme<\/strong> : Proposer des techniques de <strong>respiration<\/strong>, des objets apaisants ou un espace sensoriel si possible.<\/li>\n\n\n\n<li>\u2757 <strong>Utilisation en dernier recours<\/strong> : Toujours privil\u00e9gier d\u2019autres strat\u00e9gies avant d\u2019en arriver \u00e0 l\u2019isolement ou \u00e0 la contention (<strong>distraction<\/strong>, <strong>dialogue<\/strong>, retrait temporaire).<\/li>\n\n\n\n<li>\u23f3 <strong>Dur\u00e9e limit\u00e9e<\/strong> : L\u2019isolement ou la contention ne doivent jamais durer plus longtemps que n\u00e9cessaire.<\/li>\n\n\n\n<li>\ud83d\udde3\ufe0f <strong>Accompagnement verbal<\/strong> : Expliquer \u00e0 l&rsquo;enfant ce qui se passe, pourquoi on intervient ainsi et ce qu&rsquo;on attend de lui.<\/li>\n\n\n\n<li>\ud83d\udd0d <strong>\u00c9valuation r\u00e9guli\u00e8re<\/strong> : S\u2019assurer que l\u2019enfant ne per\u00e7oit pas cette intervention comme une <strong>punition injuste<\/strong> ou traumatisante.<\/li>\n<\/ul>\n\n\n\n<div class=\"wp-block-columns is-layout-flex wp-container-core-columns-is-layout-9d6595d7 wp-block-columns-is-layout-flex\">\n<div class=\"wp-block-column is-layout-flow wp-block-column-is-layout-flow\">\n<h2 class=\"wp-block-heading\">Objectif(s) d&rsquo;utilisation<\/h2>\n\n\n\n<p>\ud83d\udee1\ufe0f Assurer la <strong>s\u00e9curit\u00e9 physique<\/strong> de l\u2019enfant, des autres enfants et des adultes pr\u00e9sents.<\/p>\n\n\n\n<p>\ud83e\uddd8\u200d\u2642\ufe0f Permettre \u00e0 l\u2019enfant de se <strong>recentrer<\/strong>, en lui offrant un moment de calme n\u00e9cessaire pour retrouver un comportement adapt\u00e9.<\/p>\n\n\n\n<p>\ud83d\udeab Pr\u00e9venir les comportements <strong>autodestructeurs<\/strong> ou agressifs, en intervenant avant que la situation ne devienne incontr\u00f4lable.<\/p>\n\n\n\n<p>\ud83d\udcac D\u00e9briefer la situation dans un cadre \u00e9ducatif, en expliquant \u00e0 l\u2019enfant les raisons de cette intervention et en l\u2019accompagnant dans la gestion de ses \u00e9motions.<\/p>\n\n\n\n<p>\ud83d\udcdd \u00c9laborer des strat\u00e9gies \u00e0 long terme pour r\u00e9duire la fr\u00e9quence des comportements probl\u00e9matiques et favoriser l&rsquo;<strong>autor\u00e9gulation<\/strong>.<\/p>\n<\/div>\n\n\n\n<div class=\"wp-block-column is-layout-flow wp-block-column-is-layout-flow\">\n<h2 class=\"wp-block-heading\">Liens utiles<\/h2>\n\n\n\n<p><strong>LIVRET: <\/strong>Contention  &amp; isolement<br>Rep\u00e8res et bonnes pratiques.<br>Guide \u00e0 l\u2019utilisation des services d\u2019accueil et d\u2019h\u00e9bergement pour personnes en situation de handicap agr\u00e9\u00e9s par l\u2019AVIQ.<\/p>\n\n\n\n<p><a href=\"https:\/\/www.aviq.be\/sites\/default\/files\/documents_pro\/2022-06\/Brochure-contention.pdf\" target=\"_blank\" rel=\"noreferrer noopener\">https:\/\/www.aviq.be\/sites\/default\/files\/documents_pro\/2022-06\/Brochure-contention.pdf<\/a><br><br><\/p>\n<\/div>\n<\/div>\n\n\n\n<div class=\"wp-block-columns is-layout-flex wp-container-core-columns-is-layout-9d6595d7 wp-block-columns-is-layout-flex\">\n<div class=\"wp-block-column is-layout-flow wp-block-column-is-layout-flow\">\n<h2 class=\"wp-block-heading\">Variantes &#8211; am\u00e9nagement<\/h2>\n\n\n\n<p>\ud83c\udf38 <strong>Coin de retour au calme<\/strong> : Am\u00e9nager un espace sensoriel ou apaisant avec des coussins, des livres ou des objets tactiles. L\u2019enfant peut s\u2019y rendre de mani\u00e8re autonome lorsqu\u2019il ressent le besoin de se calmer.<\/p>\n\n\n\n<p>\ud83c\udf1f <strong>Technique du \u00ab\u00a0cocon\u00a0\u00bb<\/strong> : Utiliser une couverture lest\u00e9e ou un coussin sensoriel, offrant un effet contenant mais non contraignant, pour aider l\u2019enfant \u00e0 se recentrer.<\/p>\n<\/div>\n<\/div>\n\n\n\n<p>Des outils \u00e0 nous partager ?&nbsp;<a href=\"https:\/\/api-lux.be\/index.php\/contact\/\">Cliquez ici<\/a><\/p>\n","protected":false},"excerpt":{"rendered":"<p>\ud83d\udea7 Poser et maintenir le cadre &#8211; L&rsquo;isolement et la contention sont des techniques utilis\u00e9es pour assurer la s\u00e9curit\u00e9 de l&rsquo;enfant et celle de son environnement.<\/p>\n","protected":false},"author":2,"featured_media":0,"comment_status":"closed","ping_status":"closed","sticky":false,"template":"","format":"standard","meta":{"iawp_total_views":17,"footnotes":""},"categories":[4,18,9,12,13,46,47,19,7],"tags":[],"class_list":["post-702","post","type-post","status-publish","format-standard","hentry","category-besoins","category-besoins-destime","category-besoins-de-securite","category-cadre-et-limites","category-coherence","category-fiches-outils","category-fiches-outils-pour-les-professionnels","category-gestion-des-emotions","category-soin-pistes-et-outils-professionnels"],"_links":{"self":[{"href":"https:\/\/api-lux.be\/index.php\/wp-json\/wp\/v2\/posts\/702","targetHints":{"allow":["GET"]}}],"collection":[{"href":"https:\/\/api-lux.be\/index.php\/wp-json\/wp\/v2\/posts"}],"about":[{"href":"https:\/\/api-lux.be\/index.php\/wp-json\/wp\/v2\/types\/post"}],"author":[{"embeddable":true,"href":"https:\/\/api-lux.be\/index.php\/wp-json\/wp\/v2\/users\/2"}],"replies":[{"embeddable":true,"href":"https:\/\/api-lux.be\/index.php\/wp-json\/wp\/v2\/comments?post=702"}],"version-history":[{"count":9,"href":"https:\/\/api-lux.be\/index.php\/wp-json\/wp\/v2\/posts\/702\/revisions"}],"predecessor-version":[{"id":7662,"href":"https:\/\/api-lux.be\/index.php\/wp-json\/wp\/v2\/posts\/702\/revisions\/7662"}],"wp:attachment":[{"href":"https:\/\/api-lux.be\/index.php\/wp-json\/wp\/v2\/media?parent=702"}],"wp:term":[{"taxonomy":"category","embeddable":true,"href":"https:\/\/api-lux.be\/index.php\/wp-json\/wp\/v2\/categories?post=702"},{"taxonomy":"post_tag","embeddable":true,"href":"https:\/\/api-lux.be\/index.php\/wp-json\/wp\/v2\/tags?post=702"}],"curies":[{"name":"wp","href":"https:\/\/api.w.org\/{rel}","templated":true}]}}