{"id":7018,"date":"2025-06-04T14:35:16","date_gmt":"2025-06-04T12:35:16","guid":{"rendered":"https:\/\/api-lux.be\/?p=7018"},"modified":"2025-07-01T10:56:24","modified_gmt":"2025-07-01T08:56:24","slug":"festival-lasemo-un-evenement-culturel-inclusif-et-durable","status":"publish","type":"post","link":"https:\/\/api-lux.be\/index.php\/2025\/06\/04\/festival-lasemo-un-evenement-culturel-inclusif-et-durable\/","title":{"rendered":"Festival LaSemo : un \u00e9v\u00e9nement culturel inclusif et durable"},"content":{"rendered":"\n<div class=\"wp-block-columns is-layout-flex wp-container-core-columns-is-layout-9d6595d7 wp-block-columns-is-layout-flex\">\n<div class=\"wp-block-column is-layout-flow wp-block-column-is-layout-flow\"><div class=\"wp-block-image\">\n<figure class=\"aligncenter size-full is-resized\"><img loading=\"lazy\" decoding=\"async\" width=\"225\" height=\"225\" src=\"https:\/\/api-lux.be\/wp-content\/uploads\/2025\/06\/download-1.jpeg\" alt=\"\" class=\"wp-image-7019\" style=\"width:304px;height:auto\" srcset=\"https:\/\/api-lux.be\/wp-content\/uploads\/2025\/06\/download-1.jpeg 225w, https:\/\/api-lux.be\/wp-content\/uploads\/2025\/06\/download-1-150x150.jpeg 150w\" sizes=\"auto, (max-width: 225px) 100vw, 225px\" \/><\/figure>\n<\/div><\/div>\n\n\n\n<div class=\"wp-block-column is-layout-flow wp-block-column-is-layout-flow\">\n<p>\ud83c\udfa1 <strong>LOISIRS INCLUSIFS<\/strong> &#8211; Festival pluridisciplinaire inclusif favorisant l&rsquo;accessibilit\u00e9, la durabilit\u00e9 et la convivialit\u00e9 pour tous les publics.<\/p>\n\n\n\n<!--more-->\n\n\n\n<h2 class=\"wp-block-heading\">Age cible (pour qui)<\/h2>\n\n\n\n<p>Tout \u00e2ge \u2013 Adapt\u00e9 aux enfants, adolescents, adultes et familles.<\/p>\n<\/div>\n<\/div>\n\n\n\n<h2 class=\"wp-block-heading\">Descriptif de l&rsquo;outil<\/h2>\n\n\n\n<p>\u270f\ufe0f <strong>LaSemo<\/strong> est un festival annuel se tenant d\u00e9but juillet dans le parc d\u2019Enghien, en Belgique. Au-del\u00e0 de son programme culturel vari\u00e9 (concerts, spectacles, ateliers, animations), l\u2019\u00e9v\u00e9nement propose un cadre inclusif et s\u00e9curis\u00e9, adapt\u00e9 \u00e0 la diversit\u00e9 des publics.<\/p>\n\n\n\n<p>\ud83e\udde0 <strong>Atouts pour les jeunes et publics accompagn\u00e9s<\/strong> :<\/p>\n\n\n\n<ul class=\"wp-block-list\">\n<li><strong>Mobilit\u00e9 facilit\u00e9e<\/strong> : acc\u00e8s adapt\u00e9 pour fauteuils roulants et poussettes, rampes et espaces r\u00e9serv\u00e9s.<\/li>\n\n\n\n<li><strong>Services inclusifs<\/strong> : toilettes PMR, boucles auditives, interpr\u00e9tation en langue des signes pour certains moments-cl\u00e9s.<\/li>\n\n\n\n<li><strong>Accompagnement personnalis\u00e9 possible<\/strong> : \u00e9quipe disponible pour soutenir les jeunes ayant des besoins sp\u00e9cifiques (autisme, d\u00e9ficience sensorielle, difficult\u00e9s motrices\u2026).<\/li>\n\n\n\n<li><strong>Espaces et activit\u00e9s vari\u00e9s<\/strong> : zones calmes, ateliers cr\u00e9atifs, animations adapt\u00e9es et concerts accessibles.<\/li>\n\n\n\n<li><strong>Camping inclusif<\/strong> avec dispositifs pour les publics fragilis\u00e9s.<\/li>\n<\/ul>\n\n\n\n<p>\ud83c\udfaf Une opportunit\u00e9 rare de vivre un \u00e9v\u00e9nement collectif en inclusion, dans un cadre naturel, festif et bienveillant.<\/p>\n\n\n\n<p>\ud83c\udf9f\ufe0f <strong>Tarifs standards<\/strong> :<\/p>\n\n\n\n<ul class=\"wp-block-list\">\n<li>Pass 1 jour : 10,00 \u20ac pour les adultes, \u00e9tudiants (16-22 ans) et enfants (3-15 ans).<\/li>\n\n\n\n<li>Gratuit pour les enfants de moins de 3 ans (billet requis via le site officiel).<\/li>\n\n\n\n<li>Camping : tarifs variables, \u00e0 commander via le site officiel.<\/li>\n<\/ul>\n\n\n\n<p>\ud83c\udf9f\ufe0f <strong><a href=\"https:\/\/article27.be\/Inscriptions-aux-festivals?utm_source=chatgpt.com\" target=\"_blank\" rel=\"noreferrer noopener\">Tarif Article 27<\/a><\/strong> : 5,00 \u20ac par jour pour les b\u00e9n\u00e9ficiaires du dispositif Article 27, sur pr\u00e9sentation d\u2019un ticket Article 27. Ce dispositif permet aux personnes en situation de pr\u00e9carit\u00e9 d&rsquo;acc\u00e9der \u00e0 la culture \u00e0 tarif r\u00e9duit. Les r\u00e9servations se font via un r\u00e9f\u00e9rent social et sont limit\u00e9es en nombre.<\/p>\n\n\n\n<div class=\"wp-block-columns is-layout-flex wp-container-core-columns-is-layout-9d6595d7 wp-block-columns-is-layout-flex\">\n<div class=\"wp-block-column is-layout-flow wp-block-column-is-layout-flow\">\n<h2 class=\"wp-block-heading\">Objectif(s) d&rsquo;utilisation<\/h2>\n\n\n\n<p>\u25e6 \ud83e\udded <strong>Favoriser la participation sociale et culturelle des jeunes en situation de handicap ou de vuln\u00e9rabilit\u00e9<\/strong>.<br>\u25e6 \ud83c\udf31 <strong>Proposer un environnement ouvert o\u00f9 chacun peut s\u2019exprimer, exp\u00e9rimenter et acc\u00e9der \u00e0 la culture \u00e0 \u00e9galit\u00e9<\/strong>.<br>\u25e6 \ud83d\udcac <strong>Travailler les comp\u00e9tences sociales et la confiance en soi<\/strong> \u00e0 travers la participation \u00e0 des activit\u00e9s de groupe en milieu ordinaire.<br>\u25e6 \ud83e\udd1d <strong>D\u00e9velopper la capacit\u00e9 \u00e0 vivre ensemble dans le respect des diff\u00e9rences<\/strong> et des besoins sp\u00e9cifiques de chacun.<br>\u25e6 \ud83e\udde0 <strong>Sensibiliser les jeunes aux dispositifs d\u2019accessibilit\u00e9 et aux d\u00e9marches inclusives dans l\u2019espace public<\/strong>.<br>\u25e6 \ud83c\udfa8 <strong>Offrir des temps de r\u00e9pit et de loisirs adapt\u00e9s<\/strong>, en compl\u00e9ment des espaces institutionnels ou scolaires.<\/p>\n<\/div>\n\n\n\n<div class=\"wp-block-column is-layout-flow wp-block-column-is-layout-flow\">\n<h2 class=\"wp-block-heading\">Liens utiles<\/h2>\n\n\n\n<p>\ud83d\udcc4 ARTICLE : <em><a href=\"https:\/\/www.autonomia.org\/article\/la-semo\" target=\"_blank\" rel=\"noreferrer noopener\">Festival LaSemo accessible \u00e0 tous<\/a><\/em> \u2013 Issu du site Autonomia-ASBL (consult\u00e9 en juin 2025)<br><br>\ud83c\udf0d Site officiel: <a href=\"https:\/\/www.lasemo.be\/fr\/\" target=\"_blank\" rel=\"noreferrer noopener\">LaSemo<\/a> <br><br><\/p>\n<\/div>\n<\/div>\n\n\n\n<div class=\"wp-block-columns is-layout-flex wp-container-core-columns-is-layout-9d6595d7 wp-block-columns-is-layout-flex\">\n<div class=\"wp-block-column is-layout-flow wp-block-column-is-layout-flow\">\n<h2 class=\"wp-block-heading\">Variantes &#8211; am\u00e9nagement<\/h2>\n\n\n\n<p>\ud83e\udde9 Organiser la visite en groupe accompagn\u00e9, avec pr\u00e9paration en amont (rep\u00e9rage des lieux, consignes de s\u00e9curit\u00e9, rep\u00e9rage des espaces calmes).<br>\ud83c\udfb2 Proposer un carnet de route ou un bingo des activit\u00e9s pour valoriser la participation.<br>\ud83d\udd90\ufe0f Cr\u00e9er des moments de d\u00e9briefing ou d\u2019expression autour du v\u00e9cu du festival (ressenti, difficult\u00e9s, envies pour la prochaine \u00e9dition).<\/p>\n<\/div>\n<\/div>\n\n\n\n<p>Des outils \u00e0 nous partager ? <a href=\"https:\/\/api-lux.be\/index.php\/contact\/\">Cliquez ici<\/a><\/p>\n","protected":false},"excerpt":{"rendered":"<p>\ud83c\udfa1 LOISIRS INCLUSIFS &#8211; Festival pluridisciplinaire inclusif favorisant l&rsquo;accessibilit\u00e9, la durabilit\u00e9 et la convivialit\u00e9 pour tous les publics.<\/p>\n","protected":false},"author":2,"featured_media":0,"comment_status":"closed","ping_status":"closed","sticky":false,"template":"","format":"standard","meta":{"iawp_total_views":6,"footnotes":""},"categories":[27,51,48,47],"tags":[],"class_list":["post-7018","post","type-post","status-publish","format-standard","hentry","category-besoins-daccomplissement","category-culture","category-fiches-outils-pour-les-aidants-proches","category-fiches-outils-pour-les-professionnels"],"_links":{"self":[{"href":"https:\/\/api-lux.be\/index.php\/wp-json\/wp\/v2\/posts\/7018","targetHints":{"allow":["GET"]}}],"collection":[{"href":"https:\/\/api-lux.be\/index.php\/wp-json\/wp\/v2\/posts"}],"about":[{"href":"https:\/\/api-lux.be\/index.php\/wp-json\/wp\/v2\/types\/post"}],"author":[{"embeddable":true,"href":"https:\/\/api-lux.be\/index.php\/wp-json\/wp\/v2\/users\/2"}],"replies":[{"embeddable":true,"href":"https:\/\/api-lux.be\/index.php\/wp-json\/wp\/v2\/comments?post=7018"}],"version-history":[{"count":4,"href":"https:\/\/api-lux.be\/index.php\/wp-json\/wp\/v2\/posts\/7018\/revisions"}],"predecessor-version":[{"id":7587,"href":"https:\/\/api-lux.be\/index.php\/wp-json\/wp\/v2\/posts\/7018\/revisions\/7587"}],"wp:attachment":[{"href":"https:\/\/api-lux.be\/index.php\/wp-json\/wp\/v2\/media?parent=7018"}],"wp:term":[{"taxonomy":"category","embeddable":true,"href":"https:\/\/api-lux.be\/index.php\/wp-json\/wp\/v2\/categories?post=7018"},{"taxonomy":"post_tag","embeddable":true,"href":"https:\/\/api-lux.be\/index.php\/wp-json\/wp\/v2\/tags?post=7018"}],"curies":[{"name":"wp","href":"https:\/\/api.w.org\/{rel}","templated":true}]}}