{"id":700,"date":"2025-03-13T11:36:55","date_gmt":"2025-03-13T10:36:55","guid":{"rendered":"http:\/\/localhost\/mdi_w\/?p=700"},"modified":"2025-07-01T13:28:57","modified_gmt":"2025-07-01T11:28:57","slug":"sanctions","status":"publish","type":"post","link":"https:\/\/api-lux.be\/index.php\/2025\/03\/13\/sanctions\/","title":{"rendered":"Sanctions, r\u00e9parations et cons\u00e9quences justes"},"content":{"rendered":"\n<div class=\"wp-block-columns is-layout-flex wp-container-core-columns-is-layout-9d6595d7 wp-block-columns-is-layout-flex\">\n<div class=\"wp-block-column is-layout-flow wp-block-column-is-layout-flow\">\n<figure class=\"wp-block-image size-full\"><img loading=\"lazy\" decoding=\"async\" width=\"724\" height=\"1024\" src=\"https:\/\/api-lux.be\/wp-content\/uploads\/2025\/02\/remplacer-les-punitions-par-des-reparations-724x1024-1.png\" alt=\"\" class=\"wp-image-2647\" srcset=\"https:\/\/api-lux.be\/wp-content\/uploads\/2025\/02\/remplacer-les-punitions-par-des-reparations-724x1024-1.png 724w, https:\/\/api-lux.be\/wp-content\/uploads\/2025\/02\/remplacer-les-punitions-par-des-reparations-724x1024-1-212x300.png 212w\" sizes=\"auto, (max-width: 724px) 100vw, 724px\" \/><\/figure>\n<\/div>\n\n\n\n<div class=\"wp-block-column is-layout-flow wp-block-column-is-layout-flow\">\n<p>\ud83d\udea7 <strong>Poser et maintenir le cadre <\/strong>&#8211; Sanctions proportionnelles et \u00e9ducatives pour responsabiliser les jeunes<\/p>\n\n\n\n<!--more-->\n\n\n\n<h2 class=\"wp-block-heading\">\u00c2ge cible<\/h2>\n\n\n\n<p> De 2 \u00e0 18 ans.<\/p>\n<\/div>\n<\/div>\n\n\n\n<h2 class=\"wp-block-heading\">Descriptif de l&rsquo;outil<\/h2>\n\n\n\n<p>\u2728 Par opposition \u00e0 la punition, la sanction est d\u00e9finie comme \u00ab la cons\u00e9quence pr\u00e9vue \u00e0 l\u2019avance d\u2019une infraction ou d\u2019un non-respect d\u2019une r\u00e8gle ou d\u2019une loi explicitement formul\u00e9e et reconnue \u00bb (Jean-Pierre Carrier, Docteur en Sciences de l&rsquo;\u00c9ducation).<\/p>\n\n\n\n<p>\ud83c\udfaf <strong>La sanction<\/strong> est pr\u00e9cise, juste et proportionnelle, offrant au jeune la possibilit\u00e9 de r\u00e9parer ses erreurs. Contrairement \u00e0 la punition, souvent per\u00e7ue comme arbitraire ou humiliante, la sanction est accessible \u00e0 tous et appliqu\u00e9e de mani\u00e8re \u00e9quitable.<\/p>\n\n\n\n<p>\ud83d\udcd0 <strong>Principes de la sanction \u00e9ducative<\/strong> :<\/p>\n\n\n\n<p>\u2696\ufe0f <strong>Proportionnalit\u00e9<\/strong> : la sanction doit \u00eatre en lien avec la gravit\u00e9 de l\u2019acte commis.<br>\ud83c\udf1f <strong>\u00c9quit\u00e9<\/strong> : les m\u00eames r\u00e8gles pour tous, avec une adaptation en fonction de l&rsquo;\u00e2ge et des besoins particuliers.<br>\ud83e\udd1d <strong>Justice r\u00e9paratrice<\/strong> : favoriser des actions qui permettent de r\u00e9parer concr\u00e8tement ou symboliquement le dommage caus\u00e9.<br>\ud83e\udde0 <strong>Implication du jeune<\/strong> : l&rsquo;inviter \u00e0 r\u00e9fl\u00e9chir aux cons\u00e9quences de ses actes et \u00e0 proposer des solutions r\u00e9paratrices.<br>\ud83c\udf93 <strong>Accompagnement<\/strong> : offrir un suivi \u00e9ducatif, en aidant le jeune \u00e0 \u00e9voluer dans son comportement.<br>\ud83d\udd04 <strong>Les cons\u00e9quences justes<\/strong> sont des sanctions gradu\u00e9es et proportionnelles aux comportements ou actions des jeunes. Contrairement \u00e0 une punition, elles sont con\u00e7ues pour \u00eatre formatrices et r\u00e9paratrices, aidant ainsi \u00e0 r\u00e9parer un dommage ou \u00e0 corriger une situation.<\/p>\n\n\n\n<p>\ud83d\udcd1 <strong>Exemples concrets<\/strong> :<\/p>\n\n\n\n<p>\ud83d\udd27 <strong>Si un jeune endommage un objet<\/strong>, la cons\u00e9quence juste pourrait \u00eatre de r\u00e9parer ou remplacer l\u2019objet, ce qui aide \u00e0 comprendre l\u2019impact de ses actions.<br>\ud83c\udfeb <strong>Si un enfant d\u00e9range la classe<\/strong>, il pourrait \u00eatre invit\u00e9 \u00e0 aider l&rsquo;enseignant lors de la prochaine activit\u00e9 pour r\u00e9tablir un climat serein.<br>\ud83c\udfad <strong>En cas de conflit entre jeunes<\/strong>, organiser une m\u00e9diation o\u00f9 chacun exprime ses ressentis et propose des solutions de r\u00e9paration.<br>\ud83e\udde9 <strong>Permettre au jeune de proposer lui-m\u00eame une r\u00e9paration<\/strong>, favorisant la responsabilisation.<br>\ud83d\udc8c <strong>Associer des cons\u00e9quences symboliques<\/strong> lorsqu&rsquo;on ne sait pas r\u00e9parer mat\u00e9riellement : lettres d&rsquo;excuses, aide \u00e0 un camarade.<\/p>\n\n\n\n<p>\u26a0\ufe0f <strong>Points d&rsquo;attention<\/strong> :<\/p>\n\n\n\n<p>\u2705 <strong>Poser des r\u00e8gles claires et compr\u00e9hensibles<\/strong> avant d&rsquo;envisager toute sanction.<br>\ud83c\udf10 <strong>Expliquer syst\u00e9matiquement la raison de la sanction<\/strong>, pour \u00e9viter toute impression d&rsquo;injustice ou d&rsquo;arbitraire, ainsi que l&rsquo;objectif recherch\u00e9.<br>\ud83c\udfaa <strong>Ne jamais sanctionner sous le coup de l&rsquo;\u00e9motion<\/strong>, pour conserver une posture \u00e9ducative.<br>\ud83c\udf1f <strong>Valoriser les efforts de r\u00e9paration<\/strong>, m\u00eame partiels, pour encourager la responsabilisation.<br>\ud83d\udcc6 <strong>Adapter la sanction<\/strong> en fonction de l&rsquo;\u00e2ge, du contexte et de la capacit\u00e9 de compr\u00e9hension du jeune.<br>\u2696\ufe0f <strong>Veiller \u00e0 ce que la cons\u00e9quence soit proportionnelle<\/strong> \u00e0 l&rsquo;acte commis.<br>\ud83d\udeab <strong>\u00c9viter les cons\u00e9quences humiliantes ou d\u00e9valorisantes.<\/strong><br>\ud83e\udd1d <strong>Impliquer le jeune dans le choix de la r\u00e9paration<\/strong> pour favoriser son engagement.<\/p>\n\n\n\n<div class=\"wp-block-columns is-layout-flex wp-container-core-columns-is-layout-9d6595d7 wp-block-columns-is-layout-flex\">\n<div class=\"wp-block-column is-layout-flow wp-block-column-is-layout-flow\">\n<h2 class=\"wp-block-heading\">Objectif(s) d&rsquo;utilisation<\/h2>\n\n\n\n<p>\ud83d\udd11 <strong>Encourager la responsabilisation<\/strong> et la r\u00e9paration des comportements inappropri\u00e9s chez les jeunes.<\/p>\n\n\n\n<p>\ud83d\uded1 <strong>Diff\u00e9rencier la sanction de la punition<\/strong>, en favorisant une approche \u00e9ducative plut\u00f4t que r\u00e9pressive.<\/p>\n\n\n\n<p>\ud83e\udde0 <strong>Accompagner l\u2019enfant ou le jeune<\/strong> dans la compr\u00e9hension des cons\u00e9quences de ses actes, en instaurant un cadre s\u00e9curisant et juste.<\/p>\n\n\n\n<p>\ud83d\udeab <strong>Pr\u00e9venir les comportements probl\u00e9matiques<\/strong>, en d\u00e9veloppant l&rsquo;autonomie, le sens des responsabilit\u00e9s et la capacit\u00e9 de r\u00e9flexion critique.<\/p>\n\n\n\n<p>\ud83d\udc96 <strong>D\u00e9velopper l&#8217;empathie<\/strong> en permettant au jeune de se mettre \u00e0 la place de la personne impact\u00e9e.<\/p>\n\n\n\n<p>\ud83d\udd04 <strong>R\u00e9paration<\/strong>: Encourager l&rsquo;apprentissage par l&rsquo;action r\u00e9paratrice et non par la sanction punitive.<\/p>\n<\/div>\n\n\n\n<div class=\"wp-block-column is-layout-flow wp-block-column-is-layout-flow\">\n<h2 class=\"wp-block-heading\">Liens utiles<\/h2>\n\n\n\n<p>\ud83d\udcda <strong><em>Article:<\/em><\/strong> \u00ab Ni punir ni laisser faire \u00bb : la sanction \u00e9ducative au lieu de la punition:<br><a href=\"https:\/\/www.maman-et-compagnie.ch\/la-sanction-educative-au-lieu-de-la-punition\/\" target=\"_blank\" rel=\"noreferrer noopener\">https:\/\/www.maman-et-compagnie.ch\/la-sanction-educative-au-lieu-de-la-punition\/<\/a><\/p>\n\n\n\n<p><em>Disponible en format audio via le m\u00eame lien<\/em> \ud83c\udfa7<\/p>\n\n\n\n<p>\ud83d\udcd6 <strong>Livret: Sanction, punition, r\u00e9paration : comment bien faire respecter les r\u00e8gles ? (UFAPEC)<\/strong>: <a href=\"https:\/\/www.ufapec.be\/files\/files\/analyses\/2011\/0411-punition-sanction.pdf\" target=\"_blank\" rel=\"noreferrer noopener\">https:\/\/www.ufapec.be\/files\/files\/analyses\/2011\/0411-punition-sanction.pdf<\/a><br><br><\/p>\n<\/div>\n<\/div>\n\n\n\n<div class=\"wp-block-columns is-layout-flex wp-container-core-columns-is-layout-9d6595d7 wp-block-columns-is-layout-flex\">\n<div class=\"wp-block-column is-layout-flow wp-block-column-is-layout-flow\">\n<h2 class=\"wp-block-heading\">Variantes &#8211; am\u00e9nagement<\/h2>\n\n\n\n<ol class=\"wp-block-list\">\n<li><strong>Sanction symbolique<\/strong> :<br>\ud83d\udcdd \u00c9crire une lettre d\u2019excuse ou r\u00e9aliser une affiche sur le respect des r\u00e8gles.<br>\ud83e\udd1d Participer \u00e0 une t\u00e2che utile pour le groupe (ex. : rangement, aide aux autres).<br><\/li>\n\n\n\n<li><strong>Sanction mat\u00e9rielle<\/strong> :<br>\ud83d\udd27 R\u00e9parer un objet cass\u00e9 ou nettoyer apr\u00e8s une maladresse.<br>\ud83d\udee0\ufe0f Contribuer \u00e0 la remise en \u00e9tat d\u2019un espace d\u00e9t\u00e9rior\u00e9.<br><\/li>\n\n\n\n<li><strong>Sanction \u00e9ducative<\/strong> :<br>\ud83c\udf93 Suivre un atelier ou une formation sp\u00e9cifique (ex. : gestion des \u00e9motions, respect des r\u00e8gles).<br>\ud83d\udde3\ufe0f Participer \u00e0 une activit\u00e9 de m\u00e9diation ou de sensibilisation sur le th\u00e8me concern\u00e9 (ex. : s\u00e9curit\u00e9, respect).<\/li>\n<\/ol>\n\n\n\n<p>\ud83c\udf31 <strong>Cons\u00e9quences naturelles<\/strong> :<br>Les cons\u00e9quences naturelles peuvent aussi avoir un effet positif sur le comportement de votre enfant. En plus, elles sont une fa\u00e7on de le responsabiliser. Ce type de cons\u00e9quence se produit sans votre intervention et il permet \u00e0 votre enfant de tirer un apprentissage d\u2019une situation.<br>\u2744\ufe0f Par exemple : s\u2019il ne met pas son cache-cou l\u2019hiver, il aura froid. Cela l\u2019incitera donc \u00e0 le mettre la prochaine fois qu\u2019il sortira.<br>\u26a0\ufe0f Ne laissez toutefois pas votre enfant exp\u00e9rimenter une cons\u00e9quence naturelle si un danger existe pour lui ou son entourage.<\/p>\n<\/div>\n<\/div>\n\n\n\n<p>Des outils \u00e0 nous partager ?&nbsp;<a href=\"https:\/\/api-lux.be\/index.php\/contact\/\">Cliquez ici<\/a><\/p>\n","protected":false},"excerpt":{"rendered":"<p>\ud83d\udea7 Poser et maintenir le cadre &#8211; Sanctions proportionnelles et \u00e9ducatives pour responsabiliser les jeunes<\/p>\n","protected":false},"author":2,"featured_media":0,"comment_status":"closed","ping_status":"closed","sticky":false,"template":"","format":"standard","meta":{"iawp_total_views":44,"footnotes":""},"categories":[28,4,27,18,9,12,13,46,48,47,19,20],"tags":[],"class_list":["post-700","post","type-post","status-publish","format-standard","hentry","category-autonomie-et-responsabilisation","category-besoins","category-besoins-daccomplissement","category-besoins-destime","category-besoins-de-securite","category-cadre-et-limites","category-coherence","category-fiches-outils","category-fiches-outils-pour-les-aidants-proches","category-fiches-outils-pour-les-professionnels","category-gestion-des-emotions","category-individualisation"],"_links":{"self":[{"href":"https:\/\/api-lux.be\/index.php\/wp-json\/wp\/v2\/posts\/700","targetHints":{"allow":["GET"]}}],"collection":[{"href":"https:\/\/api-lux.be\/index.php\/wp-json\/wp\/v2\/posts"}],"about":[{"href":"https:\/\/api-lux.be\/index.php\/wp-json\/wp\/v2\/types\/post"}],"author":[{"embeddable":true,"href":"https:\/\/api-lux.be\/index.php\/wp-json\/wp\/v2\/users\/2"}],"replies":[{"embeddable":true,"href":"https:\/\/api-lux.be\/index.php\/wp-json\/wp\/v2\/comments?post=700"}],"version-history":[{"count":17,"href":"https:\/\/api-lux.be\/index.php\/wp-json\/wp\/v2\/posts\/700\/revisions"}],"predecessor-version":[{"id":7674,"href":"https:\/\/api-lux.be\/index.php\/wp-json\/wp\/v2\/posts\/700\/revisions\/7674"}],"wp:attachment":[{"href":"https:\/\/api-lux.be\/index.php\/wp-json\/wp\/v2\/media?parent=700"}],"wp:term":[{"taxonomy":"category","embeddable":true,"href":"https:\/\/api-lux.be\/index.php\/wp-json\/wp\/v2\/categories?post=700"},{"taxonomy":"post_tag","embeddable":true,"href":"https:\/\/api-lux.be\/index.php\/wp-json\/wp\/v2\/tags?post=700"}],"curies":[{"name":"wp","href":"https:\/\/api.w.org\/{rel}","templated":true}]}}