{"id":699,"date":"2025-03-13T12:38:55","date_gmt":"2025-03-13T11:38:55","guid":{"rendered":"http:\/\/localhost\/mdi_w\/?p=699"},"modified":"2025-07-01T13:23:44","modified_gmt":"2025-07-01T11:23:44","slug":"loi-regle-et-consequences-et-sanctions","status":"publish","type":"post","link":"https:\/\/api-lux.be\/index.php\/2025\/03\/13\/loi-regle-et-consequences-et-sanctions\/","title":{"rendered":"Conna\u00eetre la loi, la r\u00e8gle et les cons\u00e9quences d&rsquo;une transgression : ROI, Charte d&rsquo;Accueil, adaptation, visibilit\u00e9, sanctions"},"content":{"rendered":"\n<div class=\"wp-block-columns is-layout-flex wp-container-core-columns-is-layout-9d6595d7 wp-block-columns-is-layout-flex\">\n<div class=\"wp-block-column is-vertically-aligned-center is-layout-flow wp-block-column-is-layout-flow\"><div class=\"wp-block-image\">\n<figure class=\"aligncenter size-full is-resized\"><img loading=\"lazy\" decoding=\"async\" width=\"560\" height=\"804\" src=\"https:\/\/api-lux.be\/wp-content\/uploads\/2025\/02\/a88a4e27a42b3795a046a3d39ccb97f8.jpg\" alt=\"\" class=\"wp-image-1516\" style=\"width:239px;height:auto\" srcset=\"https:\/\/api-lux.be\/wp-content\/uploads\/2025\/02\/a88a4e27a42b3795a046a3d39ccb97f8.jpg 560w, https:\/\/api-lux.be\/wp-content\/uploads\/2025\/02\/a88a4e27a42b3795a046a3d39ccb97f8-209x300.jpg 209w\" sizes=\"auto, (max-width: 560px) 100vw, 560px\" \/><\/figure>\n<\/div><\/div>\n\n\n\n<div class=\"wp-block-column is-layout-flow wp-block-column-is-layout-flow\">\n<p>\ud83d\udea7 <strong>Poser et maintenir le cadre<\/strong> &#8211; Outils \u00e9ducatifs pour aider les jeunes \u00e0 comprendre les r\u00e8gles et les sanctions associ\u00e9es, favorisant ainsi leur adh\u00e9sion et responsabilisation dans un environnement s\u00e9curis\u00e9.<\/p>\n\n\n\n<!--more-->\n\n\n\n<h2 class=\"wp-block-heading\">\u00c2ge cible<\/h2>\n\n\n\n<p> De 6 \u00e0 18 ans.<\/p>\n<\/div>\n<\/div>\n\n\n\n<h2 class=\"wp-block-heading\">Descriptif de l&rsquo;outil<\/h2>\n\n\n\n<p><strong>Cet outil vise \u00e0 instaurer un cadre s\u00e9curis\u00e9 et pr\u00e9visible<\/strong>, en favorisant la <strong>responsabilisation<\/strong> des jeunes gr\u00e2ce \u00e0 des <strong>r\u00e8gles claires<\/strong> et des <strong>sanctions proportionn\u00e9es<\/strong>. Il peut \u00eatre con\u00e7u en interne ou t\u00e9l\u00e9charg\u00e9 via des sites sp\u00e9cialis\u00e9s en p\u00e9dagogie.<\/p>\n\n\n\n<p>\ud83d\udcdc <strong>R\u00e8glement d\u2019ordre int\u00e9rieur (ROI)<\/strong><\/p>\n\n\n\n<ul class=\"wp-block-list\">\n<li><strong>R\u00e9diger<\/strong> un ROI adapt\u00e9 \u00e0 l&rsquo;\u00e2ge des jeunes, int\u00e9grant des r\u00e8gles essentielles (<strong>s\u00e9curit\u00e9<\/strong>, <strong>respect<\/strong>, <strong>participation<\/strong>) et des attentes pr\u00e9cises.<br>\u270d\ufe0f <strong>Formaliser l\u2019adh\u00e9sion<\/strong> par une signature (jeune et repr\u00e9sentant l\u00e9gal) pour valider la compr\u00e9hension et l\u2019acceptation du r\u00e8glement.<\/li>\n<\/ul>\n\n\n\n<p>\ud83e\udd1d <strong>Charte d\u2019accueil<\/strong><\/p>\n\n\n\n<ul class=\"wp-block-list\">\n<li><strong>Co-construire<\/strong> la charte avec les jeunes pour renforcer l\u2019engagement et le sentiment d\u2019appartenance.<br>\ud83d\uddbc\ufe0f <strong>Adapter<\/strong> la charte au ROI avec des pictogrammes et illustrations pour rendre les r\u00e8gles accessibles.<\/li>\n<\/ul>\n\n\n\n<p>\ud83d\udccd <strong>Visibilit\u00e9 et accessibilit\u00e9<\/strong><\/p>\n\n\n\n<ul class=\"wp-block-list\">\n<li><strong>Afficher<\/strong> de mani\u00e8re permanente dans les espaces de vie (salles de classe, zones communes) avec des supports visuels comme des affiches, panneaux et sch\u00e9mas illustr\u00e9s.<br>\u23f0 <strong>R\u00e9aliser des rappels r\u00e9guliers<\/strong> lors des r\u00e9unions de groupe et des temps cl\u00e9s de la journ\u00e9e.<\/li>\n<\/ul>\n\n\n\n<p>\u2696\ufe0f <strong>Sanctions \u00e9ducatives<\/strong><\/p>\n\n\n\n<ul class=\"wp-block-list\">\n<li><strong>Privil\u00e9gier<\/strong> des sanctions graduelles, adapt\u00e9es \u00e0 la faute commise, et favorisant la r\u00e9paration (lettre d\u2019excuses, t\u00e2ches utiles, participation \u00e0 un projet collectif).<br>\ud83d\udeab <strong>\u00c9viter<\/strong> les sanctions arbitraires et encourager des actions formatrices.<\/li>\n<\/ul>\n\n\n\n<p>\u26a0\ufe0f <strong>Points d&rsquo;attention<\/strong><\/p>\n\n\n\n<ul class=\"wp-block-list\">\n<li><strong>Adapter<\/strong> le discours aux <strong>capacit\u00e9s de compr\u00e9hension<\/strong> des jeunes.<\/li>\n\n\n\n<li><strong>Utiliser des outils visuels<\/strong> et concrets (pictogrammes, vid\u00e9os p\u00e9dagogiques) pour soutenir la compr\u00e9hension.<\/li>\n\n\n\n<li><strong>Valoriser<\/strong> les comportements positifs en int\u00e9grant des dispositifs comme un tableau de responsabilit\u00e9s ou des points de comportement.<\/li>\n\n\n\n<li><strong>Assurer un suivi r\u00e9gulier<\/strong> des r\u00e8gles et ajuster les sanctions si n\u00e9cessaire.<\/li>\n<\/ul>\n\n\n\n<div class=\"wp-block-columns is-layout-flex wp-container-core-columns-is-layout-9d6595d7 wp-block-columns-is-layout-flex\">\n<div class=\"wp-block-column is-layout-flow wp-block-column-is-layout-flow\">\n<h2 class=\"wp-block-heading\">Objectif(s) d&rsquo;utilisation<\/h2>\n\n\n\n<p>\ud83d\udcdc <strong>Clarifier les attentes<\/strong> et rendre le cadre s\u00e9curitaire.<\/p>\n\n\n\n<p>\ud83d\udeab <strong>Pr\u00e9venir les comportements ind\u00e9sirables<\/strong> en informant des cons\u00e9quences.<\/p>\n\n\n\n<p>\ud83e\uddd1\u200d\u2696\ufe0f <strong>Renforcer la responsabilit\u00e9 personnelle<\/strong> en rendant les r\u00e8gles compr\u00e9hensibles.<\/p>\n\n\n\n<p>\u2696\ufe0f <strong>Garantir la coh\u00e9rence et l&rsquo;\u00e9quit\u00e9<\/strong> dans l&rsquo;application des r\u00e8gles et sanctions.<\/p>\n\n\n\n<p>\ud83c\udf93 <strong>Promouvoir une approche \u00e9ducative<\/strong> des sanctions pour encourager l\u2019apprentissage.<\/p>\n\n\n\n<p>\ud83d\udc41\ufe0f <strong>Faciliter l\u2019adaptation<\/strong> et la visibilit\u00e9 des r\u00e8gles pour tous.<\/p>\n\n\n\n<ol class=\"wp-block-list\">\n<li><\/li>\n<\/ol>\n<\/div>\n\n\n\n<div class=\"wp-block-column is-layout-flow wp-block-column-is-layout-flow\"><\/div>\n<\/div>\n\n\n\n<h2 class=\"wp-block-heading\"><\/h2>\n\n\n\n<p>Aider les jeunes \u00e0 comprendre les r\u00e8gles et \u00e0 se responsabiliser par une communication claire des attentes et des cons\u00e9quences.<br>\ud83d\udd12 Promouvoir un environnement pr\u00e9visible et s\u00e9curis\u00e9 pour favoriser le respect des r\u00e8gles et une cohabitation harmonieuse.<\/p>\n\n\n\n<div class=\"wp-block-columns is-layout-flex wp-container-core-columns-is-layout-9d6595d7 wp-block-columns-is-layout-flex\">\n<div class=\"wp-block-column is-layout-flow wp-block-column-is-layout-flow\">\n<h2 class=\"wp-block-heading\">Points d&rsquo;attention<\/h2>\n\n\n\n<p><\/p>\n<\/div>\n\n\n\n<div class=\"wp-block-column is-layout-flow wp-block-column-is-layout-flow\">\n<h2 class=\"wp-block-heading\">Liens utiles<\/h2>\n\n\n\n<p><strong><em>Livret:<\/em><\/strong> Comment et pourquoi \u00e9tablir un ROI <a href=\"https:\/\/www.coordination-crh.be\/media_nouveau_site\/Outil-ROI-Version-2-FINAL.pdf\" target=\"_blank\" rel=\"noreferrer noopener\">https:\/\/www.coordination-crh.be\/media_nouveau_site\/Outil-ROI-Version-2-FINAL.pdf<\/a><br><br><br><br><\/p>\n<\/div>\n<\/div>\n\n\n\n<div class=\"wp-block-columns is-layout-flex wp-container-core-columns-is-layout-9d6595d7 wp-block-columns-is-layout-flex\">\n<div class=\"wp-block-column is-layout-flow wp-block-column-is-layout-flow\">\n<h2 class=\"wp-block-heading\">Variantes &#8211; am\u00e9nagement<\/h2>\n\n\n\n<p><strong>Co-construction de la Charte d&rsquo;accueil<\/strong><br>Organiser des ateliers participatifs pour impliquer les jeunes dans l\u2019\u00e9laboration des r\u00e8gles.<br>\ud83c\udfa5 Cr\u00e9er des supports visuels ensemble (panneaux illustr\u00e9s, vid\u00e9os explicatives).<\/p>\n\n\n\n<p><strong>Affichage ludique<\/strong><br>Utiliser des personnages fictifs ou des mascottes pour repr\u00e9senter les r\u00e8gles.<br>\ud83c\udfae D\u00e9velopper des jeux interactifs (parcours, quiz, d\u00e9fis) pour renforcer l\u2019apprentissage des r\u00e8gles.<\/p>\n\n\n\n<p><strong>Soutien \u00e0 la compr\u00e9hension<\/strong><br>Proposer des vid\u00e9os courtes sur des th\u00e8mes comme le respect et la s\u00e9curit\u00e9.<br>\ud83d\udcda Utiliser des livres ou des histoires pour enfants illustrant des situations de transgression des r\u00e8gles et leurs cons\u00e9quences.<\/p>\n<\/div>\n<\/div>\n\n\n\n<p>Des outils \u00e0 nous partager ?&nbsp;<a href=\"https:\/\/api-lux.be\/index.php\/contact\/\">Cliquez ici<\/a><\/p>\n","protected":false},"excerpt":{"rendered":"<p>\ud83d\udea7 Poser et maintenir le cadre &#8211; Outils \u00e9ducatifs pour aider les jeunes \u00e0 comprendre les r\u00e8gles et les sanctions associ\u00e9es, favorisant ainsi leur adh\u00e9sion et responsabilisation dans un environnement [&hellip;]<\/p>\n","protected":false},"author":2,"featured_media":0,"comment_status":"closed","ping_status":"closed","sticky":false,"template":"","format":"standard","meta":{"iawp_total_views":18,"footnotes":""},"categories":[28,27,18,9,12,13,46,48,47,19,20,21],"tags":[],"class_list":["post-699","post","type-post","status-publish","format-standard","hentry","category-autonomie-et-responsabilisation","category-besoins-daccomplissement","category-besoins-destime","category-besoins-de-securite","category-cadre-et-limites","category-coherence","category-fiches-outils","category-fiches-outils-pour-les-aidants-proches","category-fiches-outils-pour-les-professionnels","category-gestion-des-emotions","category-individualisation","category-valorisation-confiance"],"_links":{"self":[{"href":"https:\/\/api-lux.be\/index.php\/wp-json\/wp\/v2\/posts\/699","targetHints":{"allow":["GET"]}}],"collection":[{"href":"https:\/\/api-lux.be\/index.php\/wp-json\/wp\/v2\/posts"}],"about":[{"href":"https:\/\/api-lux.be\/index.php\/wp-json\/wp\/v2\/types\/post"}],"author":[{"embeddable":true,"href":"https:\/\/api-lux.be\/index.php\/wp-json\/wp\/v2\/users\/2"}],"replies":[{"embeddable":true,"href":"https:\/\/api-lux.be\/index.php\/wp-json\/wp\/v2\/comments?post=699"}],"version-history":[{"count":12,"href":"https:\/\/api-lux.be\/index.php\/wp-json\/wp\/v2\/posts\/699\/revisions"}],"predecessor-version":[{"id":7660,"href":"https:\/\/api-lux.be\/index.php\/wp-json\/wp\/v2\/posts\/699\/revisions\/7660"}],"wp:attachment":[{"href":"https:\/\/api-lux.be\/index.php\/wp-json\/wp\/v2\/media?parent=699"}],"wp:term":[{"taxonomy":"category","embeddable":true,"href":"https:\/\/api-lux.be\/index.php\/wp-json\/wp\/v2\/categories?post=699"},{"taxonomy":"post_tag","embeddable":true,"href":"https:\/\/api-lux.be\/index.php\/wp-json\/wp\/v2\/tags?post=699"}],"curies":[{"name":"wp","href":"https:\/\/api.w.org\/{rel}","templated":true}]}}