{"id":697,"date":"2025-03-13T11:36:55","date_gmt":"2025-03-13T10:36:55","guid":{"rendered":"http:\/\/localhost\/mdi_w\/?p=697"},"modified":"2025-07-01T13:28:38","modified_gmt":"2025-07-01T11:28:38","slug":"marquer-le-temps","status":"publish","type":"post","link":"https:\/\/api-lux.be\/index.php\/2025\/03\/13\/marquer-le-temps\/","title":{"rendered":"Symboliser et marquer le temps pour mieux l&rsquo;appr\u00e9hender"},"content":{"rendered":"\n<div class=\"wp-block-columns is-layout-flex wp-container-core-columns-is-layout-9d6595d7 wp-block-columns-is-layout-flex\">\n<div class=\"wp-block-column is-vertically-aligned-center is-layout-flow wp-block-column-is-layout-flow\"><div class=\"wp-block-image\">\n<figure class=\"aligncenter size-full\"><img loading=\"lazy\" decoding=\"async\" width=\"800\" height=\"616\" src=\"https:\/\/api-lux.be\/wp-content\/uploads\/2025\/02\/216.jpg\" alt=\"\" class=\"wp-image-1485\" srcset=\"https:\/\/api-lux.be\/wp-content\/uploads\/2025\/02\/216.jpg 800w, https:\/\/api-lux.be\/wp-content\/uploads\/2025\/02\/216-300x231.jpg 300w, https:\/\/api-lux.be\/wp-content\/uploads\/2025\/02\/216-768x591.jpg 768w\" sizes=\"auto, (max-width: 800px) 100vw, 800px\" \/><\/figure>\n<\/div><\/div>\n\n\n\n<div class=\"wp-block-column is-layout-flow wp-block-column-is-layout-flow\">\n<p>\ud83e\udd1d\ufe0f <strong>Soutenir et mobiliser: trucs et astuces <\/strong>&#8211; L&rsquo;outil \u00ab\u00a0Marquer le temps\u00a0\u00bb vise \u00e0 offrir \u00e0 l&rsquo;enfant des rep\u00e8res temporels stables, lui permettant de s&rsquo;inscrire dans une temporalit\u00e9 plus large que celle du quotidien.<\/p>\n\n\n\n<!--more-->\n\n\n\n<h2 class=\"wp-block-heading\">\u00c2ge cible<\/h2>\n\n\n\n<p>\u00c0 partir de 2 ans.<\/p>\n<\/div>\n<\/div>\n\n\n\n<h2 class=\"wp-block-heading\">Descriptif de l&rsquo;outil<\/h2>\n\n\n\n<h2 class=\"wp-block-heading\">\ud83d\udd52 Mat\u00e9rialiser la notion de temps : des supports concrets pour cr\u00e9er des rep\u00e8res<\/h2>\n\n\n\n<p>Pour aider l\u2019enfant \u00e0 mieux se situer dans le temps et \u00e0 anticiper les \u00e9v\u00e9nements, plusieurs <strong>supports visuels et outils concrets<\/strong> peuvent \u00eatre utilis\u00e9s au quotidien :<\/p>\n\n\n\n<h3 class=\"wp-block-heading\"><a href=\"https:\/\/api-lux.be\/index.php\/2025\/02\/14\/calendrier-individuel\/\" data-type=\"link\" data-id=\"https:\/\/api-lux.be\/index.php\/2025\/02\/14\/calendrier-individuel\/\" target=\"_blank\" rel=\"noreferrer noopener\">\ud83d\udcc5 <strong>Les calendriers visuels<\/strong><\/a><\/h3>\n\n\n\n<ul class=\"wp-block-list\">\n<li><strong>Calendrier annuel<\/strong> : Affiche les <strong>saisons<\/strong>, les <strong>grands \u00e9v\u00e9nements familiaux<\/strong>, les <strong>f\u00eates culturelles<\/strong> ou encore les <strong>cong\u00e9s scolaires<\/strong>.<\/li>\n\n\n\n<li><strong>Calendrier mensuel<\/strong> : Sert \u00e0 noter les <strong>rendez-vous importants<\/strong> ou les <strong>activit\u00e9s sp\u00e9ciales<\/strong>, comme les <strong>anniversaires<\/strong> ou les <strong>sorties scolaires<\/strong>.<\/li>\n\n\n\n<li><strong>Calendrier quotidien<\/strong> : Int\u00e8gre les <strong>rituels du quotidien<\/strong>, et permet de faire le lien entre <strong>court terme<\/strong> et <strong>long terme<\/strong>.<\/li>\n<\/ul>\n\n\n\n<h3 class=\"wp-block-heading\">\ud83d\udcc6 <strong>Les outils de rep\u00e9rage temporel<\/strong><\/h3>\n\n\n\n<ul class=\"wp-block-list\">\n<li><strong>Frise chronologique de l\u2019ann\u00e9e<\/strong> : Aide l\u2019enfant \u00e0 <strong>visualiser sa position dans l\u2019ann\u00e9e<\/strong> et \u00e0 rep\u00e9rer les \u00e9v\u00e9nements \u00e0 venir.<\/li>\n\n\n\n<li><strong>Arbre des saisons<\/strong> : Chaque saison est illustr\u00e9e par des <strong>\u00e9l\u00e9ments visuels<\/strong> concrets (feuilles, fleurs, soleil, neige\u2026).<\/li>\n\n\n\n<li><strong>\u00c9ph\u00e9m\u00e9ride ou roue des saisons<\/strong> : \u00c0 <strong>faire tourner<\/strong> pour repr\u00e9senter le <strong>cycle des mois<\/strong> ou des <strong>saisons<\/strong>.<\/li>\n<\/ul>\n\n\n\n<h3 class=\"wp-block-heading\">\u23f3 <strong>Les outils pour repr\u00e9senter le temps qui passe<\/strong><\/h3>\n\n\n\n<ul class=\"wp-block-list\">\n<li><strong>Time Timer, sabliers<\/strong> : Permettent de mat\u00e9rialiser <strong>de courtes dur\u00e9es<\/strong> (ex. : attendre 5 minutes, dur\u00e9e d\u2019une activit\u00e9).<\/li>\n\n\n\n<li><strong>Montre adapt\u00e9e aux enfants<\/strong> : Pour les initier progressivement \u00e0 la <strong>lecture de l\u2019heure<\/strong>.<\/li>\n<\/ul>\n\n\n\n<h3 class=\"wp-block-heading\">\ud83d\udd01 <strong>Les rituels de transition<\/strong><\/h3>\n\n\n\n<ul class=\"wp-block-list\">\n<li><strong>Chanter une chanson<\/strong> du matin ou du soir pour marquer <strong>le d\u00e9but et la fin de la journ\u00e9e<\/strong>.<\/li>\n\n\n\n<li><strong>Utiliser des <a href=\"https:\/\/api-lux.be\/index.php\/2025\/02\/14\/pictogrammes\/\" data-type=\"link\" data-id=\"https:\/\/api-lux.be\/index.php\/2025\/02\/14\/pictogrammes\/\" target=\"_blank\" rel=\"noreferrer noopener\">pictogrammes<\/a> ou images<\/strong> pour symboliser les diff\u00e9rentes p\u00e9riodes de la journ\u00e9e (<strong>matin<\/strong>, <strong>apr\u00e8s-midi<\/strong>, <strong>soir<\/strong>).<\/li>\n<\/ul>\n\n\n\n<h3 class=\"wp-block-heading\">\ud83c\udf3f <strong>Les activit\u00e9s autour de la notion de temps<\/strong><\/h3>\n\n\n\n<ul class=\"wp-block-list\">\n<li><strong>Observer la nature<\/strong> : Cr\u00e9er un <strong>journal des saisons<\/strong> avec des <strong>photos<\/strong>, <strong>dessins<\/strong> ou <strong>objets collect\u00e9s<\/strong> (feuilles, fleurs\u2026).<\/li>\n\n\n\n<li><strong>Fabriquer un calendrier de l\u2019Avent<\/strong> : Pour <strong>visualiser l\u2019attente<\/strong> jusqu\u2019\u00e0 un \u00e9v\u00e9nement important, comme <strong>No\u00ebl<\/strong>.<\/li>\n\n\n\n<li><strong>Cr\u00e9er un album des souvenirs<\/strong> : Associer des <strong>photos \u00e0 des dates<\/strong> pour <strong>relier le v\u00e9cu \u00e0 la temporalit\u00e9<\/strong>.<\/li>\n<\/ul>\n\n\n\n<p>\u26a0\ufe0f <strong>Points d\u2019attention :<\/strong><\/p>\n\n\n\n<ul class=\"wp-block-list\">\n<li>\ud83d\udde3\ufe0f <strong>Adapter le discours \u00e0 l\u2019\u00e2ge de l\u2019enfant<\/strong> : Utiliser des <strong>mots simples<\/strong> pour les plus jeunes, et <strong>introduire progressivement<\/strong> des notions plus abstraites (<em>hier, demain, la semaine prochaine<\/em>).<\/li>\n\n\n\n<li>\ud83e\uddf8 <strong>Donner des rep\u00e8res concrets et tangibles<\/strong> : Utiliser des <strong>objets<\/strong>, <strong>images<\/strong>, ou <strong>rituels<\/strong> pour rendre le <strong>temps perceptible et compr\u00e9hensible<\/strong>.<\/li>\n\n\n\n<li>\u23f3 <strong>Respecter le rythme de l\u2019enfant<\/strong> : Ne pas <strong>surcharger<\/strong> l\u2019enfant d\u2019informations temporelles ; introduire les notions <strong>au fur et \u00e0 mesure<\/strong>, selon ses <strong>besoins<\/strong> et son <strong>\u00e9volution<\/strong>.<\/li>\n\n\n\n<li>\ud83d\udcac <strong>Soutenir l\u2019enfant dans l\u2019expression de ses \u00e9motions<\/strong> : L\u2019aider \u00e0 <strong>verbaliser ses ressentis<\/strong> face \u00e0 <strong>l\u2019attente<\/strong> ou \u00e0 <strong>la perspective d\u2019un \u00e9v\u00e9nement<\/strong>.<\/li>\n<\/ul>\n\n\n\n<div class=\"wp-block-columns is-layout-flex wp-container-core-columns-is-layout-9d6595d7 wp-block-columns-is-layout-flex\">\n<div class=\"wp-block-column is-layout-flow wp-block-column-is-layout-flow\">\n<h2 class=\"wp-block-heading\">Objectif(s) d&rsquo;utilisation<\/h2>\n\n\n\n<p>\u23f0 <strong>L&rsquo;outil \u00ab\u00a0Marquer le temps\u00a0\u00bb<\/strong> vise \u00e0 offrir \u00e0 l&rsquo;enfant des <strong>rep\u00e8res temporels stables<\/strong>, lui permettant de s&rsquo;inscrire dans une temporalit\u00e9 plus large que celle du quotidien. Cet outil contribue \u00e0 :<\/p>\n\n\n\n<p>\ud83d\uddd3\ufe0f <strong>Structurer le temps court et long terme<\/strong> : De la <strong>journ\u00e9e<\/strong> aux <strong>saisons<\/strong>, en passant par les <strong>\u00e9v\u00e9nements annuels<\/strong>.<\/p>\n\n\n\n<p>\ud83d\udd2e <strong>Favoriser l&rsquo;anticipation et la pr\u00e9visibilit\u00e9<\/strong> : En permettant \u00e0 l&rsquo;enfant de se <strong>pr\u00e9parer \u00e9motionnellement<\/strong> aux \u00e9v\u00e9nements \u00e0 venir.<\/p>\n\n\n\n<p>\u23f3 <strong>Appr\u00e9hender le temps qui passe<\/strong> : D\u00e9velopper une conscience du <strong>cycle naturel<\/strong> (saisons, m\u00e9t\u00e9o), des <strong>\u00e9v\u00e9nements marquants<\/strong> (anniversaires, f\u00eates, cong\u00e9s scolaires) et des <strong>\u00e9ch\u00e9ances personnelles<\/strong> (rendez-vous, projets).<\/p>\n\n\n\n<p>\ud83c\udf0d <strong>S&rsquo;inscrire dans un environnement et une culture<\/strong> : En reconnaissant les <strong>f\u00eates traditionnelles<\/strong>, les <strong>rituels familiaux<\/strong> ou <strong>scolaires<\/strong>.<\/p>\n\n\n\n<p>\ud83d\udc9e <strong>Soutenir la gestion des \u00e9motions<\/strong> : En rendant le <strong>temps concret<\/strong>, on aide l&rsquo;enfant \u00e0 mieux vivre <strong>l&rsquo;attente<\/strong>, \u00e0 anticiper le <strong>plaisir ou la frustration<\/strong>, et \u00e0 se <strong>rassurer face \u00e0 l&rsquo;inconnu<\/strong>.<\/p>\n<\/div>\n\n\n\n<div class=\"wp-block-column is-layout-flow wp-block-column-is-layout-flow\">\n<h2 class=\"wp-block-heading\">Variantes &#8211; am\u00e9nagements<\/h2>\n\n\n\n<h4 class=\"wp-block-heading\">\ud83e\uddd2 1. Pour les plus jeunes<\/h4>\n\n\n\n<ul class=\"wp-block-list\">\n<li>\ud83c\udf00 <strong>Utiliser une roue de la journ\u00e9e<\/strong> : Afficher des images pour chaque moment cl\u00e9 (<em>r\u00e9veil, repas, \u00e9cole, jeu, coucher<\/em>), afin de structurer leur quotidien.<\/li>\n\n\n\n<li>\ud83c\udf19 <strong>Introduire la notion de \u00ab\u00a0dodo\u00a0\u00bb<\/strong> : Pour les aider \u00e0 patienter avant un \u00e9v\u00e9nement, on peut dire : <em>\u00ab\u00a0Encore 3 dodos avant ton anniversaire !\u00a0\u00bb<\/em>.<\/li>\n<\/ul>\n\n\n\n<h4 class=\"wp-block-heading\">\ud83e\uddd1\u200d\ud83c\udf93 2. Pour les plus grands<\/h4>\n\n\n\n<ul class=\"wp-block-list\">\n<li>\ud83d\udcd8 <strong>Cr\u00e9er un agenda personnalis\u00e9<\/strong> : L\u2019enfant peut \u00e9crire ou dessiner ses projets, coller des images ou noter ses rendez-vous, ce qui d\u00e9veloppe son autonomie.<\/li>\n\n\n\n<li>\ud83c\udf26\ufe0f <strong>Proposer des activit\u00e9s autour de la m\u00e9t\u00e9o et des saisons<\/strong> : Par exemple, choisir ses v\u00eatements selon la m\u00e9t\u00e9o pr\u00e9vue.<\/li>\n<\/ul>\n\n\n\n<h4 class=\"wp-block-heading\">\ud83e\udde0 3. Pour les enfants ayant des besoins sp\u00e9cifiques<\/h4>\n\n\n\n<ul class=\"wp-block-list\">\n<li>\ud83c\udfa8 <strong>Simplifier les outils visuels<\/strong> : R\u00e9duire le nombre de pictogrammes, et utiliser des couleurs vives pour bien distinguer les p\u00e9riodes (matin, apr\u00e8s-midi, soir\u2026).<\/li>\n\n\n\n<li>\u23f3 <strong>Utiliser des timers visuels ou des sabliers<\/strong> : Pour mat\u00e9rialiser l\u2019attente ou structurer les dur\u00e9es d\u2019activit\u00e9, tr\u00e8s utile pour apaiser et rythmer les transitions.<\/li>\n<\/ul>\n<\/div>\n<\/div>\n\n\n\n<div class=\"wp-block-columns is-layout-flex wp-container-core-columns-is-layout-9d6595d7 wp-block-columns-is-layout-flex\">\n<div class=\"wp-block-column is-layout-flow wp-block-column-is-layout-flow\">\n<h2 class=\"wp-block-heading\">Liens utiles<\/h2>\n\n\n\n<p>\u200b<strong>\ud83d\udcf0 ARTICLE<\/strong> <a href=\"https:\/\/virginieeducatricelarochelle.com\/2022\/08\/27\/outils-structuration-du-temps-time-timer-sablier-synopte-horloge\/\" target=\"_blank\" rel=\"noreferrer noopener\">Outils de structuration du temps : Time Timer, sablier, Synopte, horloge \u2013 Virginie \u00c9ducatrice<\/a><br>Un article qui pr\u00e9sente divers outils visuels pour aider les enfants \u00e0 mieux percevoir le temps et \u00e0 structurer leurs activit\u00e9s quotidiennes. Il d\u00e9taille l&rsquo;utilisation du Time Timer, des sabliers, du Synopte et des horloges adapt\u00e9es, en soulignant leur utilit\u00e9 dans le d\u00e9veloppement de l&rsquo;autonomie et la gestion du temps chez les jeunes enfants.<\/p>\n\n\n\n<p>\u200b\u200b<strong>\ud83d\udcf0 ARTICLE<\/strong> <a href=\"https:\/\/www.bloghoptoys.fr\/apprehender-le-temps-qui-passe-2\" target=\"_blank\" rel=\"noreferrer noopener\">Appr\u00e9hender le temps qui passe \u2013 Blog Hop&rsquo;Toys<\/a><br>Un article qui explique comment aider les enfants \u00e0 comprendre la notion abstraite du temps en utilisant des rep\u00e8res visuels et des outils adapt\u00e9s, tels que le Synopte, le Time Timer ou des pictogrammes, pour structurer leur journ\u00e9e et favoriser leur autonomie.<\/p>\n<\/div>\n<\/div>\n\n\n\n<p>Des outils \u00e0 nous partager ?&nbsp;<a href=\"https:\/\/api-lux.be\/index.php\/contact\/\">Cliquez ici<\/a><\/p>\n","protected":false},"excerpt":{"rendered":"<p>\ud83e\udd1d\ufe0f Soutenir et mobiliser: trucs et astuces &#8211; L&rsquo;outil \u00ab\u00a0Marquer le temps\u00a0\u00bb vise \u00e0 offrir \u00e0 l&rsquo;enfant des rep\u00e8res temporels stables, lui permettant de s&rsquo;inscrire dans une temporalit\u00e9 plus large [&hellip;]<\/p>\n","protected":false},"author":2,"featured_media":0,"comment_status":"closed","ping_status":"closed","sticky":false,"template":"","format":"standard","meta":{"iawp_total_views":11,"footnotes":""},"categories":[10,22,27,18,9,13,46,48,47,19,20,11,21],"tags":[],"class_list":["post-697","post","type-post","status-publish","format-standard","hentry","category-amenagement-environnement","category-besoins-cognitifs","category-besoins-daccomplissement","category-besoins-destime","category-besoins-de-securite","category-coherence","category-fiches-outils","category-fiches-outils-pour-les-aidants-proches","category-fiches-outils-pour-les-professionnels","category-gestion-des-emotions","category-individualisation","category-rituels","category-valorisation-confiance"],"_links":{"self":[{"href":"https:\/\/api-lux.be\/index.php\/wp-json\/wp\/v2\/posts\/697","targetHints":{"allow":["GET"]}}],"collection":[{"href":"https:\/\/api-lux.be\/index.php\/wp-json\/wp\/v2\/posts"}],"about":[{"href":"https:\/\/api-lux.be\/index.php\/wp-json\/wp\/v2\/types\/post"}],"author":[{"embeddable":true,"href":"https:\/\/api-lux.be\/index.php\/wp-json\/wp\/v2\/users\/2"}],"replies":[{"embeddable":true,"href":"https:\/\/api-lux.be\/index.php\/wp-json\/wp\/v2\/comments?post=697"}],"version-history":[{"count":13,"href":"https:\/\/api-lux.be\/index.php\/wp-json\/wp\/v2\/posts\/697\/revisions"}],"predecessor-version":[{"id":7673,"href":"https:\/\/api-lux.be\/index.php\/wp-json\/wp\/v2\/posts\/697\/revisions\/7673"}],"wp:attachment":[{"href":"https:\/\/api-lux.be\/index.php\/wp-json\/wp\/v2\/media?parent=697"}],"wp:term":[{"taxonomy":"category","embeddable":true,"href":"https:\/\/api-lux.be\/index.php\/wp-json\/wp\/v2\/categories?post=697"},{"taxonomy":"post_tag","embeddable":true,"href":"https:\/\/api-lux.be\/index.php\/wp-json\/wp\/v2\/tags?post=697"}],"curies":[{"name":"wp","href":"https:\/\/api.w.org\/{rel}","templated":true}]}}