{"id":696,"date":"2025-02-14T11:36:55","date_gmt":"2025-02-14T10:36:55","guid":{"rendered":"http:\/\/localhost\/mdi_w\/?p=696"},"modified":"2025-07-01T15:10:13","modified_gmt":"2025-07-01T13:10:13","slug":"eviter-les-variations-de-reperes","status":"publish","type":"post","link":"https:\/\/api-lux.be\/index.php\/2025\/02\/14\/eviter-les-variations-de-reperes\/","title":{"rendered":"Livret: \u00ab\u00a0Grandir avec des limites et des rep\u00e8res\u00a0\u00bb"},"content":{"rendered":"\n<div class=\"wp-block-columns is-layout-flex wp-container-core-columns-is-layout-9d6595d7 wp-block-columns-is-layout-flex\">\n<div class=\"wp-block-column is-layout-flow wp-block-column-is-layout-flow\">\n<figure class=\"wp-block-gallery has-nested-images columns-default is-cropped wp-block-gallery-1 is-layout-flex wp-block-gallery-is-layout-flex\">\n<figure class=\"wp-block-image size-full\"><img loading=\"lazy\" decoding=\"async\" width=\"212\" height=\"300\" data-id=\"1467\" src=\"https:\/\/api-lux.be\/wp-content\/uploads\/2025\/02\/Grandir-avec-des-limites-et-des-reperes-Parents-1.jpg\" alt=\"\" class=\"wp-image-1467\"\/><\/figure>\n<\/figure>\n<\/div>\n\n\n\n<div class=\"wp-block-column is-layout-flow wp-block-column-is-layout-flow\">\n<p><\/p>\n\n\n\n<h3 class=\"wp-block-heading\"><\/h3>\n\n\n\n<p>Ce carnet propose une approche structur\u00e9e pour accompagner les enfants \u00e0 chaque \u00e9tape de leur d\u00e9veloppement, en insistant sur l&rsquo;importance des limites, des r\u00e8gles et des rep\u00e8res stables pour favoriser leur \u00e9panouissement \u00e9motionnel et social.<\/p>\n\n\n\n<h2 class=\"wp-block-heading\">Age cible <\/h2>\n\n\n\n<p><b> De 0 \u00e0 7 an(s)<\/b><\/p>\n<\/div>\n<\/div>\n\n\n\n<h2 class=\"wp-block-heading\">Descriptif de l&rsquo;outil<br><\/h2>\n\n\n\n<h3 class=\"wp-block-heading\"><strong>Comment Mettre en Place les R\u00e8gles ?<\/strong><\/h3>\n\n\n\n<ol class=\"wp-block-list\">\n<li><strong>Formuler des r\u00e8gles claires et adapt\u00e9es \u00e0 l&rsquo;\u00e2ge<\/strong> : Utiliser un langage simple, \u00e9viter les consignes trop longues.<\/li>\n\n\n\n<li><strong>Expliquer le pourquoi des r\u00e8gles<\/strong> : Donner du sens aux consignes pour faciliter leur compr\u00e9hension.<\/li>\n\n\n\n<li><strong>Montrer l\u2019exemple<\/strong> : Les enfants imitent les comportements des adultes.<\/li>\n\n\n\n<li><strong>Encourager positivement<\/strong> : F\u00e9liciter l&rsquo;enfant lorsqu&rsquo;il respecte les r\u00e8gles.<\/li>\n\n\n\n<li><strong>Utiliser des supports visuels<\/strong> : Calendriers, tableaux de routine, pictogrammes.<\/li>\n<\/ol>\n\n\n\n<hr class=\"wp-block-separator has-alpha-channel-opacity\"\/>\n\n\n\n<h3 class=\"wp-block-heading\"><strong>Le R\u00f4le de la Sanction : Une Fonction \u00c9ducative<\/strong><\/h3>\n\n\n\n<ul class=\"wp-block-list\">\n<li><strong>Sanctionner avec bienveillance :<\/strong> Une sanction doit toujours \u00eatre en lien avec la r\u00e8gle enfreinte et \u00eatre expliqu\u00e9e \u00e0 l&rsquo;enfant.<\/li>\n\n\n\n<li><strong>\u00c9viter les punitions disproportionn\u00e9es :<\/strong> Elles peuvent g\u00e9n\u00e9rer de la peur ou de l&rsquo;incompr\u00e9hension.<\/li>\n\n\n\n<li><strong>Proposer des alternatives r\u00e9paratrices :<\/strong> Par exemple, demander \u00e0 l&rsquo;enfant de r\u00e9parer un geste malveillant en s&rsquo;excusant ou en proposant une action positive.<\/li>\n<\/ul>\n\n\n\n<hr class=\"wp-block-separator has-alpha-channel-opacity\"\/>\n\n\n\n<h3 class=\"wp-block-heading\"><strong>Pour \u00c9viter l\u2019Escalade : Conseils Pratiques<\/strong><\/h3>\n\n\n\n<ul class=\"wp-block-list\">\n<li><strong>Pr\u00e9venir plut\u00f4t que gu\u00e9rir :<\/strong> Anticiper les situations d\u00e9licates en rappelant les r\u00e8gles avant.<\/li>\n\n\n\n<li><strong>Utiliser l&rsquo;humour pour d\u00e9samorcer une crise.<\/strong><\/li>\n\n\n\n<li><strong>Instaurer des pauses ou des temps calmes<\/strong> lorsque l&rsquo;enfant est submerg\u00e9 par ses \u00e9motions.<\/li>\n\n\n\n<li><strong>Impliquer l&rsquo;enfant dans la recherche de solutions :<\/strong> \u00ab Que pourrais-tu faire la prochaine fois pour \u00e9viter ce probl\u00e8me ? \u00bb<\/li>\n<\/ul>\n\n\n\n<hr class=\"wp-block-separator has-alpha-channel-opacity\"\/>\n\n\n\n<h3 class=\"wp-block-heading\"><strong>Si les Parents se Sentent en Difficult\u00e9<\/strong><\/h3>\n\n\n\n<ul class=\"wp-block-list\">\n<li><strong>Demander du soutien :<\/strong> Famille, amis, professionnels de la petite enfance.<\/li>\n\n\n\n<li><strong>Se former ou s\u2019informer :<\/strong> Participer \u00e0 des ateliers, lire des ouvrages sur la parentalit\u00e9 bienveillante.<\/li>\n\n\n\n<li><strong>Ne pas h\u00e9siter \u00e0 consulter :<\/strong> Si le sentiment de d\u00e9couragement persiste, il peut \u00eatre utile de consulter un p\u00e9dopsychiatre ou un conseiller familial.<\/li>\n<\/ul>\n\n\n\n<div class=\"wp-block-columns is-layout-flex wp-container-core-columns-is-layout-9d6595d7 wp-block-columns-is-layout-flex\">\n<div class=\"wp-block-column is-layout-flow wp-block-column-is-layout-flow\">\n<h2 class=\"wp-block-heading\">Objectif(s) d&rsquo;utilisation<\/h2>\n\n\n\n<p><strong>Offrir un cadre s\u00e9curisant :<\/strong> Les routines et les limites permettent \u00e0 l&rsquo;enfant de se sentir en s\u00e9curit\u00e9 dans un environnement pr\u00e9visible, r\u00e9duisant ainsi son anxi\u00e9t\u00e9 face \u00e0 l&rsquo;inconnu.<\/p>\n\n\n\n<p><strong>Favoriser l&rsquo;autonomie :<\/strong> En instaurant des rep\u00e8res clairs, l&rsquo;enfant apprend progressivement \u00e0 g\u00e9rer ses activit\u00e9s quotidiennes de mani\u00e8re autonome.<\/p>\n\n\n\n<p><strong>Encourager la socialisation :<\/strong> Les r\u00e8gles sociales aident l&rsquo;enfant \u00e0 comprendre le fonctionnement de la vie en communaut\u00e9, en favorisant le respect des autres, l&rsquo;\u00e9coute et la coop\u00e9ration.<\/p>\n\n\n\n<p><strong>D\u00e9velopper la r\u00e9gulation \u00e9motionnelle :<\/strong> Un cadre structur\u00e9 permet \u00e0 l&rsquo;enfant d&rsquo;apprendre \u00e0 g\u00e9rer ses \u00e9motions, notamment en offrant des moments de transition ou de retour au calme.<\/p>\n\n\n\n<p><strong>Renforcer les comp\u00e9tences comportementales :<\/strong> L&rsquo;enfant apprend \u00e0 respecter les consignes, \u00e0 g\u00e9rer la frustration et \u00e0 adopter des comportements adapt\u00e9s aux diff\u00e9rentes situations de la vie quotidienne.<\/p>\n\n\n\n<p><strong>Soutenir la coh\u00e9rence \u00e9ducative :<\/strong> Cet outil propose aux parents des pistes concr\u00e8tes pour instaurer des r\u00e8gles adapt\u00e9es \u00e0 chaque \u00e9tape de d\u00e9veloppement, en tenant compte des besoins sp\u00e9cifiques de l&rsquo;enfant.<\/p>\n\n\n\n<p><strong>Accompagner les parents dans leur r\u00f4le \u00e9ducatif :<\/strong> En offrant des rep\u00e8res clairs et des exemples concrets, cet outil aide les parents \u00e0 se positionner avec justesse entre bienveillance et fermet\u00e9.<\/p>\n<\/div>\n\n\n\n<div class=\"wp-block-column is-layout-flow wp-block-column-is-layout-flow\">\n<h2 class=\"wp-block-heading\">Liens utiles<\/h2>\n\n\n\n<p><a href=\"https:\/\/www.one.be\/fileadmin\/user_upload\/siteone\/PARENTS\/Brochures\/Grandir_avec_des_limites_et_des_reperes_Parent.pdf\" target=\"_blank\" rel=\"noreferrer noopener\">https:\/\/www.one.be\/fileadmin\/user_upload\/siteone\/PARENTS\/Brochures\/Grandir_avec_des_limites_et_des_reperes_Parent.pdf<\/a><br><br><\/p>\n<\/div>\n<\/div>\n\n\n\n<p>Des outils \u00e0 nous partager ?\u00a0<a href=\"https:\/\/api-lux.be\/index.php\/contact\/\">Cliquez ici<\/a><\/p>\n","protected":false},"excerpt":{"rendered":"<p>Ce carnet propose une approche structur\u00e9e pour accompagner les enfants \u00e0 chaque \u00e9tape de leur d\u00e9veloppement, en insistant sur l&rsquo;importance des limites, des r\u00e8gles et des rep\u00e8res stables pour favoriser [&hellip;]<\/p>\n","protected":false},"author":1,"featured_media":0,"comment_status":"closed","ping_status":"closed","sticky":false,"template":"","format":"standard","meta":{"iawp_total_views":11,"footnotes":""},"categories":[4,22,27,14,18,9,5,12,13,46,48,47,19,11,6],"tags":[],"class_list":["post-696","post","type-post","status-publish","format-standard","hentry","category-besoins","category-besoins-cognitifs","category-besoins-daccomplissement","category-besoins-dappartenance","category-besoins-destime","category-besoins-de-securite","category-besoins-physiologiques","category-cadre-et-limites","category-coherence","category-fiches-outils","category-fiches-outils-pour-les-aidants-proches","category-fiches-outils-pour-les-professionnels","category-gestion-des-emotions","category-rituels","category-sante-alimentation-sommeil-hygiene"],"_links":{"self":[{"href":"https:\/\/api-lux.be\/index.php\/wp-json\/wp\/v2\/posts\/696","targetHints":{"allow":["GET"]}}],"collection":[{"href":"https:\/\/api-lux.be\/index.php\/wp-json\/wp\/v2\/posts"}],"about":[{"href":"https:\/\/api-lux.be\/index.php\/wp-json\/wp\/v2\/types\/post"}],"author":[{"embeddable":true,"href":"https:\/\/api-lux.be\/index.php\/wp-json\/wp\/v2\/users\/1"}],"replies":[{"embeddable":true,"href":"https:\/\/api-lux.be\/index.php\/wp-json\/wp\/v2\/comments?post=696"}],"version-history":[{"count":6,"href":"https:\/\/api-lux.be\/index.php\/wp-json\/wp\/v2\/posts\/696\/revisions"}],"predecessor-version":[{"id":7843,"href":"https:\/\/api-lux.be\/index.php\/wp-json\/wp\/v2\/posts\/696\/revisions\/7843"}],"wp:attachment":[{"href":"https:\/\/api-lux.be\/index.php\/wp-json\/wp\/v2\/media?parent=696"}],"wp:term":[{"taxonomy":"category","embeddable":true,"href":"https:\/\/api-lux.be\/index.php\/wp-json\/wp\/v2\/categories?post=696"},{"taxonomy":"post_tag","embeddable":true,"href":"https:\/\/api-lux.be\/index.php\/wp-json\/wp\/v2\/tags?post=696"}],"curies":[{"name":"wp","href":"https:\/\/api.w.org\/{rel}","templated":true}]}}