{"id":695,"date":"2025-03-13T11:36:55","date_gmt":"2025-03-13T10:36:55","guid":{"rendered":"http:\/\/localhost\/mdi_w\/?p=695"},"modified":"2025-07-01T13:28:13","modified_gmt":"2025-07-01T11:28:13","slug":"mise-en-place-de-routines-chez-les-bebes-et-jeunes-enfants","status":"publish","type":"post","link":"https:\/\/api-lux.be\/index.php\/2025\/03\/13\/mise-en-place-de-routines-chez-les-bebes-et-jeunes-enfants\/","title":{"rendered":"Mise en place de routines chez les b\u00e9b\u00e9s et jeunes enfants"},"content":{"rendered":"\n<div class=\"wp-block-columns is-layout-flex wp-container-core-columns-is-layout-9d6595d7 wp-block-columns-is-layout-flex\">\n<div class=\"wp-block-column is-vertically-aligned-center is-layout-flow wp-block-column-is-layout-flow\"><div class=\"wp-block-image\">\n<figure class=\"aligncenter size-full\"><img decoding=\"async\" src=\"https:\/\/api-lux.be\/wp-content\/uploads\/2025\/02\/routines_bebe.jpg\" alt=\" \" class=\"wp-image-202\"\/><\/figure>\n<\/div><\/div>\n\n\n\n<div class=\"wp-block-column is-layout-flow wp-block-column-is-layout-flow\">\n<p>\ud83d\udcc5 <strong>Organisation &#8211; adaptation p\u00e9dagogique du quotidien <\/strong>&#8211; Les routines consistent en des actions r\u00e9p\u00e9t\u00e9es chaque jour, dans le m\u00eame ordre et au m\u00eame moment.<\/p>\n\n\n\n<!--more-->\n\n\n\n<h2 class=\"wp-block-heading\">\u00c2ge cible<\/h2>\n\n\n\n<p> De 0 \u00e0 5 ans.<\/p>\n<\/div>\n<\/div>\n\n\n\n<h2 class=\"wp-block-heading\">Descriptif de l&rsquo;outil<\/h2>\n\n\n\n<p>Pour les b\u00e9b\u00e9s de 0 \u00e0 5 ans, les <strong>routines<\/strong> constituent un rep\u00e8re essentiel, procurant stabilit\u00e9 et r\u00e9confort. Cette r\u00e9gularit\u00e9 leur permet d&rsquo;anticiper les \u00e9v\u00e9nements \u00e0 venir, ce qui r\u00e9duit l&rsquo;anxi\u00e9t\u00e9 et favorise un d\u00e9veloppement \u00e9motionnel harmonieux. La mise en place de routines adapt\u00e9es aux besoins fondamentaux des b\u00e9b\u00e9s (repas, sommeil, soins d&rsquo;hygi\u00e8ne) contribue \u00e0 structurer leur journ\u00e9e de mani\u00e8re pr\u00e9visible et rassurante. Cela inclut :<\/p>\n\n\n\n<ul class=\"wp-block-list\">\n<li>\ud83e\udd63 <strong>Des horaires r\u00e9guliers pour les repas<\/strong>, permettant au b\u00e9b\u00e9 de reconna\u00eetre les moments d\u2019alimentation comme des moments s\u00e9curisants.<\/li>\n\n\n\n<li>\ud83c\udf19 <strong>Des rituels de coucher constants<\/strong>, favorisant un endormissement serein.<\/li>\n\n\n\n<li>\ud83e\uddf4 <strong>Des soins d\u2019hygi\u00e8ne ritualis\u00e9s<\/strong>, pour introduire douceur et pr\u00e9visibilit\u00e9 dans les gestes quotidiens.<\/li>\n<\/ul>\n\n\n\n<p>Adopter une approche bienveillante et inconditionnelle, en r\u00e9pondant aux besoins du b\u00e9b\u00e9 sans attente ni condition, renforce son sentiment de s\u00e9curit\u00e9 et de confiance envers son environnement. \ud83d\udc96<\/p>\n\n\n\n<h3 class=\"wp-block-heading\">Exemples de mise en pratique : <\/h3>\n\n\n\n<ul class=\"wp-block-list\">\n<li>\ud83e\uddf8 <strong>Introduire des objets de transition<\/strong> : Utiliser un doudou ou une peluche lors des routines de sommeil pour renforcer la s\u00e9curit\u00e9 \u00e9motionnelle.<\/li>\n\n\n\n<li>\ud83d\udc50 <strong>Mettre en place des routines sensorielles<\/strong> : Avant la sieste, instaurer un moment de douceur avec des caresses ou un l\u00e9ger massage, aidant le b\u00e9b\u00e9 \u00e0 se d\u00e9tendre.<\/li>\n\n\n\n<li>\ud83c\udfb6 <strong>Cr\u00e9er des s\u00e9quences sonores apaisantes<\/strong> : Utiliser des bruits doux ou une petite m\u00e9lodie pour marquer les transitions (avant un repas ou un soin).<\/li>\n\n\n\n<li>\ud83d\udd04 <strong>Alterner les activit\u00e9s<\/strong> : \u00c9quilibrer les moments d&rsquo;exploration sensorielle (jeu, d\u00e9couverte) avec des temps de calme (lecture, bercement) pour respecter le rythme du b\u00e9b\u00e9.<\/li>\n\n\n\n<li>\ud83d\udd04 <strong>Pr\u00e9parer les transitions<\/strong> : Avant chaque changement d&rsquo;activit\u00e9, utiliser des mots doux ou des gestes r\u00e9p\u00e9titifs pour indiquer au b\u00e9b\u00e9 ce qui va se passer.<\/li>\n<\/ul>\n\n\n\n<div class=\"wp-block-columns is-layout-flex wp-container-core-columns-is-layout-9d6595d7 wp-block-columns-is-layout-flex\">\n<div class=\"wp-block-column is-layout-flow wp-block-column-is-layout-flow\">\n<h2 class=\"wp-block-heading\">Objectif(s) d&rsquo;utilisation<\/h2>\n\n\n\n<p>\ud83c\udf38 <strong>Assurer le bien-\u00eatre \u00e9motionnel<\/strong> : En r\u00e9pondant de mani\u00e8re coh\u00e9rente et inconditionnelle aux besoins primaires du b\u00e9b\u00e9, on cr\u00e9e un environnement apaisant et pr\u00e9visible.<\/p>\n\n\n\n<p>\u2696\ufe0f <strong>Favoriser un d\u00e9veloppement \u00e9quilibr\u00e9<\/strong> : En offrant des rep\u00e8res constants, les routines permettent au b\u00e9b\u00e9 de d\u00e9velopper progressivement sa capacit\u00e9 \u00e0 se r\u00e9guler \u00e9motionnellement.<\/p>\n\n\n\n<p>\ud83d\udeab <strong>Pr\u00e9venir les troubles li\u00e9s \u00e0 l&rsquo;ins\u00e9curit\u00e9<\/strong> : Une structuration bienveillante de la journ\u00e9e aide \u00e0 \u00e9viter les angoisses li\u00e9es au manque de rep\u00e8res ou \u00e0 l\u2019impr\u00e9visibilit\u00e9.<\/p>\n<\/div>\n\n\n\n<div class=\"wp-block-column is-layout-flow wp-block-column-is-layout-flow\">\n<h2 class=\"wp-block-heading\">Variantes &#8211; am\u00e9nagements<\/h2>\n\n\n\n<p>\ud83d\udd04 <strong>Adapter les routines en fonction du b\u00e9b\u00e9<\/strong> : Chaque enfant a son propre rythme ; il est important de rester flexible tout en maintenant une structure g\u00e9n\u00e9rale.<\/p>\n\n\n\n<p>\ud83c\udfa8 <strong>Varier les stimuli sensoriels<\/strong> : Proposer des exp\u00e9riences diff\u00e9rentes tout en gardant une trame quotidienne reconnaissable.<\/p>\n\n\n\n<p>\ud83c\udf31 <strong>Introduire progressivement les nouvelles routines<\/strong> : Permettre au b\u00e9b\u00e9 de s&rsquo;habituer \u00e0 chaque changement en douceur.<\/p>\n<\/div>\n<\/div>\n\n\n\n<div class=\"wp-block-columns is-layout-flex wp-container-core-columns-is-layout-9d6595d7 wp-block-columns-is-layout-flex\">\n<div class=\"wp-block-column is-layout-flow wp-block-column-is-layout-flow\">\n<h2 class=\"wp-block-heading\">Liens utiles<\/h2>\n\n\n\n<p><strong>\ud83d\udcf0 ARTICLE<\/strong> \u200b<a href=\"https:\/\/naitreetgrandir.com\/fr\/dossier\/les-routines-cest-important\/\" target=\"_blank\" rel=\"noreferrer noopener\">Les routines, c\u2019est important ! \u2013 Na\u00eetre et grandir<\/a><br>Un dossier qui explique comment les routines quotidiennes apportent s\u00e9curit\u00e9, autonomie et stabilit\u00e9 aux jeunes enfants, tout en facilitant la vie de famille.<\/p>\n\n\n\n<p><strong>\ud83d\udcf0 ARTICLE<\/strong> \u200b<a href=\"https:\/\/www.autourdebebe.com\/conseils\/article\/comment-instaurer-des-routines-avec-bebe\/\" target=\"_blank\" rel=\"noreferrer noopener\">Comment instaurer des routines avec b\u00e9b\u00e9 ? \u2013 Autour de b\u00e9b\u00e9<\/a><br>Un article qui explique comment mettre en place des routines d\u00e8s la naissance pour rassurer b\u00e9b\u00e9 et faciliter l&rsquo;organisation familiale. Il souligne l&rsquo;importance de la r\u00e9gularit\u00e9, de la communication verbale et de l&rsquo;implication progressive de l&rsquo;enfant dans les gestes du quotidien.\u200b<\/p>\n<\/div>\n<\/div>\n\n\n\n<p>Des outils \u00e0 nous partager ?&nbsp;<a href=\"https:\/\/api-lux.be\/index.php\/contact\/\">Cliquez ici<\/a><\/p>\n","protected":false},"excerpt":{"rendered":"<p>\ud83d\udcc5 Organisation &#8211; adaptation p\u00e9dagogique du quotidien &#8211; Les routines consistent en des actions r\u00e9p\u00e9t\u00e9es chaque jour, dans le m\u00eame ordre et au m\u00eame moment.<\/p>\n","protected":false},"author":2,"featured_media":0,"comment_status":"closed","ping_status":"closed","sticky":false,"template":"","format":"standard","meta":{"iawp_total_views":11,"footnotes":""},"categories":[4,9,5,8,46,48,47,11,6],"tags":[],"class_list":["post-695","post","type-post","status-publish","format-standard","hentry","category-besoins","category-besoins-de-securite","category-besoins-physiologiques","category-bien-etre","category-fiches-outils","category-fiches-outils-pour-les-aidants-proches","category-fiches-outils-pour-les-professionnels","category-rituels","category-sante-alimentation-sommeil-hygiene"],"_links":{"self":[{"href":"https:\/\/api-lux.be\/index.php\/wp-json\/wp\/v2\/posts\/695","targetHints":{"allow":["GET"]}}],"collection":[{"href":"https:\/\/api-lux.be\/index.php\/wp-json\/wp\/v2\/posts"}],"about":[{"href":"https:\/\/api-lux.be\/index.php\/wp-json\/wp\/v2\/types\/post"}],"author":[{"embeddable":true,"href":"https:\/\/api-lux.be\/index.php\/wp-json\/wp\/v2\/users\/2"}],"replies":[{"embeddable":true,"href":"https:\/\/api-lux.be\/index.php\/wp-json\/wp\/v2\/comments?post=695"}],"version-history":[{"count":12,"href":"https:\/\/api-lux.be\/index.php\/wp-json\/wp\/v2\/posts\/695\/revisions"}],"predecessor-version":[{"id":7672,"href":"https:\/\/api-lux.be\/index.php\/wp-json\/wp\/v2\/posts\/695\/revisions\/7672"}],"wp:attachment":[{"href":"https:\/\/api-lux.be\/index.php\/wp-json\/wp\/v2\/media?parent=695"}],"wp:term":[{"taxonomy":"category","embeddable":true,"href":"https:\/\/api-lux.be\/index.php\/wp-json\/wp\/v2\/categories?post=695"},{"taxonomy":"post_tag","embeddable":true,"href":"https:\/\/api-lux.be\/index.php\/wp-json\/wp\/v2\/tags?post=695"}],"curies":[{"name":"wp","href":"https:\/\/api.w.org\/{rel}","templated":true}]}}