{"id":692,"date":"2025-02-14T11:36:55","date_gmt":"2025-02-14T10:36:55","guid":{"rendered":"http:\/\/localhost\/mdi_w\/?p=692"},"modified":"2025-07-01T15:09:30","modified_gmt":"2025-07-01T13:09:30","slug":"calendrier-individuel","status":"publish","type":"post","link":"https:\/\/api-lux.be\/index.php\/2025\/02\/14\/calendrier-individuel\/","title":{"rendered":"Calendrier individuel ou collectif"},"content":{"rendered":"\n<div class=\"wp-block-columns is-layout-flex wp-container-core-columns-is-layout-9d6595d7 wp-block-columns-is-layout-flex\">\n<div class=\"wp-block-column is-layout-flow wp-block-column-is-layout-flow\">\n<figure class=\"wp-block-image size-full\"><img decoding=\"async\" src=\"https:\/\/api-lux.be\/wp-content\/uploads\/2025\/02\/calendrier_individuel.jpg\" alt=\" \" class=\"wp-image-202\"\/><\/figure>\n<\/div>\n\n\n\n<div class=\"wp-block-column is-layout-flow wp-block-column-is-layout-flow\">\n<p>\ud83c\udf08 <strong>Personnalisation et individualisation dans le collectif <\/strong>&#8211; Calendrier reprenant le planning avec les \u00e9v\u00e9nements de la vie journali\u00e8re des enfants.<\/p>\n\n\n\n<!--more-->\n\n\n\n<h2 class=\"wp-block-heading\">\u00c2ge cible<\/h2>\n\n\n\n<p>\u00c0 partir de 2 ans.<\/p>\n<\/div>\n<\/div>\n\n\n\n<h2 class=\"wp-block-heading\">Descriptif de l&rsquo;outil<\/h2>\n\n\n\n<p>\ud83d\udcc5 Le <strong>calendrier visuel<\/strong> est un outil con\u00e7u pour aider les enfants \u00e0 <strong>mieux comprendre<\/strong> et <strong>anticiper<\/strong> le d\u00e9roulement de leur journ\u00e9e ou de leur semaine.<\/p>\n\n\n\n<p>\ud83c\udfeb En institution, \u00e0 la maison ou dans des espaces comme l\u2019\u00e9cole ou les loisirs, il sert \u00e0 <strong>organiser clairement les activit\u00e9s<\/strong>, les rendez-vous et les moments de transition.<\/p>\n\n\n\n<p>\ud83d\udc68\u200d\ud83d\udc69\u200d\ud83d\udc67 Il permet \u00e0 l&rsquo;enfant de <strong>visualiser<\/strong> :<\/p>\n\n\n\n<ul class=\"wp-block-list\">\n<li>l\u2019horaire des professionnels qui l\u2019accompagnent,<\/li>\n\n\n\n<li>les rendez-vous de ses parents,<\/li>\n\n\n\n<li>ses retours en famille,<\/li>\n\n\n\n<li>ses visites familiales,<\/li>\n\n\n\n<li>etc.<\/li>\n<\/ul>\n\n\n\n<p>\ud83c\udfa8 Le calendrier peut \u00eatre structur\u00e9 \u00e0 l\u2019aide de <strong>couleurs<\/strong>, de <strong>pictogrammes<\/strong>, d\u2019<strong>illustrations<\/strong> ou de <strong>photos personnalis\u00e9es<\/strong>, pour le rendre <strong>accessible<\/strong> aux enfants de tous \u00e2ges et profils.<\/p>\n\n\n\n<p>\ud83d\udd01 Son <strong>utilisation quotidienne<\/strong> aide \u00e0 :<\/p>\n\n\n\n<ul class=\"wp-block-list\">\n<li>s\u2019approprier l\u2019emploi du temps,<\/li>\n\n\n\n<li>r\u00e9duire l\u2019anxi\u00e9t\u00e9 li\u00e9e \u00e0 l\u2019incertitude,<\/li>\n\n\n\n<li>renforcer les rep\u00e8res dans le temps et l\u2019environnement.<\/li>\n<\/ul>\n\n\n\n<div class=\"wp-block-columns is-layout-flex wp-container-core-columns-is-layout-9d6595d7 wp-block-columns-is-layout-flex\">\n<div class=\"wp-block-column is-layout-flow wp-block-column-is-layout-flow\">\n<h3 class=\"wp-block-heading\">\ud83d\udee0\ufe0f Bonnes pratiques d\u2019utilisation<\/h3>\n\n\n\n<p>\ud83d\udd39 <strong>Adapter le format<\/strong> \u00e0 l\u2019enfant :<\/p>\n\n\n\n<ul class=\"wp-block-list\">\n<li>Pictogrammes simples pour les non-lecteurs,<\/li>\n\n\n\n<li>Mots courts et clairs pour les lecteurs d\u00e9butants,<\/li>\n\n\n\n<li>Objets-r\u00e9f\u00e9rents ou photos pour les enfants avec c\u00e9cit\u00e9 ou troubles sensoriels,<\/li>\n\n\n\n<li>Couleurs cod\u00e9es (ex. : rouge = th\u00e9rapeute, bleu = maison\u2026).<\/li>\n<\/ul>\n\n\n\n<p>\ud83d\udd39 <strong>Choisir un support stable<\/strong> :<\/p>\n\n\n\n<ul class=\"wp-block-list\">\n<li>Tableau mural dans les lieux de passage,<\/li>\n\n\n\n<li>Cahier personnel \u00e0 consulter matin et soir,<\/li>\n\n\n\n<li>Application num\u00e9rique avec synth\u00e8se vocale.<\/li>\n<\/ul>\n\n\n\n<p>\ud83d\udd39 <strong>Impliquer activement l\u2019enfant<\/strong> :<\/p>\n\n\n\n<ul class=\"wp-block-list\">\n<li>Coller les pictos,<\/li>\n\n\n\n<li>Cocher les cases,<\/li>\n\n\n\n<li>Rayer les jours pass\u00e9s,<\/li>\n\n\n\n<li>Choisir lui-m\u00eame une partie des activit\u00e9s.<\/li>\n<\/ul>\n\n\n\n<p>\ud83d\udd39 <strong>Pr\u00e9parer aux impr\u00e9vus<\/strong> :<\/p>\n\n\n\n<ul class=\"wp-block-list\">\n<li>Int\u00e9grer un pictogramme \u00ab changement \u00bb ou \u00ab surprise \u00bb,<\/li>\n\n\n\n<li>Utiliser des rituels verbaux : \u00ab aujourd\u2019hui, il y a un changement\u2026 \u00bb.<\/li>\n<\/ul>\n\n\n\n<p>\ud83d\udd39 <strong>Accompagnement par un adulte<\/strong> :<\/p>\n\n\n\n<ul class=\"wp-block-list\">\n<li>R\u00e9f\u00e9rer au calendrier lors des moments d\u2019agitation ou de doute.<\/li>\n\n\n\n<li>Verbaliser les \u00e9tapes \u00e0 venir,<\/li>\n\n\n\n<li>Expliquer les changements,<\/li>\n<\/ul>\n<\/div>\n<\/div>\n\n\n\n<h3 class=\"wp-block-heading\">\ud83e\udde9 Exemples d\u2019utilisation<\/h3>\n\n\n\n<p>\ud83d\udcc5 <strong>Calendrier individuel<\/strong> :<\/p>\n\n\n\n<ul class=\"wp-block-list\">\n<li>En chambre d\u2019internat : alternance \u00e9cole\/famille\/th\u00e9rapeutes.<\/li>\n\n\n\n<li>Dans un carnet de vie : suivi des activit\u00e9s et des \u00e9motions.<\/li>\n\n\n\n<li>\u00c0 la maison : planification des retours, vacances, s\u00e9jours.<\/li>\n<\/ul>\n\n\n\n<p>\ud83d\udc65 <strong>Calendrier collectif<\/strong> :<\/p>\n\n\n\n<ul class=\"wp-block-list\">\n<li>En classe : jours de cantine, intervenants, sorties.<\/li>\n\n\n\n<li>En foyer : planning des douches, animations, visites.<\/li>\n\n\n\n<li>En structure de loisirs : programme hebdomadaire illustr\u00e9.<\/li>\n<\/ul>\n\n\n\n<div class=\"wp-block-columns is-layout-flex wp-container-core-columns-is-layout-9d6595d7 wp-block-columns-is-layout-flex\">\n<div class=\"wp-block-column is-layout-flow wp-block-column-is-layout-flow\">\n<h2 class=\"wp-block-heading\">Objectif(s) d&rsquo;utilisation<\/h2>\n\n\n\n<p>\ud83d\uddd3\ufe0f <strong>Visualiser et comprendre la succession des \u00e9v\u00e9nements<\/strong> : soins, trajets, retours, jeux&#8230;<\/p>\n\n\n\n<p>\ud83d\udd70\ufe0f <strong>Renforcer les rep\u00e8res temporels<\/strong> : jours de la semaine, saisons, \u00e9v\u00e9nements r\u00e9guliers&#8230;<\/p>\n\n\n\n<p>\ud83d\udd04 <strong>Anticiper les changements<\/strong> : absences, \u00e9v\u00e9nements sp\u00e9ciaux, impr\u00e9vus&#8230;<\/p>\n\n\n\n<p>\ud83e\uddd8 <strong>R\u00e9duire l\u2019anxi\u00e9t\u00e9<\/strong> : gr\u00e2ce \u00e0 une structure stable et visible.<\/p>\n\n\n\n<p>\ud83e\udde9 <strong>Encourager l\u2019autonomie<\/strong> : responsabiliser l\u2019enfant dans l\u2019organisation de ses journ\u00e9es.<\/p>\n\n\n\n<p>\ud83d\ude4b <strong>Impliquer l\u2019enfant<\/strong> : lui donner un r\u00f4le actif dans la planification, renfor\u00e7ant ainsi confiance et motivation.<\/p>\n\n\n\n<p>\ud83d\udcac <strong>Faciliter la communication<\/strong> : support commun entre parents, professionnels et enfants.<\/p>\n<\/div>\n\n\n\n<div class=\"wp-block-column is-layout-flow wp-block-column-is-layout-flow\">\n<h2 class=\"wp-block-heading\">Variantes &#8211; am\u00e9nagements<\/h2>\n\n\n\n<p>\ud83e\udde0 Associer un <strong>barom\u00e8tre \u00e9motionnel<\/strong> pour exprimer ses ressentis avant\/apr\u00e8s chaque activit\u00e9.<\/p>\n\n\n\n<p>\ud83d\udcf8 Int\u00e9grer des <strong>photos personnalis\u00e9es<\/strong> : professionnels, lieux, v\u00e9hicules, proches&#8230;<\/p>\n\n\n\n<p>\ud83c\udfb2 Utiliser des \u00e9l\u00e9ments ludiques : roue des jours, m\u00e9t\u00e9o du jour, stickers, tampons&#8230;<\/p>\n\n\n\n<p>\ud83d\udce3 Se servir du calendrier comme <strong>support de langage<\/strong> : \u00ab Qu\u2019est-ce qu\u2019on fait aujourd\u2019hui ? \u00bb, \u00ab Qui viens-tu voir demain ? \u00bb.<\/p>\n\n\n\n<p>\ud83d\udd53 Ajouter des <strong>rep\u00e8res temporels<\/strong> concrets : minuteurs, sabliers, montres visuelles\u2026<\/p>\n\n\n\n<p>\ud83d\uddd3\ufe0f Proposer une version <strong>hebdomadaire ou mensuelle<\/strong> pour les plus grands : meilleure anticipation, plus grande autonomie.<\/p>\n\n\n\n<p>\ud83e\udde9 Cr\u00e9er un <strong>calendrier interactif<\/strong> : modifiable par l\u2019enfant ou la famille via appli ou tableau.<\/p>\n<\/div>\n<\/div>\n\n\n\n<div class=\"wp-block-columns is-layout-flex wp-container-core-columns-is-layout-9d6595d7 wp-block-columns-is-layout-flex\">\n<div class=\"wp-block-column is-layout-flow wp-block-column-is-layout-flow\">\n<h2 class=\"wp-block-heading\">Liens utiles<\/h2>\n\n\n\n<p>\u200b<strong>\ud83e\uddf0 OUTIL<\/strong> <a href=\"https:\/\/aulaabierta.arasaac.org\/fr\/minitutoriales-caa-creer-un-agenda-visuel-avec-pictogrammes\" target=\"_blank\" rel=\"noreferrer noopener\">Tutoriel CAA \u2013 Comment \u00e9laborer un agenda visuel avec des pictogrammes \u2013 Aula Abierta de ARASAAC<\/a><br>Un guide pratique pour cr\u00e9er un agenda visuel personnalis\u00e9 \u00e0 l&rsquo;aide de pictogrammes, destin\u00e9 \u00e0 structurer les routines quotidiennes des enfants ayant des besoins sp\u00e9cifiques, favorisant ainsi leur autonomie et leur compr\u00e9hension du temps.<\/p>\n\n\n\n<p>\u200b\u200b<strong>\ud83e\uddf0 OUTIL<\/strong> <a href=\"https:\/\/www.twinkl.fr\/resource\/posters-emploi-du-temps-visuel-calendrier-hebdomadaire-french-francais-fr-t2-e-2608\" target=\"_blank\" rel=\"noreferrer noopener\">Posters emploi du temps visuel \u2013 Twinkl<\/a><br>Une ressource t\u00e9l\u00e9chargeable proposant des affiches color\u00e9es pour cr\u00e9er un emploi du temps hebdomadaire visuel, aidant les enfants \u00e0 mieux comprendre et anticiper les activit\u00e9s quotidiennes.<\/p>\n\n\n\n<p>\u200b\u200b\u200b<strong>\ud83e\uddf0 OUTIL<\/strong> <a href=\"https:\/\/www.123kid.org\/articles\/semainier-montessori-a-imprimer-avec-pictogrammes\" target=\"_blank\" rel=\"noreferrer noopener\">Semainier Montessori \u00e0 imprimer avec pictogrammes \u2013 1,2,3 kiD<\/a><br>Un outil gratuit \u00e0 imprimer pour aider les enfants \u00e0 structurer leur semaine gr\u00e2ce \u00e0 des pictogrammes, favorisant ainsi leur autonomie et la compr\u00e9hension du temps.<\/p>\n\n\n\n<p>Quelques exemples:<\/p>\n\n\n\n<div class=\"wp-block-columns is-layout-flex wp-container-core-columns-is-layout-9d6595d7 wp-block-columns-is-layout-flex\">\n<div class=\"wp-block-column is-layout-flow wp-block-column-is-layout-flow\">\n<figure class=\"wp-block-image size-large is-resized\"><img loading=\"lazy\" decoding=\"async\" width=\"1024\" height=\"649\" src=\"https:\/\/api-lux.be\/wp-content\/uploads\/2025\/02\/482776573_520292440728336_6072089336726309295_n-1024x649.jpg\" alt=\"\" class=\"wp-image-2567\" style=\"width:406px;height:auto\" srcset=\"https:\/\/api-lux.be\/wp-content\/uploads\/2025\/02\/482776573_520292440728336_6072089336726309295_n-1024x649.jpg 1024w, https:\/\/api-lux.be\/wp-content\/uploads\/2025\/02\/482776573_520292440728336_6072089336726309295_n-300x190.jpg 300w, https:\/\/api-lux.be\/wp-content\/uploads\/2025\/02\/482776573_520292440728336_6072089336726309295_n-768x487.jpg 768w, https:\/\/api-lux.be\/wp-content\/uploads\/2025\/02\/482776573_520292440728336_6072089336726309295_n-1536x974.jpg 1536w, https:\/\/api-lux.be\/wp-content\/uploads\/2025\/02\/482776573_520292440728336_6072089336726309295_n.jpg 2048w\" sizes=\"auto, (max-width: 1024px) 100vw, 1024px\" \/><\/figure>\n<\/div>\n\n\n\n<div class=\"wp-block-column is-layout-flow wp-block-column-is-layout-flow\">\n<figure class=\"wp-block-image size-large\"><img loading=\"lazy\" decoding=\"async\" width=\"1024\" height=\"576\" src=\"https:\/\/api-lux.be\/wp-content\/uploads\/2025\/02\/346068405_9340783915992652_6730177156266150657_n-edited-1024x576.jpg\" alt=\"\" class=\"wp-image-1482\" srcset=\"https:\/\/api-lux.be\/wp-content\/uploads\/2025\/02\/346068405_9340783915992652_6730177156266150657_n-edited-1024x576.jpg 1024w, https:\/\/api-lux.be\/wp-content\/uploads\/2025\/02\/346068405_9340783915992652_6730177156266150657_n-edited-300x169.jpg 300w, https:\/\/api-lux.be\/wp-content\/uploads\/2025\/02\/346068405_9340783915992652_6730177156266150657_n-edited-768x432.jpg 768w, https:\/\/api-lux.be\/wp-content\/uploads\/2025\/02\/346068405_9340783915992652_6730177156266150657_n-edited-1536x864.jpg 1536w, https:\/\/api-lux.be\/wp-content\/uploads\/2025\/02\/346068405_9340783915992652_6730177156266150657_n-edited-2048x1152.jpg 2048w\" sizes=\"auto, (max-width: 1024px) 100vw, 1024px\" \/><\/figure>\n<\/div>\n<\/div>\n<\/div>\n<\/div>\n\n\n\n<figure class=\"wp-block-image size-full\"><img loading=\"lazy\" decoding=\"async\" width=\"2560\" height=\"1078\" src=\"https:\/\/api-lux.be\/wp-content\/uploads\/2025\/02\/345019125_1277583923132159_8200013960874976942_n-scaled.jpg\" alt=\"\" class=\"wp-image-1475\" srcset=\"https:\/\/api-lux.be\/wp-content\/uploads\/2025\/02\/345019125_1277583923132159_8200013960874976942_n-scaled.jpg 2560w, https:\/\/api-lux.be\/wp-content\/uploads\/2025\/02\/345019125_1277583923132159_8200013960874976942_n-300x126.jpg 300w, https:\/\/api-lux.be\/wp-content\/uploads\/2025\/02\/345019125_1277583923132159_8200013960874976942_n-1024x431.jpg 1024w, https:\/\/api-lux.be\/wp-content\/uploads\/2025\/02\/345019125_1277583923132159_8200013960874976942_n-768x324.jpg 768w, https:\/\/api-lux.be\/wp-content\/uploads\/2025\/02\/345019125_1277583923132159_8200013960874976942_n-1536x647.jpg 1536w, https:\/\/api-lux.be\/wp-content\/uploads\/2025\/02\/345019125_1277583923132159_8200013960874976942_n-2048x863.jpg 2048w\" sizes=\"auto, (max-width: 2560px) 100vw, 2560px\" \/><\/figure>\n\n\n\n<p>Des outils \u00e0 nous partager ?&nbsp;<a href=\"https:\/\/api-lux.be\/index.php\/contact\/\">Cliquez ici<\/a><\/p>\n","protected":false},"excerpt":{"rendered":"<p>\ud83c\udf08 Personnalisation et individualisation dans le collectif &#8211; Calendrier reprenant le planning avec les \u00e9v\u00e9nements de la vie journali\u00e8re des enfants.<\/p>\n","protected":false},"author":6,"featured_media":0,"comment_status":"closed","ping_status":"closed","sticky":false,"template":"","format":"standard","meta":{"iawp_total_views":21,"footnotes":""},"categories":[10,28,4,22,27,18,9,5,8,12,13,23,46,48,47,19,20,11,21],"tags":[],"class_list":["post-692","post","type-post","status-publish","format-standard","hentry","category-amenagement-environnement","category-autonomie-et-responsabilisation","category-besoins","category-besoins-cognitifs","category-besoins-daccomplissement","category-besoins-destime","category-besoins-de-securite","category-besoins-physiologiques","category-bien-etre","category-cadre-et-limites","category-coherence","category-communication","category-fiches-outils","category-fiches-outils-pour-les-aidants-proches","category-fiches-outils-pour-les-professionnels","category-gestion-des-emotions","category-individualisation","category-rituels","category-valorisation-confiance"],"_links":{"self":[{"href":"https:\/\/api-lux.be\/index.php\/wp-json\/wp\/v2\/posts\/692","targetHints":{"allow":["GET"]}}],"collection":[{"href":"https:\/\/api-lux.be\/index.php\/wp-json\/wp\/v2\/posts"}],"about":[{"href":"https:\/\/api-lux.be\/index.php\/wp-json\/wp\/v2\/types\/post"}],"author":[{"embeddable":true,"href":"https:\/\/api-lux.be\/index.php\/wp-json\/wp\/v2\/users\/6"}],"replies":[{"embeddable":true,"href":"https:\/\/api-lux.be\/index.php\/wp-json\/wp\/v2\/comments?post=692"}],"version-history":[{"count":25,"href":"https:\/\/api-lux.be\/index.php\/wp-json\/wp\/v2\/posts\/692\/revisions"}],"predecessor-version":[{"id":7842,"href":"https:\/\/api-lux.be\/index.php\/wp-json\/wp\/v2\/posts\/692\/revisions\/7842"}],"wp:attachment":[{"href":"https:\/\/api-lux.be\/index.php\/wp-json\/wp\/v2\/media?parent=692"}],"wp:term":[{"taxonomy":"category","embeddable":true,"href":"https:\/\/api-lux.be\/index.php\/wp-json\/wp\/v2\/categories?post=692"},{"taxonomy":"post_tag","embeddable":true,"href":"https:\/\/api-lux.be\/index.php\/wp-json\/wp\/v2\/tags?post=692"}],"curies":[{"name":"wp","href":"https:\/\/api.w.org\/{rel}","templated":true}]}}