{"id":688,"date":"2025-03-13T11:36:55","date_gmt":"2025-03-13T10:36:55","guid":{"rendered":"http:\/\/localhost\/mdi_w\/?p=688"},"modified":"2025-07-01T13:26:24","modified_gmt":"2025-07-01T11:26:24","slug":"un-espace-une-fonction","status":"publish","type":"post","link":"https:\/\/api-lux.be\/index.php\/2025\/03\/13\/un-espace-une-fonction\/","title":{"rendered":"Un espace, une fonction"},"content":{"rendered":"\n<div class=\"wp-block-columns is-layout-flex wp-container-core-columns-is-layout-9d6595d7 wp-block-columns-is-layout-flex\">\n<div class=\"wp-block-column is-vertically-aligned-center is-layout-flow wp-block-column-is-layout-flow\"><div class=\"wp-block-image\">\n<figure class=\"aligncenter size-full\"><img loading=\"lazy\" decoding=\"async\" width=\"825\" height=\"415\" src=\"https:\/\/api-lux.be\/wp-content\/uploads\/2025\/02\/article-pinterest-espace-classe_825x415.png\" alt=\"\" class=\"wp-image-1282\" srcset=\"https:\/\/api-lux.be\/wp-content\/uploads\/2025\/02\/article-pinterest-espace-classe_825x415.png 825w, https:\/\/api-lux.be\/wp-content\/uploads\/2025\/02\/article-pinterest-espace-classe_825x415-300x151.png 300w, https:\/\/api-lux.be\/wp-content\/uploads\/2025\/02\/article-pinterest-espace-classe_825x415-768x386.png 768w\" sizes=\"auto, (max-width: 825px) 100vw, 825px\" \/><\/figure>\n<\/div><\/div>\n\n\n\n<div class=\"wp-block-column is-layout-flow wp-block-column-is-layout-flow\">\n<p>\ud83d\udee0\ufe0f Am\u00e9nagement &#8211; Structurer l\u2019environnement des enfants en organisant des espaces d\u00e9di\u00e9s \u00e0 des activit\u00e9s sp\u00e9cifiques.<\/p>\n\n\n\n<!--more-->\n\n\n\n<h2 class=\"wp-block-heading\">\u00c2ge cible<\/h2>\n\n\n\n<p> De 0 \u00e0 23 ans.<\/p>\n<\/div>\n<\/div>\n\n\n\n<h2 class=\"wp-block-heading\">Descriptif de l&rsquo;outil<\/h2>\n\n\n\n<p>L\u2019am\u00e9nagement des espaces de vie consiste \u00e0 <strong>organiser l\u2019environnement physique de mani\u00e8re claire et structur\u00e9e<\/strong>, afin d\u2019aider les enfants \u00e0 mieux comprendre leur environnement et \u00e0 s\u2019y rep\u00e9rer facilement. En <strong>attribuant \u00e0 chaque zone un usage sp\u00e9cifique<\/strong> (travail, repos, jeux, repas\u2026), les enfants d\u00e9veloppent un sentiment de <strong>stabilit\u00e9 et de s\u00e9curit\u00e9<\/strong> qui facilite leur quotidien.<\/p>\n\n\n\n<p>\u26a0\ufe0f <strong>Points d&rsquo;attention<\/strong> :<\/p>\n\n\n\n<ul class=\"wp-block-list\">\n<li>Ne pas surcharger visuellement l\u2019espace, m\u00eame si on veut le rendre attrayant.<\/li>\n\n\n\n<li>Adapter les am\u00e9nagements aux besoins sp\u00e9cifiques (sensoriels, cognitifs, moteurs).<\/li>\n\n\n\n<li>V\u00e9rifier que les pictogrammes et couleurs soient culturellement et cognitivement accessibles.<\/li>\n\n\n\n<li>Maintenir une <strong>coh\u00e9rence dans le temps<\/strong> pour \u00e9viter la confusion et s\u00e9curiser l&rsquo;enfant.<\/li>\n<\/ul>\n\n\n\n<p>\ud83d\udca1 <strong>Exemples concrets<\/strong> :<\/p>\n\n\n\n<ul class=\"wp-block-list\">\n<li>\ud83c\udfa8 <strong>Zonage par couleur<\/strong> : d\u00e9limiter les espaces avec des couleurs distinctes (ex : bleu = calme, rouge = mouvement).<\/li>\n\n\n\n<li>\ud83d\uddbc\ufe0f <strong>Pictogrammes explicites<\/strong> : associer chaque zone \u00e0 une image claire (livre = lecture, main = bricolage).<\/li>\n\n\n\n<li>\ud83d\udecb\ufe0f <strong>Espaces ritualis\u00e9s<\/strong> : coin lecture cosy avec coussins, espace travail \u00e9pur\u00e9 avec rangements clairs, zone jeu avec bacs \u00e0 th\u00e8mes.<\/li>\n<\/ul>\n\n\n\n<div class=\"wp-block-columns is-layout-flex wp-container-core-columns-is-layout-9d6595d7 wp-block-columns-is-layout-flex\">\n<div class=\"wp-block-column is-layout-flow wp-block-column-is-layout-flow\">\n<h2 class=\"wp-block-heading\">Objectif(s) d&rsquo;utilisation<\/h2>\n\n\n\n<p>\ud83e\udded <strong>Faciliter le rep\u00e9rage spatial<\/strong> et l\u2019organisation des activit\u00e9s.<\/p>\n\n\n\n<p>\ud83d\udee1\ufe0f <strong>Offrir un environnement structurant et s\u00e9curisant<\/strong> pour favoriser la r\u00e9gulation.<\/p>\n\n\n\n<p>\u23f3 <strong>Aider \u00e0 anticiper<\/strong> les r\u00e8gles et attentes li\u00e9es \u00e0 chaque espace.<\/p>\n\n\n\n<p>\ud83d\udcac <strong>Soutenir une meilleure gestion \u00e9motionnelle<\/strong> lors des transitions.<\/p>\n\n\n\n<p>\ud83d\udc65 <strong>Favoriser des interactions cibl\u00e9es<\/strong> (ex : jeux en duo ou trio dans un espace limit\u00e9).<\/p>\n<\/div>\n\n\n\n<div class=\"wp-block-column is-layout-flow wp-block-column-is-layout-flow\">\n<h2 class=\"wp-block-heading\">Variantes &#8211; am\u00e9nagements<\/h2>\n\n\n\n<p>\ud83c\udfa8 <strong>Cr\u00e9er des \u201cbulles\u201d th\u00e9matiques<\/strong> (coin \u00e9motion, coin sensoriel, coin imaginaire).<\/p>\n\n\n\n<p>\ud83e\udde9 <strong>Impliquer les enfants<\/strong> dans la cr\u00e9ation des pictogrammes ou la d\u00e9co : meilleure appropriation et motivation.<\/p>\n\n\n\n<p>\ud83d\udd04 <strong>Adapter selon les projets ou saisons<\/strong> : coin nature au printemps, coin contes en hiver.<\/p>\n\n\n\n<p>\ud83e\udde0 <strong>Int\u00e9grer des parcours sensoriels<\/strong> (au sol ou au mur) pour structurer les transitions.<\/p>\n<\/div>\n<\/div>\n\n\n\n<div class=\"wp-block-columns is-layout-flex wp-container-core-columns-is-layout-9d6595d7 wp-block-columns-is-layout-flex\">\n<div class=\"wp-block-column is-layout-flow wp-block-column-is-layout-flow\">\n<h2 class=\"wp-block-heading\">Liens utiles<\/h2>\n\n\n\n<p><strong>\ud83d\udcf0 ARTICLE<\/strong> \u200b<a href=\"https:\/\/www.bloghoptoys.fr\/conseils-de-pro-amenager-un-coin-sensoriel-en-classe\" target=\"_blank\" rel=\"noreferrer noopener\">Conseils de pro : Am\u00e9nager un coin sensoriel en classe \u2013 Blog Hop&rsquo;Toys<\/a><br>Un retour d\u2019exp\u00e9rience de Clo\u00e9 Maillet, psychomotricienne en UEMA, qui partage des conseils concrets pour cr\u00e9er un espace sensoriel en classe. L\u2019objectif est de favoriser l\u2019autor\u00e9gulation, le calme et la stimulation sensorielle chez les enfants avec TSA, en privil\u00e9giant des am\u00e9nagements simples, visuels et tactiles.<\/p>\n<\/div>\n<\/div>\n\n\n\n<p>Des outils \u00e0 nous partager ?&nbsp;<a href=\"https:\/\/api-lux.be\/index.php\/contact\/\">Cliquez ici<\/a><\/p>\n","protected":false},"excerpt":{"rendered":"<p>\ud83d\udee0\ufe0f Am\u00e9nagement &#8211; Structurer l\u2019environnement des enfants en organisant des espaces d\u00e9di\u00e9s \u00e0 des activit\u00e9s sp\u00e9cifiques.<\/p>\n","protected":false},"author":2,"featured_media":0,"comment_status":"closed","ping_status":"closed","sticky":false,"template":"","format":"standard","meta":{"iawp_total_views":3,"footnotes":""},"categories":[24,10,28,4,22,27,18,9,13,46,48,47,19,26,11],"tags":[],"class_list":["post-688","post","type-post","status-publish","format-standard","hentry","category-adaptation-des-apprentissages","category-amenagement-environnement","category-autonomie-et-responsabilisation","category-besoins","category-besoins-cognitifs","category-besoins-daccomplissement","category-besoins-destime","category-besoins-de-securite","category-coherence","category-fiches-outils","category-fiches-outils-pour-les-aidants-proches","category-fiches-outils-pour-les-professionnels","category-gestion-des-emotions","category-outils-pedagogiques-pour-les-pro","category-rituels"],"_links":{"self":[{"href":"https:\/\/api-lux.be\/index.php\/wp-json\/wp\/v2\/posts\/688","targetHints":{"allow":["GET"]}}],"collection":[{"href":"https:\/\/api-lux.be\/index.php\/wp-json\/wp\/v2\/posts"}],"about":[{"href":"https:\/\/api-lux.be\/index.php\/wp-json\/wp\/v2\/types\/post"}],"author":[{"embeddable":true,"href":"https:\/\/api-lux.be\/index.php\/wp-json\/wp\/v2\/users\/2"}],"replies":[{"embeddable":true,"href":"https:\/\/api-lux.be\/index.php\/wp-json\/wp\/v2\/comments?post=688"}],"version-history":[{"count":11,"href":"https:\/\/api-lux.be\/index.php\/wp-json\/wp\/v2\/posts\/688\/revisions"}],"predecessor-version":[{"id":7668,"href":"https:\/\/api-lux.be\/index.php\/wp-json\/wp\/v2\/posts\/688\/revisions\/7668"}],"wp:attachment":[{"href":"https:\/\/api-lux.be\/index.php\/wp-json\/wp\/v2\/media?parent=688"}],"wp:term":[{"taxonomy":"category","embeddable":true,"href":"https:\/\/api-lux.be\/index.php\/wp-json\/wp\/v2\/categories?post=688"},{"taxonomy":"post_tag","embeddable":true,"href":"https:\/\/api-lux.be\/index.php\/wp-json\/wp\/v2\/tags?post=688"}],"curies":[{"name":"wp","href":"https:\/\/api.w.org\/{rel}","templated":true}]}}