{"id":687,"date":"2025-03-13T11:36:55","date_gmt":"2025-03-13T10:36:55","guid":{"rendered":"http:\/\/localhost\/mdi_w\/?p=687"},"modified":"2025-07-01T13:26:11","modified_gmt":"2025-07-01T11:26:11","slug":"rythme-retour-en-institution","status":"publish","type":"post","link":"https:\/\/api-lux.be\/index.php\/2025\/03\/13\/rythme-retour-en-institution\/","title":{"rendered":"\u00c9quilibrer le rythme de retour en famille et en institution"},"content":{"rendered":"\n<div class=\"wp-block-columns is-layout-flex wp-container-core-columns-is-layout-9d6595d7 wp-block-columns-is-layout-flex\">\n<div class=\"wp-block-column is-vertically-aligned-center is-layout-flow wp-block-column-is-layout-flow\"><div class=\"wp-block-image\">\n<figure class=\"aligncenter size-full\"><img decoding=\"async\" src=\"https:\/\/api-lux.be\/wp-content\/uploads\/2025\/02\/rythme_retour.jpg\" alt=\" \" class=\"wp-image-202\"\/><\/figure>\n<\/div><\/div>\n\n\n\n<div class=\"wp-block-column is-layout-flow wp-block-column-is-layout-flow\">\n<p>\ud83c\udfdb\ufe0f <strong>Accueil et structuration institutionnelle<\/strong> &#8211; Adapter le rythme de pr\u00e9sence institutionnel aux besoins de l&rsquo;enfant pour pr\u00e9server les acquis et les rep\u00e8res.<\/p>\n\n\n\n<!--more-->\n\n\n\n<h2 class=\"wp-block-heading\">\u00c2ge cible<\/h2>\n\n\n\n<p> De 0 \u00e0 18  ans.<\/p>\n<\/div>\n<\/div>\n\n\n\n<h2 class=\"wp-block-heading\">Descriptif de l&rsquo;outil<\/h2>\n\n\n\n<p>Cette fiche propose des <strong>strat\u00e9gies<\/strong> pour adapter les retours des jeunes dans leur milieu familial, afin de <strong>pr\u00e9server les rep\u00e8res<\/strong> et les acquis d\u00e9velopp\u00e9s en institution. En \u00e9vitant des p\u00e9riodes <strong>trop longues ou irr\u00e9guli\u00e8res<\/strong> hors de l\u2019environnement institutionnel, l\u2019enfant peut continuer \u00e0 s\u2019appuyer sur les <strong>routines et habitudes positives acquises<\/strong>. L&rsquo;institution se positionne ainsi comme un <strong>lieu de rep\u00e8res clairs<\/strong>, structurant et ritualis\u00e9, garantissant un <strong>cadre stable et s\u00e9curisant<\/strong>.<\/p>\n\n\n\n<p>\ud83d\udccc <strong>Exemples concrets<\/strong> :<\/p>\n\n\n\n<ul class=\"wp-block-list\">\n<li>\ud83d\udcc6 <strong>Planning r\u00e9gulier des retours<\/strong> : Proposer une semaine sur deux pendant les vacances ou selon un rythme stable.<\/li>\n\n\n\n<li>\ud83d\udd01 <strong>Rituels communs<\/strong> : Utiliser les m\u00eames routines du matin ou du soir qu\u2019en institution (temps de lecture, rituel du coucher, tableau des t\u00e2ches, etc.).<\/li>\n\n\n\n<li>\ud83e\uddf0 <strong>Activit\u00e9s transposables<\/strong> : Transf\u00e9rer des outils utilis\u00e9s en institution (ex. : tableau de suivi des \u00e9motions, <a class=\"\">calendrier visuel<\/a>, routines illustr\u00e9es) dans le quotidien familial.<\/li>\n\n\n\n<li>\ud83e\uddd1\u200d\ud83e\udd1d\u200d\ud83e\uddd1 <strong>Accompagnement parental<\/strong> : Proposer des ateliers ou des temps d\u2019\u00e9change avec les parents pour partager les bonnes pratiques institutionnelles.<\/li>\n<\/ul>\n\n\n\n<p>\u26a0\ufe0f <strong>Points d&rsquo;attention<\/strong><\/p>\n\n\n\n<ul class=\"wp-block-list\">\n<li>\u23f3 <strong>Anticiper les p\u00e9riodes de retour<\/strong> en famille et pr\u00e9voir un accompagnement progressif.<\/li>\n\n\n\n<li>\ud83d\udcc9 Veiller \u00e0 ce que les p\u00e9riodes hors institution ne soient <strong>pas trop longues ou irr\u00e9guli\u00e8res<\/strong>.<\/li>\n\n\n\n<li>\ud83e\uddf8 Prendre en compte les <strong>besoins de l\u2019enfant<\/strong> en termes de s\u00e9curit\u00e9 affective et de stabilit\u00e9.<\/li>\n\n\n\n<li>\ud83d\udcac S\u2019assurer que les <strong>familles comprennent<\/strong> l\u2019importance de maintenir un cadre clair et ritualis\u00e9.<\/li>\n\n\n\n<li>\ud83d\udee0\ufe0f <strong>Adapter les outils p\u00e9dagogiques<\/strong> institutionnels pour un usage \u00e0 domicile.<\/li>\n<\/ul>\n\n\n\n<div class=\"wp-block-columns is-layout-flex wp-container-core-columns-is-layout-9d6595d7 wp-block-columns-is-layout-flex\">\n<div class=\"wp-block-column is-layout-flow wp-block-column-is-layout-flow\">\n<h2 class=\"wp-block-heading\">Objectif(s) d&rsquo;utilisation<\/h2>\n\n\n\n<p>\ud83e\udde0 <strong>Maintenir les acquis<\/strong> \u00e9ducatifs, comportementaux et sociaux d\u00e9velopp\u00e9s en institution.<\/p>\n\n\n\n<p>\ud83e\udded <strong>\u00c9viter la perte de rep\u00e8res<\/strong> et la r\u00e9gression lors des retours en famille.<\/p>\n\n\n\n<p>\ud83d\udcda <strong>Assurer la continuit\u00e9 p\u00e9dagogique<\/strong> et \u00e9ducative entre l\u2019institution et la famille.<\/p>\n\n\n\n<p>\ud83e\udd1d <strong>Accompagner les familles<\/strong> dans la mise en place de rep\u00e8res similaires \u00e0 ceux de l\u2019institution.<\/p>\n\n\n\n<p>\ud83d\uddd3\ufe0f <strong>Co-construire un planning<\/strong> r\u00e9gulier et adapt\u00e9 avec l\u2019enfant et sa famille.<\/p>\n<\/div>\n\n\n\n<div class=\"wp-block-column is-layout-flow wp-block-column-is-layout-flow\">\n<h2 class=\"wp-block-heading\">Variantes &#8211; am\u00e9nagement<\/h2>\n\n\n\n<p>\ud83d\udcc5 <strong>Planning r\u00e9gulier des retours<\/strong> : Proposer une semaine sur deux pendant les vacances ou selon un rythme stable.<\/p>\n\n\n\n<p>\ud83d\udd01 <strong>Rituels communs<\/strong> : Utiliser les m\u00eames routines du matin ou du soir qu\u2019en institution (temps de lecture, rituel du coucher, tableau des t\u00e2ches, etc.).<\/p>\n\n\n\n<p>\ud83c\udfa8 <strong>Activit\u00e9s transposables<\/strong> : Transf\u00e9rer des outils utilis\u00e9s en institution (ex. : tableau de suivi des \u00e9motions, calendrier visuel, routines illustr\u00e9es) dans le quotidien familial.<\/p>\n\n\n\n<p>\ud83d\udc68\u200d\ud83d\udc69\u200d\ud83d\udc67\u200d\ud83d\udc66 <strong>Accompagnement parental<\/strong> : Proposer des ateliers ou des temps d\u2019\u00e9change avec les parents pour partager les bonnes pratiques institutionnelles.<\/p>\n\n\n\n<ol class=\"wp-block-list\">\n<li><\/li>\n<\/ol>\n<\/div>\n<\/div>\n\n\n\n<p>Des outils \u00e0 nous partager ?&nbsp;<a href=\"https:\/\/api-lux.be\/index.php\/contact\/\">Cliquez ici<\/a><\/p>\n","protected":false},"excerpt":{"rendered":"<p>\ud83c\udfdb\ufe0f Accueil et structuration institutionnelle &#8211; Adapter le rythme de pr\u00e9sence institutionnel aux besoins de l&rsquo;enfant pour pr\u00e9server les acquis et les rep\u00e8res.<\/p>\n","protected":false},"author":2,"featured_media":0,"comment_status":"closed","ping_status":"closed","sticky":false,"template":"","format":"standard","meta":{"iawp_total_views":4,"footnotes":""},"categories":[4,22,14,9,13,15,46,47,26],"tags":[],"class_list":["post-687","post","type-post","status-publish","format-standard","hentry","category-besoins","category-besoins-cognitifs","category-besoins-dappartenance","category-besoins-de-securite","category-coherence","category-famille-et-milieu-de-vie","category-fiches-outils","category-fiches-outils-pour-les-professionnels","category-outils-pedagogiques-pour-les-pro"],"_links":{"self":[{"href":"https:\/\/api-lux.be\/index.php\/wp-json\/wp\/v2\/posts\/687","targetHints":{"allow":["GET"]}}],"collection":[{"href":"https:\/\/api-lux.be\/index.php\/wp-json\/wp\/v2\/posts"}],"about":[{"href":"https:\/\/api-lux.be\/index.php\/wp-json\/wp\/v2\/types\/post"}],"author":[{"embeddable":true,"href":"https:\/\/api-lux.be\/index.php\/wp-json\/wp\/v2\/users\/2"}],"replies":[{"embeddable":true,"href":"https:\/\/api-lux.be\/index.php\/wp-json\/wp\/v2\/comments?post=687"}],"version-history":[{"count":12,"href":"https:\/\/api-lux.be\/index.php\/wp-json\/wp\/v2\/posts\/687\/revisions"}],"predecessor-version":[{"id":7667,"href":"https:\/\/api-lux.be\/index.php\/wp-json\/wp\/v2\/posts\/687\/revisions\/7667"}],"wp:attachment":[{"href":"https:\/\/api-lux.be\/index.php\/wp-json\/wp\/v2\/media?parent=687"}],"wp:term":[{"taxonomy":"category","embeddable":true,"href":"https:\/\/api-lux.be\/index.php\/wp-json\/wp\/v2\/categories?post=687"},{"taxonomy":"post_tag","embeddable":true,"href":"https:\/\/api-lux.be\/index.php\/wp-json\/wp\/v2\/tags?post=687"}],"curies":[{"name":"wp","href":"https:\/\/api.w.org\/{rel}","templated":true}]}}