{"id":686,"date":"2025-03-13T11:36:55","date_gmt":"2025-03-13T10:36:55","guid":{"rendered":"http:\/\/localhost\/mdi_w\/?p=686"},"modified":"2025-07-01T13:25:47","modified_gmt":"2025-07-01T11:25:47","slug":"bouteille-retour-au-calme","status":"publish","type":"post","link":"https:\/\/api-lux.be\/index.php\/2025\/03\/13\/bouteille-retour-au-calme\/","title":{"rendered":"Bouteille de retour au calme"},"content":{"rendered":"\n<div class=\"wp-block-columns is-layout-flex wp-container-core-columns-is-layout-9d6595d7 wp-block-columns-is-layout-flex\">\n<div class=\"wp-block-column is-layout-flow wp-block-column-is-layout-flow\">\n<figure class=\"wp-block-gallery has-nested-images columns-default is-cropped wp-block-gallery-1 is-layout-flex wp-block-gallery-is-layout-flex\"><div class=\"wp-block-image\">\n<figure class=\"aligncenter size-full\"><img loading=\"lazy\" decoding=\"async\" width=\"500\" height=\"333\" data-id=\"1240\" src=\"https:\/\/api-lux.be\/wp-content\/uploads\/2025\/02\/bouteille-de-retour-calme.jpg\" alt=\"\" class=\"wp-image-1240\" srcset=\"https:\/\/api-lux.be\/wp-content\/uploads\/2025\/02\/bouteille-de-retour-calme.jpg 500w, https:\/\/api-lux.be\/wp-content\/uploads\/2025\/02\/bouteille-de-retour-calme-300x200.jpg 300w\" sizes=\"auto, (max-width: 500px) 100vw, 500px\" \/><\/figure>\n<\/div><\/figure>\n<\/div>\n\n\n\n<div class=\"wp-block-column is-layout-flow wp-block-column-is-layout-flow\">\n<p>\ud83d\ude0c <strong>GESTION DES \u00c9MOTIONS:<\/strong> Un outil simple pour aider \u00e0 g\u00e9rer les \u00e9motions.<\/p>\n\n\n\n<!--more-->\n\n\n\n<h2 class=\"wp-block-heading\">\u00c2ge cible<\/h2>\n\n\n\n<p> De 3  \u00e0 12 ans.<\/p>\n<\/div>\n<\/div>\n\n\n\n<h2 class=\"wp-block-heading\">Descriptif de l&rsquo;outil<\/h2>\n\n\n\n<p>\ud83c\udf0a <strong>La bouteille de retour au calme<\/strong> est une bouteille contenant des paillettes (ou un autre petit objet qui coule doucement) et de l\u2019eau color\u00e9e. <br><br>\ud83d\udc66\ud83d\udca8 L&rsquo;enfant secoue le flacon de toutes ses forces lorsqu&rsquo;il traverse un moment difficile pour lib\u00e9rer les tensions \u00e9motionnelles accumul\u00e9es. En agitant la bouteille, il exprime ses \u00e9motions n\u00e9gatives et en observant les paillettes descendre lentement, il se d\u00e9tend. <br><br>\ud83d\udc96 Le flacon de retour au calme est particuli\u00e8rement efficace pour les enfants ayant des troubles anxieux, hyperactifs, autistes, ou ayant des probl\u00e8mes de comportement.<\/p>\n\n\n\n<p>\ud83d\udecd\ufe0f <strong>O\u00f9 se la procurer ?<\/strong> Facile \u00e0 fabriquer \u00e0 la maison (cfr  avec des bouteilles recycl\u00e9es, de l&rsquo;eau, de la colle et des paillettes, ou \u00e0 acheter en ligne sur des sites sp\u00e9cialis\u00e9s.<\/p>\n\n\n\n<div class=\"wp-block-columns is-layout-flex wp-container-core-columns-is-layout-9d6595d7 wp-block-columns-is-layout-flex\">\n<div class=\"wp-block-column is-layout-flow wp-block-column-is-layout-flow\">\n<h2 class=\"wp-block-heading\">Objectif(s) d&rsquo;utilisation<\/h2>\n\n\n\n<p>\u2728 <strong>Lib\u00e9ration des tensions \u00e9motionnelles<\/strong> : Permet \u00e0 l&rsquo;enfant d&rsquo;exprimer ses \u00e9motions de mani\u00e8re physique en secouant la bouteille.<\/p>\n\n\n\n<p>\ud83e\uddd8 <strong>R\u00e9duction du stress et de l&rsquo;anxi\u00e9t\u00e9<\/strong> : L&rsquo;effet visuel des paillettes qui descendent lentement a un effet apaisant.<\/p>\n\n\n\n<p>\ud83c\udfaf <strong>Am\u00e9lioration de la concentration<\/strong> : Favorise l&rsquo;attention s\u00e9lective en se concentrant sur le mouvement des paillettes.<\/p>\n\n\n\n<p>\u26a1 <strong>Gestion des crises \u00e9motionnelles<\/strong> : Aide \u00e0 calmer les moments de frustration, d&rsquo;anxi\u00e9t\u00e9, ou de col\u00e8re.<\/p>\n\n\n\n<p>\ud83d\udccc <strong>Utilisation polyvalente<\/strong> : Peut \u00eatre int\u00e9gr\u00e9e comme un rituel de retour au calme.<\/p>\n<\/div>\n\n\n\n<div class=\"wp-block-column is-layout-flow wp-block-column-is-layout-flow\">\n<h2 class=\"wp-block-heading\">Variantes &#8211; am\u00e9nagement<\/h2>\n\n\n\n<p>\ud83c\udfad <strong>Ateliers de bricolage<\/strong> : Fabriquer des flacons de retour au calme avec les enfants comme activit\u00e9 cr\u00e9ative.<\/p>\n\n\n\n<p>\ud83d\udd4a\ufe0f <strong>S\u00e9ances de relaxation<\/strong> : Utiliser le flacon \u00e0 la fin de la journ\u00e9e scolaire pour aider les enfants \u00e0 se d\u00e9tendre.<\/p>\n\n\n\n<p>\ud83e\uddd8\u200d\u2642\ufe0f <strong>Mindfulness pour enfants<\/strong> : Int\u00e9grer dans des sessions de m\u00e9ditation guid\u00e9e pour favoriser la pleine conscience.<\/p>\n\n\n\n<p>\ud83d\udea6 <strong>Gestion des crises<\/strong> : Avoir le flacon \u00e0 disposition dans les espaces de vie pour les moments de crise \u00e9motionnelle.<\/p>\n\n\n\n<p>\ud83d\udcac <strong>\u00c9changes en groupe<\/strong> : Utiliser le flacon pour discuter des \u00e9motions et des moyens de les g\u00e9rer en groupe.<\/p>\n<\/div>\n<\/div>\n\n\n\n<h2 class=\"wp-block-heading\">Liens utiles<\/h2>\n\n\n\n<p><strong>\ud83d\udcf0 ARTICLE<\/strong> \u200b<a href=\"https:\/\/monhistoire.com\/notre-blog\/bouteille-de-retour-au-calme\/\" target=\"_blank\" rel=\"noreferrer noopener\">La bouteille de retour au calme : quelle est son utilit\u00e9 et comment la fabriquer ? \u2013 MonHistoire<\/a><br>Un article qui explique comment cr\u00e9er une bouteille sensorielle inspir\u00e9e de la m\u00e9thode Montessori, pour aider les enfants \u00e0 g\u00e9rer leurs \u00e9motions telles que la col\u00e8re ou l\u2019anxi\u00e9t\u00e9.\u200b<\/p>\n\n\n\n<p><strong>\ud83d\udcf0 ARTICLE<\/strong> \u200b<a href=\"https:\/\/decouvrir-montessori.com\/bouteille-de-retour-au-calme-une-solution-miracle-aux-coleres\/\" target=\"_blank\" rel=\"noreferrer noopener\">Bouteille de retour au calme : une solution miracle aux col\u00e8res ? \u2013 D\u00e9couvrir Montessori<\/a><br>Un article qui pr\u00e9sente la bouteille de retour au calme comme un outil sensoriel inspir\u00e9 de la p\u00e9dagogie Montessori, aidant les enfants \u00e0 g\u00e9rer leurs \u00e9motions fortes telles que la col\u00e8re ou l&rsquo;anxi\u00e9t\u00e9.<\/p>\n\n\n\n<p>Des outils \u00e0 nous partager ?&nbsp;<a href=\"https:\/\/api-lux.be\/index.php\/contact\/\">Cliquez ici<\/a><\/p>\n","protected":false},"excerpt":{"rendered":"<p>\ud83d\ude0c GESTION DES \u00c9MOTIONS: Un outil simple pour aider \u00e0 g\u00e9rer les \u00e9motions.<\/p>\n","protected":false},"author":2,"featured_media":0,"comment_status":"closed","ping_status":"closed","sticky":false,"template":"","format":"standard","meta":{"iawp_total_views":11,"footnotes":""},"categories":[24,10,22,18,9,5,46,48,49,47,19,25],"tags":[],"class_list":["post-686","post","type-post","status-publish","format-standard","hentry","category-adaptation-des-apprentissages","category-amenagement-environnement","category-besoins-cognitifs","category-besoins-destime","category-besoins-de-securite","category-besoins-physiologiques","category-fiches-outils","category-fiches-outils-pour-les-aidants-proches","category-fiches-outils-pour-les-jeunes","category-fiches-outils-pour-les-professionnels","category-gestion-des-emotions","category-materiel-specifique"],"_links":{"self":[{"href":"https:\/\/api-lux.be\/index.php\/wp-json\/wp\/v2\/posts\/686","targetHints":{"allow":["GET"]}}],"collection":[{"href":"https:\/\/api-lux.be\/index.php\/wp-json\/wp\/v2\/posts"}],"about":[{"href":"https:\/\/api-lux.be\/index.php\/wp-json\/wp\/v2\/types\/post"}],"author":[{"embeddable":true,"href":"https:\/\/api-lux.be\/index.php\/wp-json\/wp\/v2\/users\/2"}],"replies":[{"embeddable":true,"href":"https:\/\/api-lux.be\/index.php\/wp-json\/wp\/v2\/comments?post=686"}],"version-history":[{"count":11,"href":"https:\/\/api-lux.be\/index.php\/wp-json\/wp\/v2\/posts\/686\/revisions"}],"predecessor-version":[{"id":7666,"href":"https:\/\/api-lux.be\/index.php\/wp-json\/wp\/v2\/posts\/686\/revisions\/7666"}],"wp:attachment":[{"href":"https:\/\/api-lux.be\/index.php\/wp-json\/wp\/v2\/media?parent=686"}],"wp:term":[{"taxonomy":"category","embeddable":true,"href":"https:\/\/api-lux.be\/index.php\/wp-json\/wp\/v2\/categories?post=686"},{"taxonomy":"post_tag","embeddable":true,"href":"https:\/\/api-lux.be\/index.php\/wp-json\/wp\/v2\/tags?post=686"}],"curies":[{"name":"wp","href":"https:\/\/api.w.org\/{rel}","templated":true}]}}