{"id":685,"date":"2025-02-14T11:36:55","date_gmt":"2025-02-14T10:36:55","guid":{"rendered":"http:\/\/localhost\/mdi_w\/?p=685"},"modified":"2025-07-01T15:09:09","modified_gmt":"2025-07-01T13:09:09","slug":"moments-ritualises-privilegies","status":"publish","type":"post","link":"https:\/\/api-lux.be\/index.php\/2025\/02\/14\/moments-ritualises-privilegies\/","title":{"rendered":"Offrir des moments ritualis\u00e9s privil\u00e9gi\u00e9s"},"content":{"rendered":"\n<div class=\"wp-block-columns is-layout-flex wp-container-core-columns-is-layout-9d6595d7 wp-block-columns-is-layout-flex\">\n<div class=\"wp-block-column is-vertically-aligned-center is-layout-flow wp-block-column-is-layout-flow\">\n<figure class=\"wp-block-gallery has-nested-images columns-default is-cropped wp-block-gallery-1 is-layout-flex wp-block-gallery-is-layout-flex\">\n<figure class=\"wp-block-image size-full\"><img loading=\"lazy\" decoding=\"async\" width=\"990\" height=\"660\" data-id=\"4738\" src=\"https:\/\/api-lux.be\/wp-content\/uploads\/2025\/02\/Gute-Nacht-Geschichten.jpg.webp\" alt=\"\" class=\"wp-image-4738\" srcset=\"https:\/\/api-lux.be\/wp-content\/uploads\/2025\/02\/Gute-Nacht-Geschichten.jpg.webp 990w, https:\/\/api-lux.be\/wp-content\/uploads\/2025\/02\/Gute-Nacht-Geschichten.jpg-300x200.webp 300w, https:\/\/api-lux.be\/wp-content\/uploads\/2025\/02\/Gute-Nacht-Geschichten.jpg-768x512.webp 768w\" sizes=\"auto, (max-width: 990px) 100vw, 990px\" \/><\/figure>\n<\/figure>\n<\/div>\n\n\n\n<div class=\"wp-block-column is-layout-flow wp-block-column-is-layout-flow\">\n<p>\ud83c\udf08 <strong>Personnalisation et individualisation <\/strong>&#8211; Les moments privil\u00e9gi\u00e9s sont des p\u00e9riodes de temps d\u00e9di\u00e9es o\u00f9 un enfant re\u00e7oit une attention totale et sans condition.<\/p>\n\n\n\n<!--more-->\n\n\n\n<h2 class=\"wp-block-heading\">\u00c2ge cible<\/h2>\n\n\n\n<p>De 0 \u00e0 18  ans.<\/p>\n<\/div>\n<\/div>\n\n\n\n<h2 class=\"wp-block-heading\">Descriptif de l&rsquo;outil<\/h2>\n\n\n\n<p>\ud83d\udcd6 Ces moments peuvent inclure des activit\u00e9s telles que la lecture, le jeu, des discussions autour de th\u00e8mes d\u2019int\u00e9r\u00eat pour l\u2019enfant, ou tout autre moment simple comme un film partag\u00e9, une sortie au parc ou une apr\u00e8s-midi shopping.<br><br>\ud83d\udee1\ufe0f Ce sont des instants essentiels pour cr\u00e9er un environnement s\u00e9curisant, propice au dialogue, \u00e0 l\u2019\u00e9coute active et \u00e0 la compr\u00e9hension des besoins sp\u00e9cifiques de l\u2019enfant.<br><br>\ud83e\udd1d Ils renforcent le lien de confiance entre l\u2019enfant et l\u2019adulte, et contribuent \u00e0 son bien-\u00eatre affectif.<\/p>\n\n\n\n<p>\u26a0\ufe0f <strong>Points d\u2019attention<\/strong><\/p>\n\n\n\n<ul class=\"wp-block-list\">\n<li>\ud83d\udeab Ne pas conditionner ces moments \u00e0 un bon comportement ou \u00e0 une r\u00e9ussite scolaire.<\/li>\n\n\n\n<li>\u26d4 Veiller \u00e0 ne pas interrompre ce temps sauf en cas d&rsquo;urgence.<\/li>\n\n\n\n<li>\ud83e\udde0 Prendre en compte les besoins sp\u00e9cifiques de chaque enfant (temps calme, \u00e9nergie d\u00e9bordante, besoin de parler ou de simplement \u00eatre ensemble).<\/li>\n<\/ul>\n\n\n\n<div class=\"wp-block-columns is-layout-flex wp-container-core-columns-is-layout-9d6595d7 wp-block-columns-is-layout-flex\">\n<div class=\"wp-block-column is-layout-flow wp-block-column-is-layout-flow\">\n<h2 class=\"wp-block-heading\">Objectif(s) d&rsquo;utilisation<\/h2>\n\n\n\n<p>\ud83d\udc9e Renforcer le lien affectif et de confiance entre l\u2019enfant et l\u2019adulte pour faciliter ensuite les apprentissages ou les activit\u00e9s collectives.<br><br>\ud83d\udecb\ufe0f Offrir un espace de s\u00e9curit\u00e9 \u00e9motionnelle.<br><br>\ud83c\udf1f D\u00e9velopper l\u2019estime de soi de l\u2019enfant.<br><br>\ud83d\udde3\ufe0f Favoriser l\u2019expression libre des \u00e9motions et des ressentis.<br><br>\ud83d\udd0d Comprendre davantage les besoins de l\u2019enfant pour adapter l\u2019accompagnement \u00e9ducatif.<br><br>\ud83d\udcc6 Stabiliser des rep\u00e8res temporels gr\u00e2ce \u00e0 la r\u00e9gularit\u00e9 des moments partag\u00e9s.<\/p>\n<\/div>\n\n\n\n<div class=\"wp-block-column is-layout-flow wp-block-column-is-layout-flow\">\n<h2 class=\"wp-block-heading\">Variantes &#8211; am\u00e9nagement<\/h2>\n\n\n\n<p>\ud83d\udcda <strong>Rituel du soir <\/strong>: lire une histoire, partager un c\u00e2lin, parler de la journ\u00e9e.<br><br>\ud83c\udf6a <strong>Go\u00fbter en t\u00eate-\u00e0-t\u00eate<\/strong> : un temps pour \u00e9changer sans pression.<br><br>\ud83c\udfa8 A<strong>ctivit\u00e9 cr\u00e9ative commune<\/strong> : bricolage, dessin, jardinage.<br><br>\ud83d\udeb6\u200d\u2640\ufe0f <strong>Balade hebdomadaire <\/strong>: promenade en nature ou dans le quartier.<br><br>\ud83c\udfc3 <strong>Activit\u00e9 sportive <\/strong>: moment d\u2019\u00e9change via le mouvement.<br><br>\ud83c\udfb2 <strong>Jeux individuels <\/strong>: jeux de soci\u00e9t\u00e9 ou jeux symboliques \u00e0 deux.<\/p>\n<\/div>\n<\/div>\n\n\n\n<h2 class=\"wp-block-heading\"><strong>Liens utiles<\/strong><\/h2>\n\n\n\n<p><strong>\ud83e\uddf0 OUTIL<\/strong> \u200b<a href=\"https:\/\/www.alloprof.qc.ca\/fr\/parents\/articles\/saines-habitudes-vie-activites-pedagogiques\/coupons-d-activites-pour-passer-du-temps-de-qualite-avec-votre-enfant-k3053\" target=\"_blank\" rel=\"noreferrer noopener\">Coupons d\u2019activit\u00e9s pour passer du temps de qualit\u00e9 avec votre enfant \u2013 Alloprof<\/a><br>Un outil ludique proposant des coupons imprimables pour encourager des moments complices entre parents et enfants, favorisant ainsi des interactions positives et renfor\u00e7ant les liens familiaux.<\/p>\n\n\n\n<p><strong>\ud83d\udcf0 ARTICLE<\/strong> \u200b<a href=\"https:\/\/naitreetgrandir.com\/fr\/etape\/0_12_mois\/viefamille\/ik-naitre-grandir-enfant-passer-temps-de-qualite\/\" target=\"_blank\" rel=\"noreferrer noopener\">Prendre du temps de qualit\u00e9 avec son enfant \u2013 Na\u00eetre et grandir<\/a><br>Un article qui souligne l&rsquo;importance des moments d&rsquo;attention exclusive entre parent et enfant, m\u00eame brefs, pour renforcer le lien affectif et favoriser le d\u00e9veloppement de l&rsquo;enfant.<\/p>\n\n\n\n<p>Des outils \u00e0 nous partager ?&nbsp;<a href=\"https:\/\/api-lux.be\/index.php\/contact\/\">Cliquez ici<\/a><\/p>\n","protected":false},"excerpt":{"rendered":"<p>\ud83c\udf08 Personnalisation et individualisation &#8211; Les moments privil\u00e9gi\u00e9s sont des p\u00e9riodes de temps d\u00e9di\u00e9es o\u00f9 un enfant re\u00e7oit une attention totale et sans condition.<\/p>\n","protected":false},"author":6,"featured_media":0,"comment_status":"closed","ping_status":"closed","sticky":false,"template":"","format":"standard","meta":{"iawp_total_views":6,"footnotes":""},"categories":[28,4,27,14,18,9,15,46,48,47,20,11,21],"tags":[],"class_list":["post-685","post","type-post","status-publish","format-standard","hentry","category-autonomie-et-responsabilisation","category-besoins","category-besoins-daccomplissement","category-besoins-dappartenance","category-besoins-destime","category-besoins-de-securite","category-famille-et-milieu-de-vie","category-fiches-outils","category-fiches-outils-pour-les-aidants-proches","category-fiches-outils-pour-les-professionnels","category-individualisation","category-rituels","category-valorisation-confiance"],"_links":{"self":[{"href":"https:\/\/api-lux.be\/index.php\/wp-json\/wp\/v2\/posts\/685","targetHints":{"allow":["GET"]}}],"collection":[{"href":"https:\/\/api-lux.be\/index.php\/wp-json\/wp\/v2\/posts"}],"about":[{"href":"https:\/\/api-lux.be\/index.php\/wp-json\/wp\/v2\/types\/post"}],"author":[{"embeddable":true,"href":"https:\/\/api-lux.be\/index.php\/wp-json\/wp\/v2\/users\/6"}],"replies":[{"embeddable":true,"href":"https:\/\/api-lux.be\/index.php\/wp-json\/wp\/v2\/comments?post=685"}],"version-history":[{"count":11,"href":"https:\/\/api-lux.be\/index.php\/wp-json\/wp\/v2\/posts\/685\/revisions"}],"predecessor-version":[{"id":7841,"href":"https:\/\/api-lux.be\/index.php\/wp-json\/wp\/v2\/posts\/685\/revisions\/7841"}],"wp:attachment":[{"href":"https:\/\/api-lux.be\/index.php\/wp-json\/wp\/v2\/media?parent=685"}],"wp:term":[{"taxonomy":"category","embeddable":true,"href":"https:\/\/api-lux.be\/index.php\/wp-json\/wp\/v2\/categories?post=685"},{"taxonomy":"post_tag","embeddable":true,"href":"https:\/\/api-lux.be\/index.php\/wp-json\/wp\/v2\/tags?post=685"}],"curies":[{"name":"wp","href":"https:\/\/api.w.org\/{rel}","templated":true}]}}