{"id":684,"date":"2025-02-14T11:36:55","date_gmt":"2025-02-14T10:36:55","guid":{"rendered":"http:\/\/localhost\/mdi_w\/?p=684"},"modified":"2025-07-01T15:08:51","modified_gmt":"2025-07-01T13:08:51","slug":"check-list","status":"publish","type":"post","link":"https:\/\/api-lux.be\/index.php\/2025\/02\/14\/check-list\/","title":{"rendered":"Check-list &#8211; To Do list"},"content":{"rendered":"\n<div class=\"wp-block-columns is-layout-flex wp-container-core-columns-is-layout-9d6595d7 wp-block-columns-is-layout-flex\">\n<div class=\"wp-block-column is-vertically-aligned-center is-layout-flow wp-block-column-is-layout-flow\"><div class=\"wp-block-image\">\n<figure class=\"aligncenter size-full is-resized\"><img loading=\"lazy\" decoding=\"async\" width=\"480\" height=\"480\" src=\"https:\/\/api-lux.be\/wp-content\/uploads\/2025\/02\/image_2025-04-08_171601370.png\" alt=\"\" class=\"wp-image-4734\" style=\"width:275px;height:auto\" srcset=\"https:\/\/api-lux.be\/wp-content\/uploads\/2025\/02\/image_2025-04-08_171601370.png 480w, https:\/\/api-lux.be\/wp-content\/uploads\/2025\/02\/image_2025-04-08_171601370-300x300.png 300w, https:\/\/api-lux.be\/wp-content\/uploads\/2025\/02\/image_2025-04-08_171601370-150x150.png 150w\" sizes=\"auto, (max-width: 480px) 100vw, 480px\" \/><\/figure>\n<\/div><\/div>\n\n\n\n<div class=\"wp-block-column is-layout-flow wp-block-column-is-layout-flow\">\n<p>\ud83d\udd4a\ufe0f <strong>Soutenir et mobiliser<\/strong> &#8211; Une fiche reprenant les \u00e9tapes d&rsquo;une t\u00e2che pour aider les enfants \u00e0 s&rsquo;organiser et \u00e0 g\u00e9rer leur temps.<\/p>\n\n\n\n<!--more-->\n\n\n\n<h2 class=\"wp-block-heading\">\u00c2ge cible<\/h2>\n\n\n\n<p>\u00c0 partir de 3 ans.<\/p>\n<\/div>\n<\/div>\n\n\n\n<h2 class=\"wp-block-heading\">Descriptif de l&rsquo;outil<\/h2>\n\n\n\n<p>\ud83d\udcdc <strong>La check-list structur\u00e9e<\/strong> est un outil visuel qui d\u00e9taille <a href=\"https:\/\/api-lux.be\/index.php\/2025\/02\/14\/structurer-la-tache\/\" data-type=\"link\" data-id=\"https:\/\/api-lux.be\/index.php\/2025\/02\/14\/structurer-la-tache\/\" target=\"_blank\" rel=\"noreferrer noopener\">les \u00e9tapes d&rsquo;un comportement<\/a>, d&rsquo;une capacit\u00e9 ou d&rsquo;une t\u00e2che sp\u00e9cifique dans un ordre chronologique.<\/p>\n\n\n\n<p>\ud83e\udde0 <strong>Elle aide les enfants \u00e0 s&rsquo;organiser<\/strong>, \u00e0 se structurer et \u00e0 suivre les bonnes \u00e9tapes pour accomplir une t\u00e2che efficacement, comme <a href=\"https:\/\/api-lux.be\/index.php\/2025\/03\/13\/les-routines-2\/\" data-type=\"link\" data-id=\"https:\/\/api-lux.be\/index.php\/2025\/03\/13\/les-routines-2\/\" target=\"_blank\" rel=\"noreferrer noopener\">la routine<\/a> du matin ou l&rsquo;organisation de leur cartable.<\/p>\n\n\n\n<p>\ud83d\udc76 <strong>Adapt\u00e9e en fonction de l&rsquo;\u00e2ge et des comp\u00e9tences<\/strong> de l&rsquo;enfant, elle peut inclure des mots ou des <a href=\"https:\/\/api-lux.be\/index.php\/2025\/02\/14\/pictogrammes\/\" data-type=\"link\" data-id=\"https:\/\/api-lux.be\/index.php\/2025\/02\/14\/pictogrammes\/\" target=\"_blank\" rel=\"noreferrer noopener\">pictogrammes<\/a> pour faciliter la compr\u00e9hension.<\/p>\n\n\n\n<p>\u2611\ufe0f <strong>Elle dispose de cases \u00e0 cocher<\/strong> apr\u00e8s chaque \u00e9tape r\u00e9alis\u00e9e, renfor\u00e7ant l&rsquo;autonomie et la satisfaction d\u2019avoir accompli la t\u00e2che.<\/p>\n\n\n\n<p>\ud83d\udd0d <strong>Cet outil permet de structurer et de rendre visibles<\/strong> les \u00e9tapes n\u00e9cessaires pour compl\u00e9ter une t\u00e2che de mani\u00e8re progressive et sereine.<\/p>\n\n\n\n<div class=\"wp-block-columns is-layout-flex wp-container-core-columns-is-layout-9d6595d7 wp-block-columns-is-layout-flex\">\n<div class=\"wp-block-column is-layout-flow wp-block-column-is-layout-flow\">\n<h2 class=\"wp-block-heading\">Objectif(s) d&rsquo;utilisation<\/h2>\n\n\n\n<p>\ud83d\uddc2\ufe0f <strong>D\u00e9velopper le sens de l&rsquo;organisation<\/strong> chez l&rsquo;enfant, l&rsquo;aidant \u00e0 visualiser les \u00e9tapes d&rsquo;une t\u00e2che.<\/p>\n\n\n\n<p>\u23f3 <strong>\u00c9valuer les \u00e9tapes n\u00e9cessaires et g\u00e9rer le temps<\/strong> efficacement pour accomplir des t\u00e2ches.<\/p>\n\n\n\n<p>\ud83c\udfaf <strong>Augmenter l&rsquo;autonomie<\/strong> et le sentiment de comp\u00e9tences chez l&rsquo;enfant, en lui offrant un cadre structur\u00e9 et pr\u00e9visible.<\/p>\n\n\n\n<p>\ud83d\udcc8 <strong>Am\u00e9liorer les r\u00e9sultats personnels<\/strong> et la satisfaction de l\u2019enfant en l\u2019aidant \u00e0 mieux comprendre son propre rythme et \u00e0 choisir les moments propices pour certaines activit\u00e9s.<\/p>\n<\/div>\n\n\n\n<div class=\"wp-block-column is-layout-flow wp-block-column-is-layout-flow\">\n<h2 class=\"wp-block-heading\">Variantes &#8211; am\u00e9nagements<\/h2>\n\n\n\n<p>\ud83c\udfeb <strong>Routines scolaires<\/strong> : Utilisation pour pr\u00e9parer le cartable ou suivre un emploi du temps quotidien.<\/p>\n\n\n\n<p>\ud83c\udfe0 <strong>T\u00e2ches m\u00e9nag\u00e8res<\/strong> : Organisation des t\u00e2ches \u00e0 la maison, comme le rangement de la chambre.<\/p>\n\n\n\n<p>\ud83c\udfa8 <strong>Activit\u00e9s de loisirs<\/strong> : Planification de projets artistiques ou sportifs.<\/p>\n\n\n\n<p>\ud83e\uddfc <strong>Hygi\u00e8ne personnelle<\/strong> : Suivi des \u00e9tapes d&rsquo;une routine de soins personnels (toilette, habillage).<\/p>\n\n\n\n<p>\ud83d\udcda <strong>Devoirs scolaires<\/strong> : S\u00e9quen\u00e7age des \u00e9tapes n\u00e9cessaires pour compl\u00e9ter un devoir ou un projet.<\/p>\n<\/div>\n<\/div>\n\n\n\n<div class=\"wp-block-columns is-layout-flex wp-container-core-columns-is-layout-9d6595d7 wp-block-columns-is-layout-flex\">\n<div class=\"wp-block-column is-layout-flow wp-block-column-is-layout-flow\">\n<h2 class=\"wp-block-heading\">Liens utiles<\/h2>\n\n\n\n<p>\ud83d\udcc4 <strong>ARTICLE<\/strong> \u200b<a href=\"https:\/\/papapositive.fr\/5-outils-pour-mieux-sorganiser-en-famille\/\" target=\"_blank\" rel=\"noreferrer noopener\">5 outils pour mieux s\u2019organiser en famille \u2013 Papa positive !<\/a><br>Un article qui propose des supports visuels et ludiques pour aider les enfants \u00e0 structurer leur quotidien, comme une fus\u00e9e de routine, des sabliers ou des check-lists, afin de favoriser l\u2019autonomie et la s\u00e9r\u00e9nit\u00e9 familiale.<\/p>\n\n\n\n<p><strong>\ud83e\uddf0 OUTIL<\/strong> \u200b<a href=\"https:\/\/papapositive.fr\/outil-organisation-check-list-matin-enfants-2\/\" target=\"_blank\" rel=\"noreferrer noopener\">Outil organisation : la check-list du matin des enfants \u2013 Papa positive !<\/a><br>Une check-list \u00e0 cocher pour aider les enfants \u00e0 structurer leur routine matinale de mani\u00e8re ludique, favorisant leur autonomie et r\u00e9duisant le stress familial.\u200b<\/p>\n\n\n\n<p><strong>\ud83d\udecd\ufe0f SITE DE VENTE EN LIGNE<\/strong> \u200b<a href=\"https:\/\/bienetreautiste.com\/products\/to-do-list-quotidienne-enfant\" target=\"_blank\" rel=\"noreferrer noopener\">To do list Quotidienne Enfant \u2013 Bien \u00eatre autiste<\/a><br>Un outil visuel sous forme de porte-cl\u00e9s con\u00e7u pour aider les enfants, notamment ceux ayant un TSA ou un TDAH, \u00e0 structurer leur journ\u00e9e de mani\u00e8re autonome. Il inclut des autocollants illustr\u00e9s et vierges pour personnaliser les t\u00e2ches quotidiennes.<\/p>\n\n\n\n<p><em>Les liens vers les sites propos\u00e9s sont fournis \u00e0 titre indicatif et ne constituent en aucun cas une recommandation publicitaire. De nombreux mat\u00e9riaux et \u00e9quipements similaires peuvent \u00eatre trouv\u00e9s dans les magasins de proximit\u00e9 et les enseignes discount.<\/em><\/p>\n<\/div>\n<\/div>\n\n\n\n<p>Des outils \u00e0 nous partager ?&nbsp;<a href=\"https:\/\/api-lux.be\/index.php\/contact\/\">Cliquez ici<\/a><\/p>\n","protected":false},"excerpt":{"rendered":"<p>\ud83d\udd4a\ufe0f Soutenir et mobiliser &#8211; Une fiche reprenant les \u00e9tapes d&rsquo;une t\u00e2che pour aider les enfants \u00e0 s&rsquo;organiser et \u00e0 g\u00e9rer leur temps.<\/p>\n","protected":false},"author":6,"featured_media":0,"comment_status":"closed","ping_status":"closed","sticky":false,"template":"","format":"standard","meta":{"iawp_total_views":4,"footnotes":""},"categories":[28,27,18,9,5,8,46,48,49,47,20,29,11,21],"tags":[],"class_list":["post-684","post","type-post","status-publish","format-standard","hentry","category-autonomie-et-responsabilisation","category-besoins-daccomplissement","category-besoins-destime","category-besoins-de-securite","category-besoins-physiologiques","category-bien-etre","category-fiches-outils","category-fiches-outils-pour-les-aidants-proches","category-fiches-outils-pour-les-jeunes","category-fiches-outils-pour-les-professionnels","category-individualisation","category-projection","category-rituels","category-valorisation-confiance"],"_links":{"self":[{"href":"https:\/\/api-lux.be\/index.php\/wp-json\/wp\/v2\/posts\/684","targetHints":{"allow":["GET"]}}],"collection":[{"href":"https:\/\/api-lux.be\/index.php\/wp-json\/wp\/v2\/posts"}],"about":[{"href":"https:\/\/api-lux.be\/index.php\/wp-json\/wp\/v2\/types\/post"}],"author":[{"embeddable":true,"href":"https:\/\/api-lux.be\/index.php\/wp-json\/wp\/v2\/users\/6"}],"replies":[{"embeddable":true,"href":"https:\/\/api-lux.be\/index.php\/wp-json\/wp\/v2\/comments?post=684"}],"version-history":[{"count":10,"href":"https:\/\/api-lux.be\/index.php\/wp-json\/wp\/v2\/posts\/684\/revisions"}],"predecessor-version":[{"id":7840,"href":"https:\/\/api-lux.be\/index.php\/wp-json\/wp\/v2\/posts\/684\/revisions\/7840"}],"wp:attachment":[{"href":"https:\/\/api-lux.be\/index.php\/wp-json\/wp\/v2\/media?parent=684"}],"wp:term":[{"taxonomy":"category","embeddable":true,"href":"https:\/\/api-lux.be\/index.php\/wp-json\/wp\/v2\/categories?post=684"},{"taxonomy":"post_tag","embeddable":true,"href":"https:\/\/api-lux.be\/index.php\/wp-json\/wp\/v2\/tags?post=684"}],"curies":[{"name":"wp","href":"https:\/\/api.w.org\/{rel}","templated":true}]}}