{"id":6832,"date":"2025-05-26T09:57:51","date_gmt":"2025-05-26T07:57:51","guid":{"rendered":"https:\/\/api-lux.be\/?p=6832"},"modified":"2025-07-01T11:33:01","modified_gmt":"2025-07-01T09:33:01","slug":"lechiquier","status":"publish","type":"post","link":"https:\/\/api-lux.be\/index.php\/2025\/05\/26\/lechiquier\/","title":{"rendered":"L&rsquo;\u00e9chiquier &#8211; d\u00e9pendances et assu\u00e9tudes"},"content":{"rendered":"\n<div class=\"wp-block-columns is-layout-flex wp-container-core-columns-is-layout-9d6595d7 wp-block-columns-is-layout-flex\">\n<div class=\"wp-block-column is-vertically-aligned-center is-layout-flow wp-block-column-is-layout-flow\"><div class=\"wp-block-image\">\n<figure class=\"aligncenter size-full\"><img loading=\"lazy\" decoding=\"async\" width=\"200\" height=\"200\" src=\"https:\/\/api-lux.be\/wp-content\/uploads\/2025\/05\/27cf7def36046b5e852337deeab3004f.png\" alt=\"\" class=\"wp-image-6833\" srcset=\"https:\/\/api-lux.be\/wp-content\/uploads\/2025\/05\/27cf7def36046b5e852337deeab3004f.png 200w, https:\/\/api-lux.be\/wp-content\/uploads\/2025\/05\/27cf7def36046b5e852337deeab3004f-150x150.png 150w\" sizes=\"auto, (max-width: 200px) 100vw, 200px\" \/><\/figure>\n<\/div><\/div>\n\n\n\n<div class=\"wp-block-column is-layout-flow wp-block-column-is-layout-flow\">\n<p>\ud83e\ude7a <strong>SOIN \u2013 SANTE<\/strong> &#8211; outil d\u2019animation et formation li\u00e9e, qui ont pour but de parler des d\u00e9pendances et du bien-\u00eatre. Il peut s\u2019adapter \u00e0 une prise en charge individuelle ou \u00e0 un groupe.<\/p>\n\n\n\n<h2 class=\"wp-block-heading\">\u00c2ge cible<\/h2>\n\n\n\n<p>\u00c0 partir de 12 ans.<\/p>\n<\/div>\n<\/div>\n\n\n\n<h2 class=\"wp-block-heading\">Descriptif de l&rsquo;outil<\/h2>\n\n\n\n<h4 class=\"wp-block-heading\">\u265f\ufe0f L\u2019\u00e9chiquier \u2013 Un outil de sensibilisation \u00e0 l\u2019assu\u00e9tude<\/h4>\n\n\n\n<p><strong>L\u2019\u00e9chiquier<\/strong> est un outil p\u00e9dagogique permettant d\u2019aborder et de sensibiliser aux assu\u00e9tudes, qu&rsquo;elles soient li\u00e9es \u00e0 une substance (alcool, drogues, m\u00e9dicaments\u2026) ou non (\u00e9crans, jeux, achats compulsifs\u2026). Il est propos\u00e9 dans le cadre d\u2019une <strong>formation anim\u00e9e par <a href=\"https:\/\/prospective-jeunesse.be\" target=\"_blank\" rel=\"noreferrer noopener\">le service Prospective Jeunesse \u00e0 Bruxelles<\/a><\/strong>.<\/p>\n\n\n\n<h4 class=\"wp-block-heading\">\ud83d\udcdd Comment fonctionne l\u2019\u00e9chiquier ?<\/h4>\n\n\n\n<p>\u00c0 partir d\u2019un <strong>\u00e9chiquier trac\u00e9 sur papier<\/strong>, les participant\u00b7es sont invit\u00e9\u00b7es \u00e0 :<\/p>\n\n\n\n<ul class=\"wp-block-list\">\n<li>\u00c9changer autour de situations concr\u00e8tes li\u00e9es \u00e0 l\u2019addiction<\/li>\n\n\n\n<li>Visualiser comment une addiction peut progressivement prendre le dessus sur diff\u00e9rents aspects de la vie (relations, sant\u00e9, loisirs\u2026)<\/li>\n\n\n\n<li>Identifier des <strong>ressources et leviers de bien-\u00eatre<\/strong> en dehors de la d\u00e9pendance<\/li>\n<\/ul>\n\n\n\n<h4 class=\"wp-block-heading\">\ud83e\udde9 Modalit\u00e9s d\u2019utilisation<\/h4>\n\n\n\n<ul class=\"wp-block-list\">\n<li>\ud83d\udccc <strong>En groupe<\/strong><br>Utilis\u00e9 en animation collective, il permet une r\u00e9flexion partag\u00e9e autour d\u2019un sc\u00e9nario fictif ou r\u00e9el. Chacun\u00b7e peut contribuer \u00e0 faire \u00e9merger des id\u00e9es, des \u00e9motions ou des solutions possibles.<\/li>\n\n\n\n<li>\ud83d\udccc <strong>En individuel<\/strong><br>Il devient un support de discussion centr\u00e9 sur une situation v\u00e9cue, souvent d\u00e9j\u00e0 sensible ou probl\u00e9matique. Il facilite l\u2019expression et la prise de recul.<\/li>\n<\/ul>\n\n\n\n<div class=\"wp-block-columns is-layout-flex wp-container-core-columns-is-layout-9d6595d7 wp-block-columns-is-layout-flex\">\n<div class=\"wp-block-column is-layout-flow wp-block-column-is-layout-flow\">\n<h2 class=\"wp-block-heading\">Objectif(s) d&rsquo;utilisation<\/h2>\n\n\n\n<p>\ud83d\udcac <strong>Ouvrir un espace de discussion<\/strong> non stigmatisant autour des motivations des jeunes \u00e0 consommer.<\/p>\n\n\n\n<p>\ud83d\udce2 <strong>Sensibiliser et communiquer<\/strong> sur le sujet de l\u2019assu\u00e9tude, qu\u2019elle soit li\u00e9e \u00e0 une substance ou \u00e0 un comportement.<\/p>\n\n\n\n<p>\ud83d\udcaa <strong>Identifier les ressources<\/strong> internes et externes du jeune pour l\u2019accompagner dans son cheminement.<\/p>\n\n\n\n<p>\ud83e\udde0 <strong>Comprendre les m\u00e9canismes<\/strong> de l\u2019assu\u00e9tude : comment une d\u00e9pendance s\u2019installe, \u00e9volue et influence le quotidien.<\/p>\n\n\n\n<p>\ud83e\uddf1 <strong>Repr\u00e9senter visuellement l\u2019impact<\/strong> global d\u2019une addiction sur les diff\u00e9rents domaines de vie (relations, sant\u00e9, \u00e9motions\u2026).<\/p>\n\n\n\n<p>\ud83c\udf31 <strong>Soutenir l\u2019usager<\/strong> dans la recherche d\u2019<strong>alternatives positives<\/strong> favorisant le bien-\u00eatre.<\/p>\n\n\n\n<p>\ud83c\udfaf <strong>Poser de petits objectifs r\u00e9alistes<\/strong> pour amorcer un changement progressif et adapt\u00e9 \u00e0 la personne.<\/p>\n<\/div>\n\n\n\n<div class=\"wp-block-column is-layout-flow wp-block-column-is-layout-flow\">\n<h2 class=\"wp-block-heading\">Liens utiles<\/h2>\n\n\n\n<p><br><strong>\ud83e\uddf0 OUTIL<\/strong> &#8211; <a href=\"https:\/\/prospective-jeunesse.be\/echiquier\/\" target=\"_blank\" rel=\"noreferrer noopener\">L\u2019\u00c9chiquier \u2013 Prospective Jeunesse<\/a><br>Un outil p\u00e9dagogique con\u00e7u pour aborder de mani\u00e8re ludique et non stigmatisante les questions de d\u00e9pendances et de bien-\u00eatre. Il invite les participant\u00b7e\u00b7s \u00e0 r\u00e9fl\u00e9chir \u00e0 leurs sources de plaisir et \u00e0 leur \u00e9quilibre de vie, facilitant ainsi des \u00e9changes ouverts sur les usages probl\u00e9matiques, avec ou sans produits.<\/p>\n\n\n\n<p><strong>\ud83c\udf93 FORMATION(S)<\/strong> &#8211; <a href=\"https:\/\/prospective-jeunesse.be\/formations\/toutes-les-formations\/\" target=\"_blank\" rel=\"noreferrer noopener\">Formations \u2013 Prospective Jeunesse<\/a><br>Catalogue de formations destin\u00e9es aux professionnel\u00b7le\u00b7s en contact avec des jeunes, abordant les th\u00e9matiques des consommations probl\u00e9matiques, des d\u00e9pendances et de la promotion de la sant\u00e9.<\/p>\n\n\n\n<p><strong>\ud83c\udf10 SITE INTERNET<\/strong> <a href=\"https:\/\/www.calluxembourg.be\/nos-services\/drugscare\/\" target=\"_blank\" rel=\"noreferrer noopener\">Drugs\u2019care \u2013 CAL\/Luxembourg<\/a><br>Un service d\u2019aide et de soins sp\u00e9cialis\u00e9s en assu\u00e9tudes, agr\u00e9\u00e9 par la R\u00e9gion Wallonne, qui propose un accompagnement confidentiel et sans jugement aux personnes consommatrices de drogues et \u00e0 leurs proches.<\/p>\n<\/div>\n<\/div>\n\n\n\n<p>Des outils \u00e0 nous partager ? <a href=\"https:\/\/api-lux.be\/index.php\/contact\/\">Cliquez ici<\/a><\/p>\n","protected":false},"excerpt":{"rendered":"<p>\ud83e\ude7a SOIN \u2013 SANTE &#8211; outil d\u2019animation et formation li\u00e9e, qui ont pour but de parler des d\u00e9pendances et du bien-\u00eatre. Il peut s\u2019adapter \u00e0 une prise en charge individuelle [&hellip;]<\/p>\n","protected":false},"author":6,"featured_media":0,"comment_status":"closed","ping_status":"closed","sticky":false,"template":"","format":"standard","meta":{"iawp_total_views":54,"footnotes":""},"categories":[28,4,27,5,8,1,6,7],"tags":[],"class_list":["post-6832","post","type-post","status-publish","format-standard","hentry","category-autonomie-et-responsabilisation","category-besoins","category-besoins-daccomplissement","category-besoins-physiologiques","category-bien-etre","category-non-classe","category-sante-alimentation-sommeil-hygiene","category-soin-pistes-et-outils-professionnels"],"_links":{"self":[{"href":"https:\/\/api-lux.be\/index.php\/wp-json\/wp\/v2\/posts\/6832","targetHints":{"allow":["GET"]}}],"collection":[{"href":"https:\/\/api-lux.be\/index.php\/wp-json\/wp\/v2\/posts"}],"about":[{"href":"https:\/\/api-lux.be\/index.php\/wp-json\/wp\/v2\/types\/post"}],"author":[{"embeddable":true,"href":"https:\/\/api-lux.be\/index.php\/wp-json\/wp\/v2\/users\/6"}],"replies":[{"embeddable":true,"href":"https:\/\/api-lux.be\/index.php\/wp-json\/wp\/v2\/comments?post=6832"}],"version-history":[{"count":4,"href":"https:\/\/api-lux.be\/index.php\/wp-json\/wp\/v2\/posts\/6832\/revisions"}],"predecessor-version":[{"id":7601,"href":"https:\/\/api-lux.be\/index.php\/wp-json\/wp\/v2\/posts\/6832\/revisions\/7601"}],"wp:attachment":[{"href":"https:\/\/api-lux.be\/index.php\/wp-json\/wp\/v2\/media?parent=6832"}],"wp:term":[{"taxonomy":"category","embeddable":true,"href":"https:\/\/api-lux.be\/index.php\/wp-json\/wp\/v2\/categories?post=6832"},{"taxonomy":"post_tag","embeddable":true,"href":"https:\/\/api-lux.be\/index.php\/wp-json\/wp\/v2\/tags?post=6832"}],"curies":[{"name":"wp","href":"https:\/\/api.w.org\/{rel}","templated":true}]}}