{"id":683,"date":"2025-02-14T11:36:55","date_gmt":"2025-02-14T10:36:55","guid":{"rendered":"http:\/\/localhost\/mdi_w\/?p=683"},"modified":"2025-07-01T15:08:16","modified_gmt":"2025-07-01T13:08:16","slug":"preparation-des-tenues","status":"publish","type":"post","link":"https:\/\/api-lux.be\/index.php\/2025\/02\/14\/preparation-des-tenues\/","title":{"rendered":"Pr\u00e9parer ses tenues"},"content":{"rendered":"\n<div class=\"wp-block-columns is-layout-flex wp-container-core-columns-is-layout-9d6595d7 wp-block-columns-is-layout-flex\">\n<div class=\"wp-block-column is-vertically-aligned-center is-layout-flow wp-block-column-is-layout-flow\"><div class=\"wp-block-image\">\n<figure class=\"aligncenter size-large\"><img loading=\"lazy\" decoding=\"async\" width=\"1024\" height=\"683\" src=\"https:\/\/api-lux.be\/wp-content\/uploads\/2025\/02\/pexels-kaip-996329-1024x683.jpg\" alt=\"\" class=\"wp-image-1456\" srcset=\"https:\/\/api-lux.be\/wp-content\/uploads\/2025\/02\/pexels-kaip-996329-1024x683.jpg 1024w, https:\/\/api-lux.be\/wp-content\/uploads\/2025\/02\/pexels-kaip-996329-300x200.jpg 300w, https:\/\/api-lux.be\/wp-content\/uploads\/2025\/02\/pexels-kaip-996329-768x512.jpg 768w, https:\/\/api-lux.be\/wp-content\/uploads\/2025\/02\/pexels-kaip-996329-1536x1024.jpg 1536w, https:\/\/api-lux.be\/wp-content\/uploads\/2025\/02\/pexels-kaip-996329-2048x1365.jpg 2048w\" sizes=\"auto, (max-width: 1024px) 100vw, 1024px\" \/><\/figure>\n<\/div><\/div>\n\n\n\n<div class=\"wp-block-column is-layout-flow wp-block-column-is-layout-flow\">\n<p>Pr\u00e9parer des tenues vestimentaires pour chaque jour de la semaine \u00e0 l&rsquo;avance pour optimiser l&rsquo;organisation. <\/p>\n\n\n\n<!--more-->\n\n\n\n<h2 class=\"wp-block-heading\">\u00c2ge cible <\/h2>\n\n\n\n<p>\u00c0 partir de 3 ans.<\/p>\n<\/div>\n<\/div>\n\n\n\n<h2 class=\"wp-block-heading\">Descriptif de l&rsquo;outil<\/h2>\n\n\n\n<p>\ud83d\udc55 <strong>La pr\u00e9paration des tenues vestimentaires pour chaque jour de la semaine<\/strong><br>Planifier \u00e0 l\u2019avance les v\u00eatements \u00e0 porter chaque jour aide les enfants \u00e0 d\u00e9velopper leur autonomie et \u00e0 anticiper leurs choix vestimentaires.<br>Mettre en place cette routine permet aussi de mieux g\u00e9rer le temps le matin, en r\u00e9duisant le stress li\u00e9 \u00e0 la pr\u00e9paration.<\/p>\n\n\n\n<p>\u26a0\ufe0f <strong>Points d\u2019attention<\/strong> :<\/p>\n\n\n\n<ul class=\"wp-block-list\">\n<li>Veiller \u00e0 ce que l\u2019enfant apprenne \u00e0 adapter ses choix en fonction des saisons et des conditions m\u00e9t\u00e9orologiques.<\/li>\n\n\n\n<li>L&rsquo;encourager \u00e0 observer la m\u00e9t\u00e9o du jour (pluie, froid, chaleur) pour s\u00e9lectionner des v\u00eatements appropri\u00e9s.<\/li>\n<\/ul>\n\n\n\n<p>\ud83c\udfaf <strong>Pour aller plus loin<\/strong> :<br>En compl\u00e9ment de cet outil, vous pouvez consulter notre <strong>fiche <a href=\"https:\/\/api-lux.be\/index.php\/2025\/04\/07\/application-kairos-transformer-les-routines-en-aventures\/\" data-type=\"link\" data-id=\"https:\/\/api-lux.be\/index.php\/2025\/04\/07\/application-kairos-transformer-les-routines-en-aventures\/\" target=\"_blank\" rel=\"noreferrer noopener\">\u00ab\u00a0Kairosgame\u00a0\u00bb<\/a><\/strong>, qui propose des solutions adapt\u00e9es pour transformer les routines en aventures ludiques !<\/p>\n\n\n\n<div class=\"wp-block-columns is-layout-flex wp-container-core-columns-is-layout-9d6595d7 wp-block-columns-is-layout-flex\">\n<div class=\"wp-block-column is-layout-flow wp-block-column-is-layout-flow\">\n<h2 class=\"wp-block-heading\">Objectif(s) d&rsquo;utilisation<\/h2>\n\n\n\n<p>\ud83c\udfc6 <strong>D\u00e9velopper l&rsquo;autonomie<\/strong> : En pr\u00e9parant ses tenues \u00e0 l&rsquo;avance, l&rsquo;enfant apprend \u00e0 faire ses propres choix et \u00e0 prendre des d\u00e9cisions.<\/p>\n\n\n\n<p>\ud83d\uddc2\ufe0f <strong>D\u00e9velopper des comp\u00e9tences d&rsquo;organisation et de planification<\/strong> : La planification des v\u00eatements de la semaine aide \u00e0 structurer les journ\u00e9es de l\u2019enfant.<\/p>\n\n\n\n<p>\ud83d\udee1\ufe0f <strong>Instaurer une routine rassurante<\/strong> : Ce syst\u00e8me pr\u00e9\u00e9tabli renforce le sentiment de s\u00e9curit\u00e9 et de pr\u00e9visibilit\u00e9 dans leur quotidien.<\/p>\n\n\n\n<p>\ud83d\udcc5 <strong>Favoriser l&rsquo;organisation quotidienne<\/strong> : Les enfants sont guid\u00e9s \u00e0 anticiper et organiser leur emploi du temps en prenant en compte un aspect quotidien simple mais essentiel.<\/p>\n<\/div>\n\n\n\n<div class=\"wp-block-column is-layout-flow wp-block-column-is-layout-flow\">\n<h2 class=\"wp-block-heading\">Variantes &#8211; am\u00e9nagement<\/h2>\n\n\n\n<p>\ud83e\uddf8 <strong>Activit\u00e9s ludiques<\/strong> : Organisez des jeux de r\u00f4le o\u00f9 les enfants choisissent leur tenue en fonction d&rsquo;un th\u00e8me ou d\u2019une situation imaginaire (ex : choisir des v\u00eatements pour une aventure ou un personnage).<\/p>\n\n\n\n<p>\ud83d\udcc5 <strong>Tableaux ou calendriers vestimentaires<\/strong> : Cr\u00e9ez un tableau visuel que l\u2019enfant peut consulter chaque matin, avec des ic\u00f4nes ou des photos des tenues de la semaine.<\/p>\n\n\n\n<p>\ud83c\udf26\ufe0f <strong>Tableau m\u00e9t\u00e9o-v\u00eatements<\/strong> : Pr\u00e9parez un tableau qui associe des images du temps (pluie, neige, soleil) avec les v\u00eatements appropri\u00e9s (ex : bonnet, \u00e9charpe, manteau, bottes pour l\u2019hiver).<\/p>\n\n\n\n<p>\ud83d\udd04 <strong>Outil visuel de gestion du changement de v\u00eatements<\/strong> : Utilisez un petit outil visuel pour aider l\u2019enfant \u00e0 comprendre quel v\u00eatement doit \u00eatre chang\u00e9 et \u00e0 quel moment de la journ\u00e9e.<\/p>\n<\/div>\n<\/div>\n\n\n\n<div class=\"wp-block-columns is-layout-flex wp-container-core-columns-is-layout-9d6595d7 wp-block-columns-is-layout-flex\">\n<div class=\"wp-block-column is-layout-flow wp-block-column-is-layout-flow\">\n<figure class=\"wp-block-image size-large\"><img loading=\"lazy\" decoding=\"async\" width=\"724\" height=\"1024\" src=\"https:\/\/api-lux.be\/wp-content\/uploads\/2025\/02\/Beige-Brun-Simple-Esthetique-Elegant-Minimaliste-Planning-de-la-semaine-1-1-724x1024.jpg\" alt=\"\" class=\"wp-image-3325\" srcset=\"https:\/\/api-lux.be\/wp-content\/uploads\/2025\/02\/Beige-Brun-Simple-Esthetique-Elegant-Minimaliste-Planning-de-la-semaine-1-1-724x1024.jpg 724w, https:\/\/api-lux.be\/wp-content\/uploads\/2025\/02\/Beige-Brun-Simple-Esthetique-Elegant-Minimaliste-Planning-de-la-semaine-1-1-212x300.jpg 212w, https:\/\/api-lux.be\/wp-content\/uploads\/2025\/02\/Beige-Brun-Simple-Esthetique-Elegant-Minimaliste-Planning-de-la-semaine-1-1-768x1086.jpg 768w, https:\/\/api-lux.be\/wp-content\/uploads\/2025\/02\/Beige-Brun-Simple-Esthetique-Elegant-Minimaliste-Planning-de-la-semaine-1-1-1086x1536.jpg 1086w, https:\/\/api-lux.be\/wp-content\/uploads\/2025\/02\/Beige-Brun-Simple-Esthetique-Elegant-Minimaliste-Planning-de-la-semaine-1-1-1448x2048.jpg 1448w, https:\/\/api-lux.be\/wp-content\/uploads\/2025\/02\/Beige-Brun-Simple-Esthetique-Elegant-Minimaliste-Planning-de-la-semaine-1-1-scaled.jpg 1810w\" sizes=\"auto, (max-width: 724px) 100vw, 724px\" \/><\/figure>\n<\/div>\n\n\n\n<div class=\"wp-block-column is-layout-flow wp-block-column-is-layout-flow\">\n<figure class=\"wp-block-image size-large\"><img loading=\"lazy\" decoding=\"async\" width=\"1024\" height=\"756\" src=\"https:\/\/api-lux.be\/wp-content\/uploads\/2025\/02\/481237304_1317620095958632_3641599571815414211_n-1024x756.jpg\" alt=\"\" class=\"wp-image-1513\" srcset=\"https:\/\/api-lux.be\/wp-content\/uploads\/2025\/02\/481237304_1317620095958632_3641599571815414211_n-1024x756.jpg 1024w, https:\/\/api-lux.be\/wp-content\/uploads\/2025\/02\/481237304_1317620095958632_3641599571815414211_n-300x221.jpg 300w, https:\/\/api-lux.be\/wp-content\/uploads\/2025\/02\/481237304_1317620095958632_3641599571815414211_n-768x567.jpg 768w, https:\/\/api-lux.be\/wp-content\/uploads\/2025\/02\/481237304_1317620095958632_3641599571815414211_n-1536x1134.jpg 1536w, https:\/\/api-lux.be\/wp-content\/uploads\/2025\/02\/481237304_1317620095958632_3641599571815414211_n.jpg 2048w\" sizes=\"auto, (max-width: 1024px) 100vw, 1024px\" \/><\/figure>\n<\/div>\n<\/div>\n\n\n\n<p>Des outils \u00e0 nous partager ?&nbsp;<a href=\"https:\/\/api-lux.be\/index.php\/contact\/\">Cliquez ici<\/a><\/p>\n","protected":false},"excerpt":{"rendered":"<p>Pr\u00e9parer des tenues vestimentaires pour chaque jour de la semaine \u00e0 l&rsquo;avance pour optimiser l&rsquo;organisation.<\/p>\n","protected":false},"author":6,"featured_media":0,"comment_status":"closed","ping_status":"closed","sticky":false,"template":"","format":"standard","meta":{"iawp_total_views":0,"footnotes":""},"categories":[28,4,27,18,9,46,48,47,20,29,11,21],"tags":[],"class_list":["post-683","post","type-post","status-publish","format-standard","hentry","category-autonomie-et-responsabilisation","category-besoins","category-besoins-daccomplissement","category-besoins-destime","category-besoins-de-securite","category-fiches-outils","category-fiches-outils-pour-les-aidants-proches","category-fiches-outils-pour-les-professionnels","category-individualisation","category-projection","category-rituels","category-valorisation-confiance"],"_links":{"self":[{"href":"https:\/\/api-lux.be\/index.php\/wp-json\/wp\/v2\/posts\/683","targetHints":{"allow":["GET"]}}],"collection":[{"href":"https:\/\/api-lux.be\/index.php\/wp-json\/wp\/v2\/posts"}],"about":[{"href":"https:\/\/api-lux.be\/index.php\/wp-json\/wp\/v2\/types\/post"}],"author":[{"embeddable":true,"href":"https:\/\/api-lux.be\/index.php\/wp-json\/wp\/v2\/users\/6"}],"replies":[{"embeddable":true,"href":"https:\/\/api-lux.be\/index.php\/wp-json\/wp\/v2\/comments?post=683"}],"version-history":[{"count":8,"href":"https:\/\/api-lux.be\/index.php\/wp-json\/wp\/v2\/posts\/683\/revisions"}],"predecessor-version":[{"id":7839,"href":"https:\/\/api-lux.be\/index.php\/wp-json\/wp\/v2\/posts\/683\/revisions\/7839"}],"wp:attachment":[{"href":"https:\/\/api-lux.be\/index.php\/wp-json\/wp\/v2\/media?parent=683"}],"wp:term":[{"taxonomy":"category","embeddable":true,"href":"https:\/\/api-lux.be\/index.php\/wp-json\/wp\/v2\/categories?post=683"},{"taxonomy":"post_tag","embeddable":true,"href":"https:\/\/api-lux.be\/index.php\/wp-json\/wp\/v2\/tags?post=683"}],"curies":[{"name":"wp","href":"https:\/\/api.w.org\/{rel}","templated":true}]}}