{"id":681,"date":"2025-02-14T11:36:55","date_gmt":"2025-02-14T10:36:55","guid":{"rendered":"http:\/\/localhost\/mdi_w\/?p=681"},"modified":"2025-07-01T15:08:04","modified_gmt":"2025-07-01T13:08:04","slug":"privatisation-du-lieu-de-vie","status":"publish","type":"post","link":"https:\/\/api-lux.be\/index.php\/2025\/02\/14\/privatisation-du-lieu-de-vie\/","title":{"rendered":"Privatisation du lieu de vie"},"content":{"rendered":"\n<div class=\"wp-block-columns is-layout-flex wp-container-core-columns-is-layout-9d6595d7 wp-block-columns-is-layout-flex\">\n<div class=\"wp-block-column is-vertically-aligned-center is-layout-flow wp-block-column-is-layout-flow\"><div class=\"wp-block-image\">\n<figure class=\"aligncenter size-full\"><img decoding=\"async\" src=\"https:\/\/api-lux.be\/wp-content\/uploads\/2025\/02\/lieu_prive.jpg\" alt=\" \" class=\"wp-image-202\"\/><\/figure>\n<\/div><\/div>\n\n\n\n<div class=\"wp-block-column is-layout-flow wp-block-column-is-layout-flow\">\n<p>\ud83c\udfdb\ufe0f <strong>Accueil et structuration institutionnelle <\/strong>&#8211; Consiste \u00e0 am\u00e9nager des espaces clairement d\u00e9limit\u00e9s et d\u00e9di\u00e9s \u00e0 un groupe d\u2019enfants, afin de leur offrir un <strong>cadre rassurant, lisible et adapt\u00e9 \u00e0 leurs besoins sp\u00e9cifiques<\/strong>.<\/p>\n\n\n\n<!--more-->\n\n\n\n<h2 class=\"wp-block-heading\">\u00c2ge cible<\/h2>\n\n\n\n<p>Tout \u00e2ge.<\/p>\n<\/div>\n<\/div>\n\n\n\n<h2 class=\"wp-block-heading\">Descriptif de l&rsquo;outil<\/h2>\n\n\n\n<p>\ud83d\udccd Cette d\u00e9marche peut passer par des am\u00e9nagements mat\u00e9riels simples ou symboliques :<\/p>\n\n\n\n<ul class=\"wp-block-list\">\n<li>\ud83c\udfe0 Installer un container ou une pi\u00e8ce sp\u00e9cifique d\u00e9di\u00e9e aux rendez-vous avec des personnes ext\u00e9rieures.<\/li>\n\n\n\n<li>\ud83d\udd14 Mettre en place une sonnette, une barri\u00e8re ou une porte pour contr\u00f4ler l\u2019entr\u00e9e.<\/li>\n\n\n\n<li>\ud83d\udea7 Utiliser un marquage au sol clair pour indiquer les limites \u00e0 ne pas franchir.<\/li>\n\n\n\n<li>\ud83d\udeaa Instaurer des \u00ab gestes rep\u00e8res \u00bb (fermer une porte, allumer une lumi\u00e8re) pour symboliser les moments d\u2019intimit\u00e9 ou de regroupement.<\/li>\n<\/ul>\n\n\n\n<p>\ud83c\udfa8 L\u2019id\u00e9e est de <strong>s\u00e9curiser l\u2019espace<\/strong>, mais aussi de permettre \u00e0 chaque enfant ou groupe de mieux s\u2019y rep\u00e9rer et de s\u2019y sentir chez lui, ce qui facilite la r\u00e9gulation \u00e9motionnelle et le respect des rythmes.<\/p>\n\n\n\n<div class=\"wp-block-columns is-layout-flex wp-container-core-columns-is-layout-9d6595d7 wp-block-columns-is-layout-flex\">\n<div class=\"wp-block-column is-layout-flow wp-block-column-is-layout-flow\">\n<h2 class=\"wp-block-heading\">Objectif(s) d&rsquo;utilisation<\/h2>\n\n\n\n<p>\ud83d\udee1\ufe0f <strong>Cr\u00e9er un cadre s\u00e9curis\u00e9 et protecteur<\/strong>, propice au bien-\u00eatre psychologique et physique des enfants.<br><br>\ud83c\udfe0 <strong>Favoriser l\u2019appropriation du lieu de vie<\/strong>, pour que les enfants s\u2019y sentent chez eux et en confiance.<br><br>\ud83e\udded <strong>Soutenir le d\u00e9veloppement de l\u2019autonomie<\/strong>, en permettant aux enfants de mieux comprendre l\u2019organisation spatiale et d\u2019agir en cons\u00e9quence.<br><br>\ud83d\udcaa <strong>Renforcer la confiance en soi<\/strong>, en offrant un environnement pr\u00e9visible et dans lequel chaque enfant a sa place.<br><br>\ud83e\udd1d <strong>Faciliter les interactions sociales<\/strong>, en permettant des rep\u00e8res clairs pour l\u2019entr\u00e9e en relation, le partage et la cohabitation harmonieuse.<\/p>\n<\/div>\n\n\n\n<div class=\"wp-block-column is-layout-flow wp-block-column-is-layout-flow\">\n<h2 class=\"wp-block-heading\">Variantes &#8211; am\u00e9nagement<\/h2>\n\n\n\n<p>\ud83d\udea6 Utiliser des <strong>panneaux visuels<\/strong> ou pictogrammes pour guider les d\u00e9placements et signaler les zones d\u2019acc\u00e8s ou de regroupement.<br><br>\ud83d\uddbc\ufe0f <strong>Permettre aux enfants de <a href=\"https:\/\/api-lux.be\/index.php\/2025\/02\/14\/investir-son-espace-intime\/\" target=\"_blank\" rel=\"noreferrer noopener\">personnaliser <\/a>leur espace<\/strong> (avec leurs dessins, photos, objets choisis) pour renforcer le sentiment d\u2019appartenance.<br><br>\ud83d\udde3\ufe0f Organiser des <strong>temps de concertation avec les enfants<\/strong> pour recueillir leurs avis sur l\u2019organisation de l\u2019espace (pr\u00e9f\u00e9rences, ajustements, besoins).<br><br>\ud83e\ude84 Pr\u00e9voir des <strong><a href=\"https:\/\/api-lux.be\/index.php\/2025\/02\/14\/classe-flexible\/\" target=\"_blank\" rel=\"noreferrer noopener\">espaces flexibles<\/a> ou mobiles<\/strong> (coins lecture, cocons sensoriels, paravents, tentes, etc.) selon les besoins d\u2019intimit\u00e9 ou d\u2019isolement temporaire.<br><br>\ud83c\udfad Ritualiser certains am\u00e9nagements (fermer un rideau pour signaler le repos, changer la lumi\u00e8re selon l\u2019activit\u00e9) pour associer les gestes \u00e0 des rep\u00e8res temporels ou \u00e9motionnels.<\/p>\n<\/div>\n<\/div>\n\n\n\n<p>Des outils \u00e0 nous partager ?&nbsp;<a href=\"https:\/\/api-lux.be\/index.php\/contact\/\">Cliquez ici<\/a><\/p>\n","protected":false},"excerpt":{"rendered":"<p>\ud83c\udfdb\ufe0f Accueil et structuration institutionnelle &#8211; Consiste \u00e0 am\u00e9nager des espaces clairement d\u00e9limit\u00e9s et d\u00e9di\u00e9s \u00e0 un groupe d\u2019enfants, afin de leur offrir un cadre rassurant, lisible et adapt\u00e9 \u00e0 [&hellip;]<\/p>\n","protected":false},"author":6,"featured_media":0,"comment_status":"closed","ping_status":"closed","sticky":false,"template":"","format":"standard","meta":{"iawp_total_views":0,"footnotes":""},"categories":[10,4,14,9,5,8,12,15,46,47],"tags":[],"class_list":["post-681","post","type-post","status-publish","format-standard","hentry","category-amenagement-environnement","category-besoins","category-besoins-dappartenance","category-besoins-de-securite","category-besoins-physiologiques","category-bien-etre","category-cadre-et-limites","category-famille-et-milieu-de-vie","category-fiches-outils","category-fiches-outils-pour-les-professionnels"],"_links":{"self":[{"href":"https:\/\/api-lux.be\/index.php\/wp-json\/wp\/v2\/posts\/681","targetHints":{"allow":["GET"]}}],"collection":[{"href":"https:\/\/api-lux.be\/index.php\/wp-json\/wp\/v2\/posts"}],"about":[{"href":"https:\/\/api-lux.be\/index.php\/wp-json\/wp\/v2\/types\/post"}],"author":[{"embeddable":true,"href":"https:\/\/api-lux.be\/index.php\/wp-json\/wp\/v2\/users\/6"}],"replies":[{"embeddable":true,"href":"https:\/\/api-lux.be\/index.php\/wp-json\/wp\/v2\/comments?post=681"}],"version-history":[{"count":8,"href":"https:\/\/api-lux.be\/index.php\/wp-json\/wp\/v2\/posts\/681\/revisions"}],"predecessor-version":[{"id":7838,"href":"https:\/\/api-lux.be\/index.php\/wp-json\/wp\/v2\/posts\/681\/revisions\/7838"}],"wp:attachment":[{"href":"https:\/\/api-lux.be\/index.php\/wp-json\/wp\/v2\/media?parent=681"}],"wp:term":[{"taxonomy":"category","embeddable":true,"href":"https:\/\/api-lux.be\/index.php\/wp-json\/wp\/v2\/categories?post=681"},{"taxonomy":"post_tag","embeddable":true,"href":"https:\/\/api-lux.be\/index.php\/wp-json\/wp\/v2\/tags?post=681"}],"curies":[{"name":"wp","href":"https:\/\/api.w.org\/{rel}","templated":true}]}}