{"id":680,"date":"2025-02-14T11:36:55","date_gmt":"2025-02-14T10:36:55","guid":{"rendered":"http:\/\/localhost\/mdi_w\/?p=680"},"modified":"2025-07-01T15:07:49","modified_gmt":"2025-07-01T13:07:49","slug":"previsibilite","status":"publish","type":"post","link":"https:\/\/api-lux.be\/index.php\/2025\/02\/14\/previsibilite\/","title":{"rendered":"Homog\u00e9n\u00e9iser les s\u00e9quences hebdomadaires et quotidiennes &#8211; faire preuve de Constance"},"content":{"rendered":"\n<div class=\"wp-block-columns is-layout-flex wp-container-core-columns-is-layout-9d6595d7 wp-block-columns-is-layout-flex\">\n<div class=\"wp-block-column is-vertically-aligned-center is-layout-flow wp-block-column-is-layout-flow\"><div class=\"wp-block-image\">\n<figure class=\"aligncenter size-full is-resized\"><img loading=\"lazy\" decoding=\"async\" width=\"1887\" height=\"2560\" src=\"https:\/\/api-lux.be\/wp-content\/uploads\/2025\/02\/pexels-andrey-grushnikov-223358-707676-scaled.jpg\" alt=\"\" class=\"wp-image-1446\" style=\"width:245px;height:auto\" srcset=\"https:\/\/api-lux.be\/wp-content\/uploads\/2025\/02\/pexels-andrey-grushnikov-223358-707676-scaled.jpg 1887w, https:\/\/api-lux.be\/wp-content\/uploads\/2025\/02\/pexels-andrey-grushnikov-223358-707676-221x300.jpg 221w, https:\/\/api-lux.be\/wp-content\/uploads\/2025\/02\/pexels-andrey-grushnikov-223358-707676-755x1024.jpg 755w, https:\/\/api-lux.be\/wp-content\/uploads\/2025\/02\/pexels-andrey-grushnikov-223358-707676-768x1042.jpg 768w, https:\/\/api-lux.be\/wp-content\/uploads\/2025\/02\/pexels-andrey-grushnikov-223358-707676-1132x1536.jpg 1132w, https:\/\/api-lux.be\/wp-content\/uploads\/2025\/02\/pexels-andrey-grushnikov-223358-707676-1509x2048.jpg 1509w\" sizes=\"auto, (max-width: 1887px) 100vw, 1887px\" \/><\/figure>\n<\/div><\/div>\n\n\n\n<div class=\"wp-block-column is-layout-flow wp-block-column-is-layout-flow\">\n<p>\ud83d\udcc5 <strong>Organisation &#8211; adaptation p\u00e9dagogique du quotidien <\/strong>&#8211; Structurer les journ\u00e9es et semaines pour offrir une stabilit\u00e9 rassurante aux enfants en utilisant des horaires pr\u00e9visibles d&rsquo;un jour \u00e0 l&rsquo;autre ou d&rsquo;une semaine \u00e0 l&rsquo;autre.<\/p>\n\n\n\n<!--more-->\n\n\n\n<h2 class=\"wp-block-heading\">\u00c2ge cible<\/h2>\n\n\n\n<p>Tout \u00e2ge.<\/p>\n<\/div>\n<\/div>\n\n\n\n<h2 class=\"wp-block-heading\">Descriptif de l&rsquo;outil<\/h2>\n\n\n\n<p>L\u2019homog\u00e9n\u00e9isation des s\u00e9quences hebdomadaires et quotidiennes consiste \u00e0 organiser les activit\u00e9s dans les espaces de vie (\u00e9cole, loisirs, etc.) de mani\u00e8re fixe et r\u00e9guli\u00e8re. Cela implique de d\u00e9finir un emploi du temps pr\u00e9visible et structur\u00e9, ce qui r\u00e9duit l\u2019anxi\u00e9t\u00e9 et installe un sentiment de s\u00e9curit\u00e9.<\/p>\n\n\n\n<p>\ud83d\udd52 La r\u00e9gularit\u00e9 des horaires (repas, activit\u00e9s, repos, loisirs) permet aux enfants de savoir \u00e0 quoi s\u2019attendre, ce qui cr\u00e9e un cadre rassurant pour eux.<\/p>\n\n\n\n<p>\ud83d\udd04 Les \u00e9ducateurs et parents doivent informer les enfants de l&#8217;emploi du temps, le respecter rigoureusement tout en restant flexibles si n\u00e9cessaire, tout en maintenant des rep\u00e8res constants.<\/p>\n\n\n\n<p>\ud83d\udd01 Cet outil est particuli\u00e8rement b\u00e9n\u00e9fique pour les enfants ayant des difficult\u00e9s avec les transitions et les changements.<\/p>\n\n\n\n<p>Exemples de pr\u00e9visibilit\u00e9 dans l&#8217;emploi du temps :<\/p>\n\n\n\n<ul class=\"wp-block-list\">\n<li>\ud83c\udfb6 <strong>Activit\u00e9s r\u00e9p\u00e9titives<\/strong> : chaque lundi, zumba ; chaque mardi, piscine ; chaque jeudi, musique.<\/li>\n\n\n\n<li>\ud83c\udf7d\ufe0f <strong>Places attitr\u00e9es \u00e0 table<\/strong> : chaque enfant mange \u00e0 la m\u00eame place chaque jour.<\/li>\n\n\n\n<li>\ud83d\udcc5 <strong>Planning des retours en famille<\/strong> : par exemple, un week-end sur deux.<\/li>\n\n\n\n<li>\ud83e\uddd1\u200d\ud83c\udfeb <strong>Planning des \u00e9ducateurs<\/strong> : attribuer une activit\u00e9 fixe \u00e0 chaque \u00e9ducateur.<\/li>\n<\/ul>\n\n\n\n<div class=\"wp-block-columns is-layout-flex wp-container-core-columns-is-layout-9d6595d7 wp-block-columns-is-layout-flex\">\n<div class=\"wp-block-column is-layout-flow wp-block-column-is-layout-flow\">\n<h2 class=\"wp-block-heading\">Objectif(s) d&rsquo;utilisation<\/h2>\n\n\n\n<p>\ud83d\udd04 <strong>Proposer une r\u00e9gularit\u00e9 dans le quotidien<\/strong> : Cr\u00e9er un environnement stable et pr\u00e9visible pour l\u2019enfant.<\/p>\n\n\n\n<p>\u23f3 <strong>Permettre au jeune d&rsquo;anticiper ses journ\u00e9es et sa semaine<\/strong> : Offrir des rep\u00e8res temporels solides pour r\u00e9duire le stress li\u00e9 aux impr\u00e9vus.<\/p>\n\n\n\n<p>\ud83d\udd52 <strong>Am\u00e9liorer la gestion du temps<\/strong> : Aider l\u2019enfant \u00e0 mieux anticiper ses activit\u00e9s et \u00e0 d\u00e9velopper son autonomie.<\/p>\n\n\n\n<p>\ud83c\udfaf <strong>Renforcer l&rsquo;attention et la concentration<\/strong> : Apporter des rep\u00e8res r\u00e9guliers lors des moments \u00e9ducatifs et ludiques.<\/p>\n\n\n\n<p>\ud83d\udeab <strong>Diminuer les comportements perturbateurs<\/strong> : Cr\u00e9er une atmosph\u00e8re calme et organis\u00e9e.<\/p>\n\n\n\n<p>\ud83d\udd70\ufe0f <strong>Offrir des rep\u00e8res temporels solides<\/strong> : R\u00e9duire le stress li\u00e9 aux changements d\u2019horaires et renforcer la s\u00e9curit\u00e9.<\/p>\n\n\n\n<h2 class=\"wp-block-heading\">Liens utiles<\/h2>\n\n\n\n<p><strong>\ud83d\udcf0 ARTICLE<\/strong> \u200b<a href=\"https:\/\/www.educatout.com\/outils\/trucs-et-astuces\/les-indispensables\/l-horaire-type-et-la-planification.htm\" target=\"_blank\" rel=\"noreferrer noopener\">L\u2019horaire type et la planification \u2013 Educatout<\/a><br>Un article qui souligne l&rsquo;importance de structurer la journ\u00e9e des enfants \u00e0 l&rsquo;aide d&rsquo;un horaire type, favorisant ainsi la pr\u00e9visibilit\u00e9, la s\u00e9curit\u00e9 et l&rsquo;autonomie dans les routines quotidiennes.<\/p>\n<\/div>\n\n\n\n<div class=\"wp-block-column is-layout-flow wp-block-column-is-layout-flow\">\n<h2 class=\"wp-block-heading\">Variantes &#8211; am\u00e9nagement<\/h2>\n\n\n\n<p>\ud83e\uddf8 <strong>Pictogrammes<\/strong> : Utiliser des pictogrammes pour rendre le planning visuel et plus accessible, notamment pour les jeunes enfants ou ceux ayant des besoins sp\u00e9cifiques.<\/p>\n\n\n\n<p>\ud83d\udcc5 <strong>Plages horaires flexibles<\/strong> : Introduire des plages horaires flexibles pour des activit\u00e9s choisies par l\u2019enfant, offrant ainsi un contr\u00f4le sur son emploi du temps.<\/p>\n\n\n\n<p>\ud83d\udc69\u200d\ud83c\udfeb <strong>Planning des \u00e9ducateurs<\/strong> : Proposer un planning fixe pour les \u00e9ducateurs afin de garantir la transparence et la pr\u00e9visibilit\u00e9 des interventions.<\/p>\n\n\n\n<p>\ud83d\udd14 <strong>Rituels de d\u00e9but et de fin de journ\u00e9e<\/strong> : Cr\u00e9er des rituels pour marquer les transitions entre les diff\u00e9rentes phases de la journ\u00e9e (ex : d\u00e9but de journ\u00e9e, repas, fin de journ\u00e9e).<\/p>\n\n\n\n<p>\u23f3 <strong>Temps libres<\/strong> : Structurer des temps libres o\u00f9 l\u2019enfant peut choisir librement ses activit\u00e9s, favorisant son autonomie.<\/p>\n\n\n\n<p>\ud83c\udfa8 <strong>Code visuel ou couleur<\/strong> : Associer chaque s\u00e9quence \u00e0 une couleur ou un code visuel pour faciliter la compr\u00e9hension du planning.<\/p>\n\n\n\n<p>\u2696\ufe0f <strong>Adaptation selon les besoins<\/strong> : Adapter la structure en fonction des besoins individuels de chaque enfant, tout en maintenant la r\u00e9gularit\u00e9 globale du programme.<\/p>\n<\/div>\n<\/div>\n\n\n\n<p>Des outils \u00e0 nous partager ?&nbsp;<a href=\"https:\/\/api-lux.be\/index.php\/contact\/\">Cliquez ici<\/a><\/p>\n","protected":false},"excerpt":{"rendered":"<p>\ud83d\udcc5 Organisation &#8211; adaptation p\u00e9dagogique du quotidien &#8211; Structurer les journ\u00e9es et semaines pour offrir une stabilit\u00e9 rassurante aux enfants en utilisant des horaires pr\u00e9visibles d&rsquo;un jour \u00e0 l&rsquo;autre ou [&hellip;]<\/p>\n","protected":false},"author":6,"featured_media":0,"comment_status":"closed","ping_status":"closed","sticky":false,"template":"","format":"standard","meta":{"iawp_total_views":5,"footnotes":""},"categories":[24,4,22,27,14,18,9,5,12,13,46,48,47,19,6],"tags":[],"class_list":["post-680","post","type-post","status-publish","format-standard","hentry","category-adaptation-des-apprentissages","category-besoins","category-besoins-cognitifs","category-besoins-daccomplissement","category-besoins-dappartenance","category-besoins-destime","category-besoins-de-securite","category-besoins-physiologiques","category-cadre-et-limites","category-coherence","category-fiches-outils","category-fiches-outils-pour-les-aidants-proches","category-fiches-outils-pour-les-professionnels","category-gestion-des-emotions","category-sante-alimentation-sommeil-hygiene"],"_links":{"self":[{"href":"https:\/\/api-lux.be\/index.php\/wp-json\/wp\/v2\/posts\/680","targetHints":{"allow":["GET"]}}],"collection":[{"href":"https:\/\/api-lux.be\/index.php\/wp-json\/wp\/v2\/posts"}],"about":[{"href":"https:\/\/api-lux.be\/index.php\/wp-json\/wp\/v2\/types\/post"}],"author":[{"embeddable":true,"href":"https:\/\/api-lux.be\/index.php\/wp-json\/wp\/v2\/users\/6"}],"replies":[{"embeddable":true,"href":"https:\/\/api-lux.be\/index.php\/wp-json\/wp\/v2\/comments?post=680"}],"version-history":[{"count":17,"href":"https:\/\/api-lux.be\/index.php\/wp-json\/wp\/v2\/posts\/680\/revisions"}],"predecessor-version":[{"id":7837,"href":"https:\/\/api-lux.be\/index.php\/wp-json\/wp\/v2\/posts\/680\/revisions\/7837"}],"wp:attachment":[{"href":"https:\/\/api-lux.be\/index.php\/wp-json\/wp\/v2\/media?parent=680"}],"wp:term":[{"taxonomy":"category","embeddable":true,"href":"https:\/\/api-lux.be\/index.php\/wp-json\/wp\/v2\/categories?post=680"},{"taxonomy":"post_tag","embeddable":true,"href":"https:\/\/api-lux.be\/index.php\/wp-json\/wp\/v2\/tags?post=680"}],"curies":[{"name":"wp","href":"https:\/\/api.w.org\/{rel}","templated":true}]}}