{"id":679,"date":"2025-02-14T11:36:55","date_gmt":"2025-02-14T10:36:55","guid":{"rendered":"http:\/\/localhost\/mdi_w\/?p=679"},"modified":"2025-04-28T22:08:04","modified_gmt":"2025-04-28T20:08:04","slug":"structuration-institutionnelle","status":"publish","type":"post","link":"https:\/\/api-lux.be\/index.php\/2025\/02\/14\/structuration-institutionnelle\/","title":{"rendered":"Structuration institutionnelle par sous groupe"},"content":{"rendered":"\n<div class=\"wp-block-columns is-layout-flex wp-container-core-columns-is-layout-9d6595d7 wp-block-columns-is-layout-flex\">\n<div class=\"wp-block-column is-vertically-aligned-center is-layout-flow wp-block-column-is-layout-flow\"><div class=\"wp-block-image\">\n<figure class=\"aligncenter size-full\"><img decoding=\"async\" src=\"https:\/\/api-lux.be\/wp-content\/uploads\/2025\/02\/age_specifique.jpg\" alt=\" \" class=\"wp-image-202\"\/><\/figure>\n<\/div><\/div>\n\n\n\n<div class=\"wp-block-column is-layout-flow wp-block-column-is-layout-flow\">\n<p>\ud83c\udfdb\ufe0f <strong>Accueil et structuration institutionnelle <\/strong>&#8211; Sous groupes r\u00e9partis en fonction de l\u2019\u00e2ge et\/ou des besoins sp\u00e9cifiques rencontr\u00e9s<\/p>\n\n\n\n<!--more-->\n\n\n\n<h2 class=\"wp-block-heading\">\u00c2ge cible<\/h2>\n\n\n\n<p>D\u00e9pend du public accueilli par l&rsquo;institution.<\/p>\n<\/div>\n<\/div>\n\n\n\n<h2 class=\"wp-block-heading\">Descriptif de l&rsquo;outil<\/h2>\n\n\n\n<p>\ud83d\udd04 La structuration institutionnelle par sous-groupes consiste \u00e0 diviser les enfants en fonction de leur \u00e2ge, de leur handicap ou de leurs besoins sp\u00e9cifiques. Cela permet d\u2019adapter les interventions et les activit\u00e9s aux caract\u00e9ristiques de chaque groupe.<\/p>\n\n\n\n<p>\ud83c\udfae Les plus jeunes b\u00e9n\u00e9ficient de jeux \u00e9ducatifs adapt\u00e9s \u00e0 leur d\u00e9veloppement, tandis que les plus grands sont engag\u00e9s dans des projets plus complexes favorisant l\u2019autonomie. Ce type d\u2019organisation optimise la gestion des groupes et offre un accompagnement plus personnalis\u00e9.<\/p>\n\n\n\n<p>\ud83e\udd1d La mixit\u00e9 de genre peut aussi \u00eatre un levier puissant pour travailler des th\u00e9matiques comme l\u2019EVRAS (\u00e9ducation \u00e0 la vie relationnelle, affective et sexuelle). Les gar\u00e7ons et les filles peuvent \u00e9changer sur des sujets souvent sensibles, favorisant ainsi la discussion et la compr\u00e9hension mutuelle, malgr\u00e9 les \u00e9ventuelles g\u00eanes.<\/p>\n\n\n\n<div class=\"wp-block-columns is-layout-flex wp-container-core-columns-is-layout-9d6595d7 wp-block-columns-is-layout-flex\">\n<div class=\"wp-block-column is-layout-flow wp-block-column-is-layout-flow\">\n<h2 class=\"wp-block-heading\">Objectif(s) d&rsquo;utilisation<\/h2>\n\n\n\n<p>\ud83c\udfaf <strong>Cr\u00e9er un environnement structur\u00e9<\/strong> o\u00f9 chaque enfant b\u00e9n\u00e9ficie d\u2019un accompagnement adapt\u00e9 \u00e0 son rythme et \u00e0 ses capacit\u00e9s.<br><br>\ud83d\udd0d <strong>R\u00e9pondre aux besoins sp\u00e9cifiques<\/strong> des enfants gr\u00e2ce \u00e0 des sous-groupes homog\u00e8nes.<br><br>\ud83c\udf31 <strong>Favoriser un climat d\u2019apprentissage serein et dynamique<\/strong>, am\u00e9liorer les interactions sociales et les apprentissages entre pairs.<br><br>\ud83d\udeab <strong>Diminuer les comportements perturbateurs<\/strong> gr\u00e2ce \u00e0 une gestion plus fine des groupes.<br><br>\ud83d\udca1 <strong>Am\u00e9liorer la gestion des groupes<\/strong> et favoriser un accompagnement personnalis\u00e9.<\/p>\n<\/div>\n\n\n\n<div class=\"wp-block-column is-layout-flow wp-block-column-is-layout-flow\">\n<h2 class=\"wp-block-heading\">Variantes &#8211; am\u00e9nagement<\/h2>\n\n\n\n<p>\ud83d\udd00 Former des sous-groupes pour diverses raisons et \u00e0 diff\u00e9rents moments :<\/p>\n\n\n\n<ul class=\"wp-block-list\">\n<li>\ud83e\udde9 <strong>Selon les centres d\u2019int\u00e9r\u00eat des enfants<\/strong> : stimuler leur motivation en les regroupant selon leurs passions.<\/li>\n\n\n\n<li>\ud83d\udcda <strong>Lors des sessions de travail scolaire<\/strong> : adapter les groupes en fonction des niveaux durant les devoirs.<\/li>\n\n\n\n<li>\ud83d\udc68\u200d\ud83d\udc69\u200d\ud83d\udc67\u200d\ud83d\udc66 <strong>Quand certains jeunes ont besoin d\u2019\u00e9changes individuels<\/strong> avec un \u00e9ducateur, notamment pour des sujets sensibles comme l\u2019EVRAS.<\/li>\n\n\n\n<li>\ud83c\udf7d\ufe0f <strong>Lors des repas<\/strong> : faciliter la convivialit\u00e9 et favoriser des \u00e9changes calmes et respectueux entre les jeunes.<\/li>\n\n\n\n<li>\ud83e\udde0 <strong>Pour des projets sp\u00e9cifiques ou des activit\u00e9s de courte dur\u00e9e<\/strong> : adapter le groupe aux objectifs du projet.<\/li>\n<\/ul>\n\n\n\n<p>\ud83d\udd04 Adapter les sous-groupes en fonction des progr\u00e8s r\u00e9alis\u00e9s et ajuster les d\u00e9fis pour chaque enfant.<br><br>\ud83e\udd1d Organiser des moments de regroupement o\u00f9 les sous-groupes peuvent interagir et partager leurs exp\u00e9riences.<\/p>\n<\/div>\n<\/div>\n\n\n\n<p>Des outils \u00e0 nous partager ?&nbsp;<a href=\"https:\/\/api-lux.be\/index.php\/contact\/\">Cliquez ici<\/a><\/p>\n","protected":false},"excerpt":{"rendered":"<p>\ud83c\udfdb\ufe0f Accueil et structuration institutionnelle &#8211; Sous groupes r\u00e9partis en fonction de l\u2019\u00e2ge et\/ou des besoins sp\u00e9cifiques rencontr\u00e9s<\/p>\n","protected":false},"author":6,"featured_media":0,"comment_status":"closed","ping_status":"closed","sticky":false,"template":"","format":"standard","meta":{"iawp_total_views":0,"footnotes":""},"categories":[10,4,27,14,18,9,5,8,12,15,46,47,17,20,26,29,7,16],"tags":[],"class_list":["post-679","post","type-post","status-publish","format-standard","hentry","category-amenagement-environnement","category-besoins","category-besoins-daccomplissement","category-besoins-dappartenance","category-besoins-destime","category-besoins-de-securite","category-besoins-physiologiques","category-bien-etre","category-cadre-et-limites","category-famille-et-milieu-de-vie","category-fiches-outils","category-fiches-outils-pour-les-professionnels","category-inclusion-sociale-et-reseau-sociaux","category-individualisation","category-outils-pedagogiques-pour-les-pro","category-projection","category-soin-pistes-et-outils-professionnels","category-vie-affective"],"_links":{"self":[{"href":"https:\/\/api-lux.be\/index.php\/wp-json\/wp\/v2\/posts\/679","targetHints":{"allow":["GET"]}}],"collection":[{"href":"https:\/\/api-lux.be\/index.php\/wp-json\/wp\/v2\/posts"}],"about":[{"href":"https:\/\/api-lux.be\/index.php\/wp-json\/wp\/v2\/types\/post"}],"author":[{"embeddable":true,"href":"https:\/\/api-lux.be\/index.php\/wp-json\/wp\/v2\/users\/6"}],"replies":[{"embeddable":true,"href":"https:\/\/api-lux.be\/index.php\/wp-json\/wp\/v2\/comments?post=679"}],"version-history":[{"count":8,"href":"https:\/\/api-lux.be\/index.php\/wp-json\/wp\/v2\/posts\/679\/revisions"}],"predecessor-version":[{"id":6337,"href":"https:\/\/api-lux.be\/index.php\/wp-json\/wp\/v2\/posts\/679\/revisions\/6337"}],"wp:attachment":[{"href":"https:\/\/api-lux.be\/index.php\/wp-json\/wp\/v2\/media?parent=679"}],"wp:term":[{"taxonomy":"category","embeddable":true,"href":"https:\/\/api-lux.be\/index.php\/wp-json\/wp\/v2\/categories?post=679"},{"taxonomy":"post_tag","embeddable":true,"href":"https:\/\/api-lux.be\/index.php\/wp-json\/wp\/v2\/tags?post=679"}],"curies":[{"name":"wp","href":"https:\/\/api.w.org\/{rel}","templated":true}]}}