{"id":675,"date":"2025-02-14T11:36:55","date_gmt":"2025-02-14T10:36:55","guid":{"rendered":"http:\/\/localhost\/mdi_w\/?p=675"},"modified":"2025-04-28T21:57:27","modified_gmt":"2025-04-28T19:57:27","slug":"formations-internes","status":"publish","type":"post","link":"https:\/\/api-lux.be\/index.php\/2025\/02\/14\/formations-internes\/","title":{"rendered":"Formations internes"},"content":{"rendered":"\n<div class=\"wp-block-columns is-layout-flex wp-container-core-columns-is-layout-9d6595d7 wp-block-columns-is-layout-flex\">\n<div class=\"wp-block-column is-vertically-aligned-center is-layout-flow wp-block-column-is-layout-flow\"><div class=\"wp-block-image\">\n<figure class=\"aligncenter size-large is-resized\"><img loading=\"lazy\" decoding=\"async\" width=\"683\" height=\"1024\" src=\"https:\/\/api-lux.be\/wp-content\/uploads\/2025\/02\/pexels-shvetsa-3727511-683x1024.jpg\" alt=\"\" class=\"wp-image-1422\" style=\"width:211px;height:auto\" srcset=\"https:\/\/api-lux.be\/wp-content\/uploads\/2025\/02\/pexels-shvetsa-3727511-683x1024.jpg 683w, https:\/\/api-lux.be\/wp-content\/uploads\/2025\/02\/pexels-shvetsa-3727511-200x300.jpg 200w, https:\/\/api-lux.be\/wp-content\/uploads\/2025\/02\/pexels-shvetsa-3727511-768x1152.jpg 768w, https:\/\/api-lux.be\/wp-content\/uploads\/2025\/02\/pexels-shvetsa-3727511-1024x1536.jpg 1024w, https:\/\/api-lux.be\/wp-content\/uploads\/2025\/02\/pexels-shvetsa-3727511-1365x2048.jpg 1365w, https:\/\/api-lux.be\/wp-content\/uploads\/2025\/02\/pexels-shvetsa-3727511-scaled.jpg 1707w\" sizes=\"auto, (max-width: 683px) 100vw, 683px\" \/><\/figure>\n<\/div><\/div>\n\n\n\n<div class=\"wp-block-column is-layout-flow wp-block-column-is-layout-flow\">\n<p>\ud83e\udde0\ud83d\udcda <strong>Formation professionnelle<\/strong> &#8211; Transmission directe permettant la mont\u00e9e en comp\u00e9tence au sein d\u2019une institution<\/p>\n\n\n\n<!--more-->\n\n\n\n<h2 class=\"wp-block-heading\">Public cible<\/h2>\n\n\n\n<p>Personnel d&rsquo;une entreprise.<\/p>\n<\/div>\n<\/div>\n\n\n\n<h2 class=\"wp-block-heading\">Descriptif de l&rsquo;outil<\/h2>\n\n\n\n<p>\ud83d\udc69\u200d\ud83c\udfeb\ud83d\udc68\u200d\ud83c\udfeb. Les <strong>formations en interne<\/strong> offrent aux employ\u00e9s l\u2019opportunit\u00e9 d\u2019apprendre directement au sein de leur structure, gr\u00e2ce \u00e0 l\u2019exp\u00e9rience et aux comp\u00e9tences des professionnels d\u00e9j\u00e0 en place.  <\/p>\n\n\n\n<p>Elles cr\u00e9ent un cadre s\u00e9curisant pour comprendre les attentes institutionnelles, partager les pratiques et favoriser une <strong>int\u00e9gration progressive<\/strong> dans l\u2019environnement de travail.<\/p>\n\n\n\n<p>\ud83d\udc6a <strong>Exemples d\u2019utilisation :<\/strong><\/p>\n\n\n\n<ul class=\"wp-block-list\">\n<li>\ud83d\udc8a <strong>Dans une institution sociale ou m\u00e9dicale<\/strong> : formation par des <strong>soignants exp\u00e9riment\u00e9s<\/strong> sur la gestion des m\u00e9dications ou des situations d&rsquo;urgence.<\/li>\n\n\n\n<li>\ud83d\udda5\ufe0f <strong>Dans une entreprise<\/strong> : apprentissage des <strong>protocoles internes<\/strong> et des <strong>outils num\u00e9riques<\/strong> par les employ\u00e9s seniors.<\/li>\n\n\n\n<li>\ud83c\udf93 <strong>En milieu \u00e9ducatif<\/strong> : partage des <strong>bonnes pratiques<\/strong> entre enseignants ou animateurs pour harmoniser les approches p\u00e9dagogiques.<\/li>\n<\/ul>\n\n\n\n<p>\u26a0\ufe0f <strong>Points d&rsquo;attention :<\/strong><\/p>\n\n\n\n<ul class=\"wp-block-list\">\n<li>\ud83c\udf1f <strong>Valoriser l&rsquo;exp\u00e9rience des formateurs<\/strong> : reconnaissance de leur <strong>expertise<\/strong> et temps d\u00e9di\u00e9 \u00e0 la transmission.<\/li>\n\n\n\n<li>\ud83d\udcac <strong>Favoriser un climat bienveillant<\/strong> : les formations doivent permettre d\u2019apprendre sans <strong>pression<\/strong> ni <strong>jugement<\/strong>.<\/li>\n\n\n\n<li>\ud83e\udde0 <strong>Adapter le contenu<\/strong> aux besoins des nouveaux employ\u00e9s : prise en compte des diff\u00e9rents <strong>niveaux de comp\u00e9tence<\/strong> et de la <strong>charge cognitive<\/strong>.<\/li>\n<\/ul>\n\n\n\n<hr class=\"wp-block-separator has-alpha-channel-opacity\"\/>\n\n\n\n<div class=\"wp-block-columns is-layout-flex wp-container-core-columns-is-layout-9d6595d7 wp-block-columns-is-layout-flex\">\n<div class=\"wp-block-column is-layout-flow wp-block-column-is-layout-flow\">\n<h2 class=\"wp-block-heading\">Objectif(s) d&rsquo;utilisation<\/h2>\n\n\n\n<p>\ud83d\udcdc <strong>Faciliter une compr\u00e9hension commune<\/strong> : assurer que tout le monde int\u00e8gre les m\u00eames <strong>r\u00e8gles<\/strong> et attentes.<\/p>\n\n\n\n<p>\ud83e\uddd1\u200d\ud83e\udd1d\u200d\ud83e\uddd1 <strong>Encourager l\u2019autonomie<\/strong> : permettre aux employ\u00e9s de mieux comprendre leur r\u00f4le sans \u00eatre d\u00e9pendants d\u2019un tuteur.<\/p>\n\n\n\n<p>\ud83e\udd1d <strong>Renforcer la collaboration<\/strong> : favoriser le <strong>travail d&rsquo;\u00e9quipe<\/strong> et l&rsquo;entraide entre coll\u00e8gues.<\/p>\n\n\n\n<p>\ud83d\ude0c <strong>Transmettre des comp\u00e9tences sans stress<\/strong> : proposer un cadre sans enjeux hi\u00e9rarchiques, propice \u00e0 l\u2019apprentissage.<\/p>\n\n\n\n<p>\ud83c\udf1f <strong>Valoriser l\u2019exp\u00e9rience des anciens<\/strong> : leur donner un r\u00f4le actif dans l\u2019accompagnement des nouveaux.<\/p>\n<\/div>\n<\/div>\n\n\n\n<div class=\"wp-block-columns is-layout-flex wp-container-core-columns-is-layout-9d6595d7 wp-block-columns-is-layout-flex\">\n<div class=\"wp-block-column is-layout-flow wp-block-column-is-layout-flow\"><\/div>\n<\/div>\n\n\n\n<p>Des outils \u00e0 nous partager ?&nbsp;<a href=\"https:\/\/api-lux.be\/index.php\/contact\/\">Cliquez ici<\/a><\/p>\n","protected":false},"excerpt":{"rendered":"<p>\ud83e\udde0\ud83d\udcda Formation professionnelle &#8211; Transmission directe permettant la mont\u00e9e en comp\u00e9tence au sein d\u2019une institution<\/p>\n","protected":false},"author":6,"featured_media":0,"comment_status":"closed","ping_status":"closed","sticky":false,"template":"","format":"standard","meta":{"iawp_total_views":0,"footnotes":""},"categories":[4,9,13,46,47,26],"tags":[],"class_list":["post-675","post","type-post","status-publish","format-standard","hentry","category-besoins","category-besoins-de-securite","category-coherence","category-fiches-outils","category-fiches-outils-pour-les-professionnels","category-outils-pedagogiques-pour-les-pro"],"_links":{"self":[{"href":"https:\/\/api-lux.be\/index.php\/wp-json\/wp\/v2\/posts\/675","targetHints":{"allow":["GET"]}}],"collection":[{"href":"https:\/\/api-lux.be\/index.php\/wp-json\/wp\/v2\/posts"}],"about":[{"href":"https:\/\/api-lux.be\/index.php\/wp-json\/wp\/v2\/types\/post"}],"author":[{"embeddable":true,"href":"https:\/\/api-lux.be\/index.php\/wp-json\/wp\/v2\/users\/6"}],"replies":[{"embeddable":true,"href":"https:\/\/api-lux.be\/index.php\/wp-json\/wp\/v2\/comments?post=675"}],"version-history":[{"count":9,"href":"https:\/\/api-lux.be\/index.php\/wp-json\/wp\/v2\/posts\/675\/revisions"}],"predecessor-version":[{"id":6332,"href":"https:\/\/api-lux.be\/index.php\/wp-json\/wp\/v2\/posts\/675\/revisions\/6332"}],"wp:attachment":[{"href":"https:\/\/api-lux.be\/index.php\/wp-json\/wp\/v2\/media?parent=675"}],"wp:term":[{"taxonomy":"category","embeddable":true,"href":"https:\/\/api-lux.be\/index.php\/wp-json\/wp\/v2\/categories?post=675"},{"taxonomy":"post_tag","embeddable":true,"href":"https:\/\/api-lux.be\/index.php\/wp-json\/wp\/v2\/tags?post=675"}],"curies":[{"name":"wp","href":"https:\/\/api.w.org\/{rel}","templated":true}]}}