{"id":674,"date":"2025-02-14T11:36:55","date_gmt":"2025-02-14T10:36:55","guid":{"rendered":"http:\/\/localhost\/mdi_w\/?p=674"},"modified":"2025-07-01T15:06:16","modified_gmt":"2025-07-01T13:06:16","slug":"moyens-de-communication-adaptes","status":"publish","type":"post","link":"https:\/\/api-lux.be\/index.php\/2025\/02\/14\/moyens-de-communication-adaptes\/","title":{"rendered":"Utiliser des moyens de communication adapt\u00e9s"},"content":{"rendered":"\n<div class=\"wp-block-columns is-layout-flex wp-container-core-columns-is-layout-9d6595d7 wp-block-columns-is-layout-flex\">\n<div class=\"wp-block-column is-vertically-aligned-center is-layout-flow wp-block-column-is-layout-flow\"><div class=\"wp-block-image\">\n<figure class=\"aligncenter size-full\"><img decoding=\"async\" src=\"https:\/\/api-lux.be\/wp-content\/uploads\/2025\/02\/communication.jpg\" alt=\" \" class=\"wp-image-202\"\/><\/figure>\n<\/div><\/div>\n\n\n\n<div class=\"wp-block-column is-layout-flow wp-block-column-is-layout-flow\">\n<p>\ud83d\udcac <strong>Communication<\/strong> &#8211; Outils ou m\u00e9thodes pour aider les personnes ayant des difficult\u00e9s \u00e0 communiquer, en rendant les \u00e9changes plus simples et accessibles.<br>Pour vous accompagner dans ces d\u00e9marches, vous pouvez faire appel \u00e0 des logop\u00e8des sp\u00e9cialis\u00e9s.<\/p>\n\n\n\n<!--more-->\n\n\n\n<h2 class=\"wp-block-heading\">\u00c2ge cible<\/h2>\n\n\n\n<p>\u00c0 partir de 2 ans.<\/p>\n<\/div>\n<\/div>\n\n\n\n<h2 class=\"wp-block-heading\">Descriptif de l&rsquo;outil<\/h2>\n\n\n\n<p>Pour r\u00e9pondre aux besoins de chacun, <strong>quel que soit son \u00e2ge, son niveau de langage ou ses difficult\u00e9s de compr\u00e9hension<\/strong>, il est essentiel d&rsquo;utiliser <strong>des moyens de communication vari\u00e9s<\/strong>. Ces outils peuvent inclure :<\/p>\n\n\n\n<ul class=\"wp-block-list\">\n<li>\ud83d\uddbc\ufe0f <strong>Pictogrammes<\/strong><\/li>\n\n\n\n<li>\ud83e\udd1f <strong>Gestes<\/strong><\/li>\n\n\n\n<li>\ud83d\udcf1 <strong>Applications de communication assist\u00e9e<\/strong><\/li>\n\n\n\n<li>\ud83c\udfa8 <strong>Supports visuels ou tactiles<\/strong><\/li>\n<\/ul>\n\n\n\n<p>\ud83c\udfaf <strong>L\u2019objectif<\/strong> est de permettre \u00e0 chacun <strong>de s\u2019exprimer<\/strong> et <strong>de comprendre les autres<\/strong> gr\u00e2ce \u00e0 des outils adapt\u00e9s, choisis en fonction de l\u2019\u00e2ge, du niveau de d\u00e9veloppement, des capacit\u00e9s cognitives, sensorielles et du contexte d&rsquo;intervention.<\/p>\n\n\n\n<p>\ud83d\udd01 <strong>Pour assurer la bonne transmission du message<\/strong>, plusieurs strat\u00e9gies peuvent \u00eatre combin\u00e9es :<\/p>\n\n\n\n<ul class=\"wp-block-list\">\n<li>\u2714\ufe0f <strong>Utiliser des messages courts et clairs<\/strong><\/li>\n\n\n\n<li>\ud83d\udd04 <strong>Reformuler ou r\u00e9p\u00e9ter si n\u00e9cessaire<\/strong><\/li>\n\n\n\n<li>\ud83d\udde3\ufe0f <strong>Inviter la personne \u00e0 reformuler pour v\u00e9rifier la compr\u00e9hension<\/strong><\/li>\n\n\n\n<li>\ud83d\udc53 <strong>Veiller \u00e0 l\u2019accessibilit\u00e9 et \u00e0 la pertinence des supports utilis\u00e9s<\/strong><\/li>\n<\/ul>\n\n\n\n<p>\ud83d\udcda <strong>Voici quelques exemples :<\/strong><\/p>\n\n\n\n<div class=\"wp-block-media-text is-stacked-on-mobile\" style=\"grid-template-columns:15% auto\"><figure class=\"wp-block-media-text__media\"><img loading=\"lazy\" decoding=\"async\" width=\"540\" height=\"400\" src=\"https:\/\/api-lux.be\/wp-content\/uploads\/2025\/02\/c23f90f26764dd5fdd9182f0385e5a2a.jpg\" alt=\"\" class=\"wp-image-3224 size-full\" srcset=\"https:\/\/api-lux.be\/wp-content\/uploads\/2025\/02\/c23f90f26764dd5fdd9182f0385e5a2a.jpg 540w, https:\/\/api-lux.be\/wp-content\/uploads\/2025\/02\/c23f90f26764dd5fdd9182f0385e5a2a-300x222.jpg 300w\" sizes=\"auto, (max-width: 540px) 100vw, 540px\" \/><\/figure><div class=\"wp-block-media-text__content\">\n<p><strong>1. Communication pour les personnes avec des troubles cognitifs ou du langage : <br><\/strong>&#8211; Supports visuels : pictogrammes, images ou dessins pour faciliter la compr\u00e9hension;<br>&#8211; Tableaux de communication : supports sur lesquels des images ou des symboles sont affich\u00e9s pour aider \u00e0 exprimer des besoins; <br>&#8211; Applications de communication (CAA) : applications qui utilisent des images, symboles et synth\u00e8se vocale pour aider \u00e0 la communication; <br>&#8211; Simples phrases audio : utilisation de dispositifs vocaux qui prononcent des phrases courtes pr\u00e9-enregistr\u00e9es.<\/p>\n<\/div><\/div>\n\n\n\n<div class=\"wp-block-media-text is-stacked-on-mobile\" style=\"grid-template-columns:16% auto\"><figure class=\"wp-block-media-text__media\"><img loading=\"lazy\" decoding=\"async\" width=\"500\" height=\"300\" src=\"https:\/\/api-lux.be\/wp-content\/uploads\/2025\/02\/commande-occulaire-polyhandicap-10583.jpg\" alt=\"\" class=\"wp-image-3225 size-full\" srcset=\"https:\/\/api-lux.be\/wp-content\/uploads\/2025\/02\/commande-occulaire-polyhandicap-10583.jpg 500w, https:\/\/api-lux.be\/wp-content\/uploads\/2025\/02\/commande-occulaire-polyhandicap-10583-300x180.jpg 300w\" sizes=\"auto, (max-width: 500px) 100vw, 500px\" \/><\/figure><div class=\"wp-block-media-text__content\">\n<p><strong>2. Communication pour les personnes avec des troubles moteurs : <br><\/strong>&#8211; Claviers et souris adapt\u00e9s : claviers avec des touches plus grandes, souris ergonomiques ou \u00e0 commandes vocales; <br>&#8211; Syst\u00e8mes de contr\u00f4le oculaire : technologie permettant de contr\u00f4ler un ordinateur avec le mouvement des yeux; <br>&#8211; Appareils de communication assist\u00e9e : tablettes ou dispositifs avec symboles, images ou boutons pour faciliter la communication.<\/p>\n<\/div><\/div>\n\n\n\n<div class=\"wp-block-media-text is-stacked-on-mobile\" style=\"grid-template-columns:16% auto\"><figure class=\"wp-block-media-text__media\"><img loading=\"lazy\" decoding=\"async\" width=\"802\" height=\"503\" src=\"https:\/\/api-lux.be\/wp-content\/uploads\/2025\/02\/audio-1.jpg\" alt=\"\" class=\"wp-image-3228 size-full\" srcset=\"https:\/\/api-lux.be\/wp-content\/uploads\/2025\/02\/audio-1.jpg 802w, https:\/\/api-lux.be\/wp-content\/uploads\/2025\/02\/audio-1-300x188.jpg 300w, https:\/\/api-lux.be\/wp-content\/uploads\/2025\/02\/audio-1-768x482.jpg 768w\" sizes=\"auto, (max-width: 802px) 100vw, 802px\" \/><\/figure><div class=\"wp-block-media-text__content\">\n<p><strong>3. Communication pour les personnes aveugles ou malvoyantes : <br><\/strong>&#8211; Syst\u00e8mes de synth\u00e8se vocale : convertissent le texte \u00e9crit en parole;<br>&#8211; T\u00e9l\u00e9phones et ordinateurs avec options vocales : smartphones et ordinateurs avec des lecteurs d&rsquo;\u00e9cran ou des assistants vocaux;<br>&#8211; Livres audio et podcasts : moyens d&rsquo;acc\u00e8s \u00e0 l&rsquo;information et \u00e0 la culture sous forme sonore.<\/p>\n<\/div><\/div>\n\n\n\n<div class=\"wp-block-media-text is-stacked-on-mobile\" style=\"grid-template-columns:17% auto\"><figure class=\"wp-block-media-text__media\"><img loading=\"lazy\" decoding=\"async\" width=\"800\" height=\"800\" src=\"https:\/\/api-lux.be\/wp-content\/uploads\/2025\/02\/td-i-110-tablette-de-communication-tactile.png\" alt=\"\" class=\"wp-image-3230 size-full\" srcset=\"https:\/\/api-lux.be\/wp-content\/uploads\/2025\/02\/td-i-110-tablette-de-communication-tactile.png 800w, https:\/\/api-lux.be\/wp-content\/uploads\/2025\/02\/td-i-110-tablette-de-communication-tactile-300x300.png 300w, https:\/\/api-lux.be\/wp-content\/uploads\/2025\/02\/td-i-110-tablette-de-communication-tactile-150x150.png 150w, https:\/\/api-lux.be\/wp-content\/uploads\/2025\/02\/td-i-110-tablette-de-communication-tactile-768x768.png 768w\" sizes=\"auto, (max-width: 800px) 100vw, 800px\" \/><\/figure><div class=\"wp-block-media-text__content\">\n<p><strong>5. Communication pour les personnes polyhandicap\u00e9es : <br><\/strong>&#8211; Tablettes interactives : applications sp\u00e9cifiques avec images et sons permettant une communication intuitive; <br>&#8211; Objets connect\u00e9s : dispositifs intelligents contr\u00f4lables \u00e0 distance, adapt\u00e9s aux capacit\u00e9s de la personne.<\/p>\n<\/div><\/div>\n\n\n\n<div class=\"wp-block-media-text is-stacked-on-mobile\" style=\"grid-template-columns:16% auto\"><figure class=\"wp-block-media-text__media\"><img loading=\"lazy\" decoding=\"async\" width=\"1024\" height=\"683\" src=\"https:\/\/api-lux.be\/wp-content\/uploads\/2025\/02\/pexels-picjumbo-com-55570-210644-1024x683.jpg\" alt=\"\" class=\"wp-image-3235 size-full\" srcset=\"https:\/\/api-lux.be\/wp-content\/uploads\/2025\/02\/pexels-picjumbo-com-55570-210644-1024x683.jpg 1024w, https:\/\/api-lux.be\/wp-content\/uploads\/2025\/02\/pexels-picjumbo-com-55570-210644-300x200.jpg 300w, https:\/\/api-lux.be\/wp-content\/uploads\/2025\/02\/pexels-picjumbo-com-55570-210644-768x512.jpg 768w, https:\/\/api-lux.be\/wp-content\/uploads\/2025\/02\/pexels-picjumbo-com-55570-210644-1536x1024.jpg 1536w, https:\/\/api-lux.be\/wp-content\/uploads\/2025\/02\/pexels-picjumbo-com-55570-210644-2048x1365.jpg 2048w\" sizes=\"auto, (max-width: 1024px) 100vw, 1024px\" \/><\/figure><div class=\"wp-block-media-text__content\">\n<p><strong>6. Communication pour les personnes sourdes ou malentendantes : <br><\/strong>&#8211; Sous-titres en direct : utilisation de sous-titrage dans les vid\u00e9os et appels vid\u00e9o; <br>&#8211; Messages \u00e9crits : SMS, e-mails, ou applications de messagerie textuelle.<\/p>\n<\/div><\/div>\n\n\n\n<p>Chaque moyen de communication est s\u00e9lectionn\u00e9 en fonction des besoins sp\u00e9cifiques de la personne, en tenant compte de ses capacit\u00e9s sensorielles, motrices, cognitives et de son confort.<\/p>\n\n\n\n<div class=\"wp-block-columns is-layout-flex wp-container-core-columns-is-layout-9d6595d7 wp-block-columns-is-layout-flex\">\n<div class=\"wp-block-column is-layout-flow wp-block-column-is-layout-flow\">\n<h2 class=\"wp-block-heading\">Objectif(s) d&rsquo;utilisation<\/h2>\n\n\n\n<p>\ud83d\udde3\ufe0f <strong>Faciliter l\u2019expression<\/strong> : permettre \u00e0 chacun de se faire comprendre autrement que par la parole<\/p>\n\n\n\n<p>\ud83d\udc42 <strong>Am\u00e9liorer la compr\u00e9hension<\/strong> : mieux saisir les messages re\u00e7us<\/p>\n\n\n\n<p>\ud83e\udd1d <strong>Renforcer les \u00e9changes<\/strong> : cr\u00e9er du lien \u00e0 travers une communication accessible<\/p>\n\n\n\n<p>\ud83e\udded <strong>Encourager l\u2019autonomie<\/strong> : donner les moyens de communiquer seul(e), sans d\u00e9pendre d\u2019un tiers<\/p>\n\n\n\n<h2 class=\"wp-block-heading\">Liens utiles<\/h2>\n\n\n\n<p><strong>\ud83d\udccb FICHE OUTIL API-LUX<\/strong> <a href=\"https:\/\/api-lux.be\/index.php\/2025\/02\/14\/creth\/\" target=\"_blank\" rel=\"noreferrer noopener\">Le CRETH \u2013 API-Lux<\/a><br>Une fiche outil pr\u00e9sentant le Centre de Ressources et d&rsquo;\u00c9valuation des Technologies pour les personnes en situation de handicap (CRETH), qui accompagne dans le choix et l\u2019utilisation d\u2019aides techniques adapt\u00e9es pour favoriser l\u2019autonomie.<\/p>\n\n\n\n<p>\u200b<strong>\ud83e\uddf0 OUTIL<\/strong> <a href=\"https:\/\/www.hoptoys.fr\/817-livre-blanc-communication-alternative-augmentee-caa\" target=\"_blank\" rel=\"noreferrer noopener\">Livre blanc Communication Alternative Augment\u00e9e (CAA) \u2013 Hop&rsquo;Toys<\/a><br>Un guide pratique co\u00e9crit avec l\u2019orthophoniste Line Perrin, offrant des cl\u00e9s pour initier un projet de CAA au sein d\u2019une \u00e9quipe m\u00e9dico-sociale. Il pr\u00e9sente les bases de la CAA, 15 conseils pour sa mise en place et un panorama des outils disponibles.<\/p>\n\n\n\n<p><strong>\ud83d\udcf1 APPLICATION<\/strong> <a href=\"https:\/\/fr.tobiidynavox.com\/pages\/td-snap?tab=0\" target=\"_blank\" rel=\"noreferrer noopener\">TD Snap \u2013 Tobii Dynavox<\/a><br>Une application de Communication Alternative et Am\u00e9lior\u00e9e (CAA) proposant des solutions personnalisables pour aider les personnes ayant des troubles de la communication \u00e0 s\u2019exprimer, via le toucher, le regard ou des contacteurs.<\/p>\n<\/div>\n<\/div>\n\n\n\n<p>Des outils \u00e0 nous partager ?&nbsp;<a href=\"https:\/\/api-lux.be\/index.php\/contact\/\">Cliquez ici<\/a><\/p>\n","protected":false},"excerpt":{"rendered":"<p>\ud83d\udcac Communication &#8211; Outils ou m\u00e9thodes pour aider les personnes ayant des difficult\u00e9s \u00e0 communiquer, en rendant les \u00e9changes plus simples et accessibles.Pour vous accompagner dans ces d\u00e9marches, vous pouvez [&hellip;]<\/p>\n","protected":false},"author":6,"featured_media":0,"comment_status":"closed","ping_status":"closed","sticky":false,"template":"","format":"standard","meta":{"iawp_total_views":4,"footnotes":""},"categories":[10,28,4,27,18,9,5,8,12,46,48,47,20,29,21],"tags":[],"class_list":["post-674","post","type-post","status-publish","format-standard","hentry","category-amenagement-environnement","category-autonomie-et-responsabilisation","category-besoins","category-besoins-daccomplissement","category-besoins-destime","category-besoins-de-securite","category-besoins-physiologiques","category-bien-etre","category-cadre-et-limites","category-fiches-outils","category-fiches-outils-pour-les-aidants-proches","category-fiches-outils-pour-les-professionnels","category-individualisation","category-projection","category-valorisation-confiance"],"_links":{"self":[{"href":"https:\/\/api-lux.be\/index.php\/wp-json\/wp\/v2\/posts\/674","targetHints":{"allow":["GET"]}}],"collection":[{"href":"https:\/\/api-lux.be\/index.php\/wp-json\/wp\/v2\/posts"}],"about":[{"href":"https:\/\/api-lux.be\/index.php\/wp-json\/wp\/v2\/types\/post"}],"author":[{"embeddable":true,"href":"https:\/\/api-lux.be\/index.php\/wp-json\/wp\/v2\/users\/6"}],"replies":[{"embeddable":true,"href":"https:\/\/api-lux.be\/index.php\/wp-json\/wp\/v2\/comments?post=674"}],"version-history":[{"count":10,"href":"https:\/\/api-lux.be\/index.php\/wp-json\/wp\/v2\/posts\/674\/revisions"}],"predecessor-version":[{"id":7834,"href":"https:\/\/api-lux.be\/index.php\/wp-json\/wp\/v2\/posts\/674\/revisions\/7834"}],"wp:attachment":[{"href":"https:\/\/api-lux.be\/index.php\/wp-json\/wp\/v2\/media?parent=674"}],"wp:term":[{"taxonomy":"category","embeddable":true,"href":"https:\/\/api-lux.be\/index.php\/wp-json\/wp\/v2\/categories?post=674"},{"taxonomy":"post_tag","embeddable":true,"href":"https:\/\/api-lux.be\/index.php\/wp-json\/wp\/v2\/tags?post=674"}],"curies":[{"name":"wp","href":"https:\/\/api.w.org\/{rel}","templated":true}]}}