{"id":673,"date":"2025-02-14T11:36:55","date_gmt":"2025-02-14T10:36:55","guid":{"rendered":"http:\/\/localhost\/mdi_w\/?p=673"},"modified":"2025-07-01T15:05:51","modified_gmt":"2025-07-01T13:05:51","slug":"messages-de-rappel","status":"publish","type":"post","link":"https:\/\/api-lux.be\/index.php\/2025\/02\/14\/messages-de-rappel\/","title":{"rendered":"Rappel des rendez-vous"},"content":{"rendered":"\n<div class=\"wp-block-columns is-layout-flex wp-container-core-columns-is-layout-9d6595d7 wp-block-columns-is-layout-flex\">\n<div class=\"wp-block-column is-vertically-aligned-center is-layout-flow wp-block-column-is-layout-flow\"><div class=\"wp-block-image\">\n<figure class=\"aligncenter size-full\"><img decoding=\"async\" src=\"https:\/\/api-lux.be\/wp-content\/uploads\/2025\/02\/rappel_rendez-vous.jpg\" alt=\" \" class=\"wp-image-202\"\/><\/figure>\n<\/div><\/div>\n\n\n\n<div class=\"wp-block-column is-layout-flow wp-block-column-is-layout-flow\">\n<p>\ud83d\udd4a\ufe0f <strong>Soutenir et mobiliser<\/strong> &#8211; Outils simples pour favoriser la m\u00e9moire, l\u2019organisation et la ponctualit\u00e9 chez les jeunes.<\/p>\n\n\n\n<!--more-->\n\n\n\n<h2 class=\"wp-block-heading\">\u00c2ge cible <\/h2>\n\n\n\n<p>\u00c0 partir de 15 ans.<\/p>\n<\/div>\n<\/div>\n\n\n\n<h2 class=\"wp-block-heading\">Descriptif de l&rsquo;outil<\/h2>\n\n\n\n<p>\ud83e\udded <em>Rappeler un rendez-vous n\u2019est pas une contrainte, mais une <strong>strat\u00e9gie \u00e9ducative<\/strong> pour rendre les jeunes plus autonomes, plus sereins, et plus confiants dans leur capacit\u00e9 \u00e0 g\u00e9rer leur quotidien.<\/em><\/p>\n\n\n\n<p>\ud83d\udcac Cette approche s\u2019inscrit dans une logique <strong>bienveillante et progressive<\/strong>, o\u00f9 l\u2019on tient compte des <strong>capacit\u00e9s actuelles<\/strong> du jeune pour l\u2019aider \u00e0 <strong>composer avec ses limites<\/strong>, tout en d\u00e9veloppant des <strong>outils concrets d\u2019organisation<\/strong> adapt\u00e9s \u00e0 ses besoins.<\/p>\n\n\n\n<ul class=\"wp-block-list\">\n<li>\ud83d\udcf1 <strong>Envoyer un message de rappel personnalis\u00e9<\/strong> la veille du rendez-vous :<em>\u00ab\u00a0\ud83d\udce9 Rappel : Bonjour Th\u00e9o, tu as rendez-vous avec moi demain matin \u00e0 9h, \u00e0 telle adresse.\u00a0\u00bb<\/em><\/li>\n<\/ul>\n\n\n\n<ul class=\"wp-block-list\">\n<li>\ud83d\udcdd <strong>Encourager l\u2019utilisation d\u2019un agenda personnel<\/strong>, papier ou num\u00e9rique. Le professionnel peut accompagner le jeune pour y <strong>noter syst\u00e9matiquement<\/strong> ses rendez-vous et en faire un usage r\u00e9gulier.<\/li>\n<\/ul>\n\n\n\n<ul class=\"wp-block-list\">\n<li>\ud83d\udccd <strong>Cr\u00e9er des <a href=\"https:\/\/api-lux.be\/index.php\/2025\/03\/13\/utiliser-des-reperes-visuels-clairs-et-communs\/\" target=\"_blank\" rel=\"noreferrer noopener\">routines visuelles<\/a><\/strong> avec un planning papier affich\u00e9 dans un lieu strat\u00e9gique (porte, chambre, frigo\u2026), qui centralise les RDV importants.<\/li>\n<\/ul>\n\n\n\n<ul class=\"wp-block-list\">\n<li>\ud83d\ude8d <strong>Accompagner l\u2019organisation en amont<\/strong> :<br>&#8211; Rechercher avec lui le trajet en transport.<br>&#8211; Pr\u00e9voir ensemble l&rsquo;heure de d\u00e9part.<br>&#8211; Discuter des documents ou objets \u00e0 emporter.<\/li>\n<\/ul>\n\n\n\n<ul class=\"wp-block-list\">\n<li>\ud83d\udc6b <strong>Instaurer un rituel de v\u00e9rification en bin\u00f4me<\/strong> (\u00e9ducateur\/jeune) pour anticiper les oublis de rendez-vous r\u00e9guliers (m\u00e9decin, coiffeur, entretiens\u2026).<\/li>\n<\/ul>\n\n\n\n<div class=\"wp-block-columns is-layout-flex wp-container-core-columns-is-layout-9d6595d7 wp-block-columns-is-layout-flex\">\n<div class=\"wp-block-column is-layout-flow wp-block-column-is-layout-flow\">\n<h2 class=\"wp-block-heading\">Objectif(s) d&rsquo;utilisation<\/h2>\n\n\n\n<p>\ud83d\udd14 <strong>\u00c9viter les oublis<\/strong> : renforcer la m\u00e9moire des rendez-vous gr\u00e2ce \u00e0 des rappels adapt\u00e9s.<\/p>\n\n\n\n<p>\u23f3 <strong>Favoriser la ponctualit\u00e9<\/strong> : aider le jeune \u00e0 arriver \u00e0 l\u2019heure, ce qui am\u00e9liore son image et sa fiabilit\u00e9.<\/p>\n\n\n\n<p>\ud83e\uddd8 <strong>R\u00e9duire l\u2019anxi\u00e9t\u00e9 li\u00e9e aux oublis<\/strong> : les rappels rassurent et structurent.<\/p>\n\n\n\n<p>\ud83e\udded <strong>D\u00e9velopper des comp\u00e9tences organisationnelles<\/strong> : planification, anticipation, gestion du temps.<\/p>\n\n\n\n<p>\ud83e\udd1d <strong>Soutenir l&rsquo;engagement<\/strong> dans les suivis \u00e9ducatifs, m\u00e9dicaux ou sociaux.<\/p>\n<\/div>\n\n\n\n<div class=\"wp-block-column is-layout-flow wp-block-column-is-layout-flow\">\n<h2 class=\"wp-block-heading\">Variantes &#8211; am\u00e9nagements<\/h2>\n\n\n\n<p>\ud83d\udcf2 <strong>Programmer des rappels sur le t\u00e9l\u00e9phone<\/strong> : alarmes, notifications de calendrier, minuteurs vocaux.<br><br>\ud83d\uddbc\ufe0f <strong>Cr\u00e9er un tableau de bord visuel<\/strong> : avec des pictogrammes pour chaque type de RDV (\ud83e\ude7a = m\u00e9decin, \ud83c\udf93 = \u00e9cole, \ud83e\uddd1\u200d\u2695\ufe0f = \u00e9ducateur\u2026).<br><br>\ud83d\uddd3\ufe0f <strong>Utiliser un agenda papier color\u00e9<\/strong>, avec des codes couleurs pour chaque type de rendez-vous (ex : bleu pour les RDV m\u00e9dicaux, vert pour les activit\u00e9s).<br><br>\ud83d\udd01 <strong>Mettre en place une routine hebdomadaire<\/strong> de v\u00e9rification du planning avec un adulte r\u00e9f\u00e9rent.<br><br>\ud83d\udce4 <strong>Associer les rappels \u00e0 une action concr\u00e8te<\/strong> : par exemple, poser ses affaires la veille ou pr\u00e9parer un sac \u00ab\u00a0rendez-vous\u00a0\u00bb.<\/p>\n\n\n\n<p><br><br><\/p>\n<\/div>\n<\/div>\n\n\n\n<p>Des outils \u00e0 nous partager ?&nbsp;<a href=\"https:\/\/api-lux.be\/index.php\/contact\/\">Cliquez ici<\/a><\/p>\n","protected":false},"excerpt":{"rendered":"<p>\ud83d\udd4a\ufe0f Soutenir et mobiliser &#8211; Outils simples pour favoriser la m\u00e9moire, l\u2019organisation et la ponctualit\u00e9 chez les jeunes.<\/p>\n","protected":false},"author":6,"featured_media":0,"comment_status":"closed","ping_status":"closed","sticky":false,"template":"","format":"standard","meta":{"iawp_total_views":2,"footnotes":""},"categories":[10,28,4,22,27,18,9,5,8,12,46,48,47,20,26,29,21],"tags":[],"class_list":["post-673","post","type-post","status-publish","format-standard","hentry","category-amenagement-environnement","category-autonomie-et-responsabilisation","category-besoins","category-besoins-cognitifs","category-besoins-daccomplissement","category-besoins-destime","category-besoins-de-securite","category-besoins-physiologiques","category-bien-etre","category-cadre-et-limites","category-fiches-outils","category-fiches-outils-pour-les-aidants-proches","category-fiches-outils-pour-les-professionnels","category-individualisation","category-outils-pedagogiques-pour-les-pro","category-projection","category-valorisation-confiance"],"_links":{"self":[{"href":"https:\/\/api-lux.be\/index.php\/wp-json\/wp\/v2\/posts\/673","targetHints":{"allow":["GET"]}}],"collection":[{"href":"https:\/\/api-lux.be\/index.php\/wp-json\/wp\/v2\/posts"}],"about":[{"href":"https:\/\/api-lux.be\/index.php\/wp-json\/wp\/v2\/types\/post"}],"author":[{"embeddable":true,"href":"https:\/\/api-lux.be\/index.php\/wp-json\/wp\/v2\/users\/6"}],"replies":[{"embeddable":true,"href":"https:\/\/api-lux.be\/index.php\/wp-json\/wp\/v2\/comments?post=673"}],"version-history":[{"count":9,"href":"https:\/\/api-lux.be\/index.php\/wp-json\/wp\/v2\/posts\/673\/revisions"}],"predecessor-version":[{"id":7833,"href":"https:\/\/api-lux.be\/index.php\/wp-json\/wp\/v2\/posts\/673\/revisions\/7833"}],"wp:attachment":[{"href":"https:\/\/api-lux.be\/index.php\/wp-json\/wp\/v2\/media?parent=673"}],"wp:term":[{"taxonomy":"category","embeddable":true,"href":"https:\/\/api-lux.be\/index.php\/wp-json\/wp\/v2\/categories?post=673"},{"taxonomy":"post_tag","embeddable":true,"href":"https:\/\/api-lux.be\/index.php\/wp-json\/wp\/v2\/tags?post=673"}],"curies":[{"name":"wp","href":"https:\/\/api.w.org\/{rel}","templated":true}]}}