{"id":671,"date":"2025-02-14T11:36:55","date_gmt":"2025-02-14T10:36:55","guid":{"rendered":"http:\/\/localhost\/mdi_w\/?p=671"},"modified":"2025-04-28T21:49:04","modified_gmt":"2025-04-28T19:49:04","slug":"time-out-espaces-differencies","status":"publish","type":"post","link":"https:\/\/api-lux.be\/index.php\/2025\/02\/14\/time-out-espaces-differencies\/","title":{"rendered":"Time-out \/ Espaces diff\u00e9renci\u00e9s"},"content":{"rendered":"\n<div class=\"wp-block-columns is-layout-flex wp-container-core-columns-is-layout-9d6595d7 wp-block-columns-is-layout-flex\">\n<div class=\"wp-block-column is-vertically-aligned-center is-layout-flow wp-block-column-is-layout-flow\"><div class=\"wp-block-image\">\n<figure class=\"aligncenter size-full is-resized\"><img decoding=\"async\" src=\"https:\/\/api-lux.be\/wp-content\/uploads\/2025\/02\/time_out.jpg\" alt=\" \" class=\"wp-image-202\" style=\"width:248px;height:auto\"\/><\/figure>\n<\/div><\/div>\n\n\n\n<div class=\"wp-block-column is-layout-flow wp-block-column-is-layout-flow\">\n<p><strong>\ud83d\udea7 Poser et maintenir le cadre <\/strong>&#8211; Sortir le jeune de son milieu de vie habituel pour une pause temporaire dans un cadre diff\u00e9rent : <em>observer, apaiser et ajuster l\u2019accompagnement.<\/em><\/p>\n\n\n\n<!--more-->\n\n\n\n<h2 class=\"wp-block-heading\">Public cible<\/h2>\n\n\n\n<p>Tout public.<\/p>\n<\/div>\n<\/div>\n\n\n\n<h2 class=\"wp-block-heading\">Descriptif de l&rsquo;outil<\/h2>\n\n\n\n<p>\ud83d\udd0d <strong>Le time-out th\u00e9rapeutique<\/strong> est une m\u00e9thode permettant de <strong>sortir un jeune de son cadre de vie habituel<\/strong> <em>(institution, h\u00f4pital, foyer)<\/em> pour une courte p\u00e9riode.<br><br>\ud83d\uded1 Il est con\u00e7u comme <strong>un moment de prise de recul et de r\u00e9flexion<\/strong>, tant pour le jeune que pour les professionnels qui l&rsquo;accompagnent.<br><br>\ud83d\udccc Loin d&rsquo;\u00eatre une exclusion, <strong>il s&rsquo;agit d&rsquo;une exp\u00e9rience d&rsquo;observation et de r\u00e9ajustement<\/strong>.<\/p>\n\n\n\n<p>\ud83d\udc6a <strong>Exemples d\u2019utilisation :<\/strong><br>\ud83c\udfe5 <strong><em>En milieu hospitalier<\/em> :<\/strong> le time-out peut offrir au jeune un nouveau cadre de vie, plus contenant mais un peu moins stimulant (moins d\u2019acc\u00e8s \u00e0 l\u2019\u00e9cole, aux activit\u00e9s sportives ou sociales).<br>\ud83d\udd0d Il permet ainsi de s\u2019\u00e9loigner temporairement de son quotidien pour <strong>travailler de nouveaux objectifs, en sortant des espaces d\u2019enjeux affectifs <\/strong>souvent impliqu\u00e9s en famille ou en institution.<\/p>\n\n\n\n<p>\ud83c\udfe0 <strong><em>Pour les familles<\/em> : <\/strong>cette pause offre<strong> un moment de r\u00e9pit<\/strong> tout en permettant d&rsquo;observer,<strong> dans un cadre plus th\u00e9rapeutique, <\/strong>si la mise \u00e0 disposition de<strong> ressources diff\u00e9rentes <\/strong>(professionnels, outils, rythmes) aide le jeune \u00e0<strong> s\u2019apaiser<\/strong>.<br>\ud83d\udd0d Ce temps favorise <strong>l\u2019\u00e9valuation des besoins<\/strong>, des pistes de soins et des <strong>rep\u00e8res transf\u00e9rables dans le cadre familial<\/strong>.<\/p>\n\n\n\n<p>\ud83c\udfeb <em><strong>Dans les institutions \u00e9ducatives ou sociales<\/strong><\/em> : le time-out permet au jeune de<strong> quitter un environnement connu pour s\u2019\u00e9prouver dans une autre r\u00e9alit\u00e9<\/strong>, plus neutre.<br>\ud83d\udd0d  L\u2019objectif peut \u00eatre de <strong>raviver le d\u00e9sir de r\u00e9investir positivement son lieu de vie initial<\/strong>, en l\u2019amenant \u00e0 identifier ce qui lui manque ou ce qui pourrait \u00e9voluer.<\/p>\n\n\n\n<p>\u26a0\ufe0f <strong>Points d&rsquo;attention :<\/strong><br><br>\ud83d\udde3\ufe0f <strong>Bien expliquer la d\u00e9marche au jeune<\/strong> pour qu&rsquo;il comprenne que ce n&rsquo;est <strong>pas une sanction<\/strong>, mais <strong>une opportunit\u00e9 d&rsquo;\u00e9volution<\/strong>, d\u2019un <strong>levier de changement r\u00e9fl\u00e9chi et encadr\u00e9<\/strong>.<br>\ud83d\udccb <strong>D\u00e9finir un cadre clair et s\u00e9curisant<\/strong> : dur\u00e9e pr\u00e9cise, objectifs d&rsquo;observation, structure accueillante bienveillante.<br>\ud83d\udd04 <strong>Accompagner le retour<\/strong> : analyser avec le jeune et les professionnels <strong>les effets du time-out<\/strong> et <strong>ajuster l&rsquo;accompagnement si n\u00e9cessaire<\/strong>.<\/p>\n\n\n\n<div class=\"wp-block-columns is-layout-flex wp-container-core-columns-is-layout-9d6595d7 wp-block-columns-is-layout-flex\">\n<div class=\"wp-block-column is-layout-flow wp-block-column-is-layout-flow\">\n<h2 class=\"wp-block-heading\">Objectif(s) d&rsquo;utilisation<\/h2>\n\n\n\n<p>\ud83d\udca1 <strong>Autonomie<\/strong> : permettre au jeune de faire l&rsquo;exp\u00e9rience d&rsquo;un nouvel environnement.<br><br>\ud83e\udded <strong>Responsabilisation<\/strong> : lui faire prendre conscience de son cadre de vie et de son importance.<br><br>\ud83d\udc65 <strong>Sociabilisation<\/strong> : tester ses interactions avec d&rsquo;autres personnes dans un nouveau lieu.<br><br>\ud83d\udc9e <strong>D\u00e9veloppement \u00e9motionnel<\/strong> : observer si un changement de cadre influence son bien-\u00eatre.<br><br>\ud83d\udcd6 <strong>Apprentissage<\/strong> : ajuster les strat\u00e9gies d&rsquo;accompagnement en fonction des observations.<br><br>\ud83c\udf1f <strong>Valorisation<\/strong> : montrer au jeune qu&rsquo;il peut \u00e9voluer et s&rsquo;adapter.<br><br>\ud83d\udd01 <strong>Auto-r\u00e9gulation<\/strong> : voir si l&rsquo;apaisement se produit dans un autre contexte.<\/p>\n<\/div>\n<\/div>\n\n\n\n<p>Des outils \u00e0 nous partager ?&nbsp;<a href=\"https:\/\/api-lux.be\/index.php\/contact\/\">Cliquez ici<\/a><\/p>\n","protected":false},"excerpt":{"rendered":"<p>\ud83d\udea7 Poser et maintenir le cadre &#8211; Sortir le jeune de son milieu de vie habituel pour une pause temporaire dans un cadre diff\u00e9rent : observer, apaiser et ajuster l\u2019accompagnement.<\/p>\n","protected":false},"author":6,"featured_media":0,"comment_status":"closed","ping_status":"closed","sticky":false,"template":"","format":"standard","meta":{"iawp_total_views":0,"footnotes":""},"categories":[4,22,27,14,9,5,8,12,13,15,46,48,47,26,29,7,16],"tags":[],"class_list":["post-671","post","type-post","status-publish","format-standard","hentry","category-besoins","category-besoins-cognitifs","category-besoins-daccomplissement","category-besoins-dappartenance","category-besoins-de-securite","category-besoins-physiologiques","category-bien-etre","category-cadre-et-limites","category-coherence","category-famille-et-milieu-de-vie","category-fiches-outils","category-fiches-outils-pour-les-aidants-proches","category-fiches-outils-pour-les-professionnels","category-outils-pedagogiques-pour-les-pro","category-projection","category-soin-pistes-et-outils-professionnels","category-vie-affective"],"_links":{"self":[{"href":"https:\/\/api-lux.be\/index.php\/wp-json\/wp\/v2\/posts\/671","targetHints":{"allow":["GET"]}}],"collection":[{"href":"https:\/\/api-lux.be\/index.php\/wp-json\/wp\/v2\/posts"}],"about":[{"href":"https:\/\/api-lux.be\/index.php\/wp-json\/wp\/v2\/types\/post"}],"author":[{"embeddable":true,"href":"https:\/\/api-lux.be\/index.php\/wp-json\/wp\/v2\/users\/6"}],"replies":[{"embeddable":true,"href":"https:\/\/api-lux.be\/index.php\/wp-json\/wp\/v2\/comments?post=671"}],"version-history":[{"count":10,"href":"https:\/\/api-lux.be\/index.php\/wp-json\/wp\/v2\/posts\/671\/revisions"}],"predecessor-version":[{"id":6327,"href":"https:\/\/api-lux.be\/index.php\/wp-json\/wp\/v2\/posts\/671\/revisions\/6327"}],"wp:attachment":[{"href":"https:\/\/api-lux.be\/index.php\/wp-json\/wp\/v2\/media?parent=671"}],"wp:term":[{"taxonomy":"category","embeddable":true,"href":"https:\/\/api-lux.be\/index.php\/wp-json\/wp\/v2\/categories?post=671"},{"taxonomy":"post_tag","embeddable":true,"href":"https:\/\/api-lux.be\/index.php\/wp-json\/wp\/v2\/tags?post=671"}],"curies":[{"name":"wp","href":"https:\/\/api.w.org\/{rel}","templated":true}]}}