{"id":669,"date":"2025-02-14T11:36:55","date_gmt":"2025-02-14T10:36:55","guid":{"rendered":"http:\/\/localhost\/mdi_w\/?p=669"},"modified":"2025-07-01T15:04:53","modified_gmt":"2025-07-01T13:04:53","slug":"marche-en-pleine-conscience","status":"publish","type":"post","link":"https:\/\/api-lux.be\/index.php\/2025\/02\/14\/marche-en-pleine-conscience\/","title":{"rendered":"Marche en pleine conscience (Mindful Walking)"},"content":{"rendered":"\n<div class=\"wp-block-columns is-layout-flex wp-container-core-columns-is-layout-9d6595d7 wp-block-columns-is-layout-flex\">\n<div class=\"wp-block-column is-vertically-aligned-center is-layout-flow wp-block-column-is-layout-flow\"><div class=\"wp-block-image\">\n<figure class=\"aligncenter size-large\"><img loading=\"lazy\" decoding=\"async\" width=\"1024\" height=\"682\" src=\"https:\/\/api-lux.be\/wp-content\/uploads\/2025\/02\/pexels-pripicart-631986-1024x682.jpg\" alt=\"\" class=\"wp-image-1403\" srcset=\"https:\/\/api-lux.be\/wp-content\/uploads\/2025\/02\/pexels-pripicart-631986-1024x682.jpg 1024w, https:\/\/api-lux.be\/wp-content\/uploads\/2025\/02\/pexels-pripicart-631986-300x200.jpg 300w, https:\/\/api-lux.be\/wp-content\/uploads\/2025\/02\/pexels-pripicart-631986-768x511.jpg 768w, https:\/\/api-lux.be\/wp-content\/uploads\/2025\/02\/pexels-pripicart-631986-1536x1022.jpg 1536w, https:\/\/api-lux.be\/wp-content\/uploads\/2025\/02\/pexels-pripicart-631986-2048x1363.jpg 2048w\" sizes=\"auto, (max-width: 1024px) 100vw, 1024px\" \/><\/figure>\n<\/div><\/div>\n\n\n\n<div class=\"wp-block-column is-layout-flow wp-block-column-is-layout-flow\">\n<p>\u26bd<strong> SPORT <\/strong>&#8211; Une technique de Mindfulness appliqu\u00e9e \u00e0 la marche pour vivre pleinement le moment pr\u00e9sent.<\/p>\n\n\n\n<!--more-->\n\n\n\n<h2 class=\"wp-block-heading\">\u00c2ge cible<\/h2>\n\n\n\n<p>\u00c0 partir de 2 ans.<\/p>\n<\/div>\n<\/div>\n\n\n\n<h2 class=\"wp-block-heading\">Descriptif de l&rsquo;outil<\/h2>\n\n\n\n<p>\ud83d\udeb6 <strong>La marche en pleine conscience<\/strong> est une approche qui permet de <strong>vivre pleinement chaque instant<\/strong>, en se concentrant sur le <strong>moment pr\u00e9sent<\/strong>.<br>\ud83e\uddd8\u200d\u2642\ufe0f Elle consiste \u00e0 <strong>marcher lentement et intentionnellement<\/strong>, en pr\u00eatant attention \u00e0 <strong>chaque pas<\/strong>, \u00e0 la <strong>respiration<\/strong>, aux <strong>sensations corporelles<\/strong> et \u00e0 l&rsquo;<strong>environnement<\/strong> (sons, odeurs, temp\u00e9rature).<br>\ud83c\udf3f Cette technique aide \u00e0 <strong>r\u00e9duire le stress<\/strong> et am\u00e9liore la <strong>concentration<\/strong>, en permettant de <strong>se recentrer sur soi-m\u00eame<\/strong> et sur <strong>l&rsquo;instant pr\u00e9sent<\/strong>.<\/p>\n\n\n\n<p>\ud83d\udc6a <strong>Exemples d\u2019utilisation :<\/strong><\/p>\n\n\n\n<ul class=\"wp-block-list\">\n<li>\ud83c\udfeb <strong>En milieu scolaire<\/strong> : Avant un examen ou une activit\u00e9 exigeant de la concentration, une marche en pleine conscience peut apaiser les \u00e9l\u00e8ves et les pr\u00e9parer mentalement.<\/li>\n\n\n\n<li>\ud83e\udd1d <strong>En espace sociabilisant<\/strong> : Une activit\u00e9 collective o\u00f9 les participants pratiquent ensemble la marche en pleine conscience, favorisant la gestion des \u00e9motions et renfor\u00e7ant la coh\u00e9sion du groupe.<\/li>\n\n\n\n<li>\ud83c\udfe1 <strong>Dans un cadre familial ou individuel<\/strong> : Pour aider un enfant ou un jeune \u00e0 canaliser son \u00e9nergie et \u00e0 g\u00e9rer son stress de mani\u00e8re naturelle et apaisante.<\/li>\n<\/ul>\n\n\n\n<p>\u26a0\ufe0f <strong>Points d&rsquo;attention :<\/strong><\/p>\n\n\n\n<ul class=\"wp-block-list\">\n<li>\ud83c\udf3f <strong>Choisir un environnement calme<\/strong> : L&rsquo;id\u00e9al est de pratiquer la marche dans un endroit serein, sans distractions ni bruits perturbateurs.<\/li>\n\n\n\n<li>\ud83d\udeb6\u200d\u2642\ufe0f <strong>Respecter le rythme de chacun<\/strong> : Ne pas imposer une dur\u00e9e ou un rythme trop exigeant d\u00e8s le d\u00e9part. L\u2019objectif est de permettre \u00e0 chacun de s\u2019ajuster et de trouver son propre tempo.<\/li>\n\n\n\n<li>\ud83e\udd17 <strong>Encourager sans forcer<\/strong> : Certains jeunes peuvent \u00eatre r\u00e9ticents \u00e0 ralentir et \u00e0 se concentrer sur leurs sensations. Il est important de les accompagner sans pression, en valorisant leurs efforts et leur progression.<\/li>\n<\/ul>\n\n\n\n<div class=\"wp-block-columns is-layout-flex wp-container-core-columns-is-layout-9d6595d7 wp-block-columns-is-layout-flex\">\n<div class=\"wp-block-column is-layout-flow wp-block-column-is-layout-flow\">\n<h2 class=\"wp-block-heading\">Objectif(s) d&rsquo;utilisation<\/h2>\n\n\n\n<p>\ud83c\udf3f <strong>Apprendre \u00e0 ralentir<\/strong> pour se concentrer sur le moment pr\u00e9sent et r\u00e9duire les pens\u00e9es anxiog\u00e8nes.<\/p>\n\n\n\n<p>\ud83e\uddd8 <strong>D\u00e9velopper une conscience accrue<\/strong> du corps et de ses sensations.<\/p>\n\n\n\n<p>\ud83d\ude80 <strong>D\u00e9velopper l&rsquo;autonomie :<\/strong> Permettre aux jeunes d&rsquo;apprendre \u00e0 g\u00e9rer leur stress et \u00e0 se recentrer par eux-m\u00eames, \u00e0 tout moment de la journ\u00e9e.<\/p>\n\n\n\n<p>\ud83c\udfaf <strong>Encourager la responsabilisation :<\/strong> Favoriser la prise de conscience des \u00e9motions et du corps.<\/p>\n\n\n\n<p>\ud83d\udc65 <strong>Renforcer la sociabilisation :<\/strong> Favoriser l&rsquo;\u00e9coute et la tol\u00e9rance du silence collectif, tout en respectant l\u2019espace personnel de chacun.<\/p>\n\n\n\n<p>\ud83d\udc93 <strong>Am\u00e9liorer le d\u00e9veloppement \u00e9motionnel :<\/strong> Permettre une meilleure gestion des \u00e9motions, diminuer l\u2019anxi\u00e9t\u00e9 et d\u00e9velopper un sentiment de bien-\u00eatre.<\/p>\n\n\n\n<p>\ud83d\udcda <strong>Faciliter l&rsquo;apprentissage :<\/strong> Renforcer la concentration et la pr\u00e9sence \u00e0 l&rsquo;instant pr\u00e9sent pour soutenir les acquisitions scolaires ou personnelles.<\/p>\n\n\n\n<p>\ud83c\udfc6 <strong>Valoriser les progr\u00e8s personnels :<\/strong> Permettre \u00e0 chacun de mesurer son \u00e9volution dans la pratique de la pleine conscience et renforcer sa confiance en soi.<\/p>\n\n\n\n<p>\ud83d\udd04 <strong>Soutenir l&rsquo;auto-r\u00e9gulation :<\/strong> Aider \u00e0 moduler l&rsquo;\u00e9nergie et l\u2019agitation pour favoriser un retour au calme.<\/p>\n<\/div>\n\n\n\n<div class=\"wp-block-column is-layout-flow wp-block-column-is-layout-flow\">\n<h2 class=\"wp-block-heading\">Variantes &#8211; am\u00e9nagements <\/h2>\n\n\n\n<p>\ud83d\udcac <strong>Marche guid\u00e9e :<\/strong><br>Un accompagnant peut guider la marche en pleine conscience, en invitant les participants \u00e0 se concentrer sur des \u00e9l\u00e9ments sp\u00e9cifiques de l\u2019environnement (sons, odeurs, sensations corporelles) pour affiner leur perception.<\/p>\n\n\n\n<p>\u2702\ufe0f <strong>Marche en groupe :<\/strong><br>Organiser des marches collectives pour renforcer les liens sociaux tout en pratiquant la pleine conscience. Ce type d\u2019activit\u00e9 permet de vivre l\u2019exp\u00e9rience ensemble tout en respectant l\u2019intimit\u00e9 et l\u2019espace personnel de chaque participant.<\/p>\n\n\n\n<p>\u2696\ufe0f <strong>Adaptation \u00e0 l\u2019\u00e2ge et \u00e0 l\u2019\u00e9nergie :<\/strong><br>Pour les plus jeunes, ou ceux ayant plus de difficult\u00e9s \u00e0 se concentrer, commencer par des s\u00e9ances plus courtes et plus lentes. Adapter progressivement la dur\u00e9e et l\u2019intensit\u00e9 de la marche en fonction du groupe.<\/p>\n\n\n\n<h2 class=\"wp-block-heading\">Liens utiles<\/h2>\n\n\n\n<p><strong>\ud83c\udf10 SITE INTERNET<\/strong> pour aller plus loin &#8211; \u200b<a href=\"https:\/\/www.emergences.org\/\" target=\"_blank\" rel=\"noreferrer noopener\">\u00c9mergences \u2013 M\u00e9ditation, conscience et engagement solidaire<\/a><br>\u00c9mergences est une association belge sans but lucratif fond\u00e9e en 2009 par Caroline Lesire et Ilios Kotsou. Elle propose des activit\u00e9s centr\u00e9es sur la m\u00e9ditation de pleine conscience, la connaissance de soi et l&rsquo;engagement citoyen, visant \u00e0 promouvoir une soci\u00e9t\u00e9 plus juste et solidaire.<\/p>\n<\/div>\n<\/div>\n\n\n\n<p>Des outils \u00e0 nous partager ?&nbsp;<a href=\"https:\/\/api-lux.be\/index.php\/contact\/\">Cliquez ici<\/a><\/p>\n","protected":false},"excerpt":{"rendered":"<p>\u26bd SPORT &#8211; Une technique de Mindfulness appliqu\u00e9e \u00e0 la marche pour vivre pleinement le moment pr\u00e9sent.<\/p>\n","protected":false},"author":6,"featured_media":0,"comment_status":"closed","ping_status":"closed","sticky":false,"template":"","format":"standard","meta":{"iawp_total_views":0,"footnotes":""},"categories":[4,22,27,18,5,8,46,48,49,47,19,26,6,7,30],"tags":[],"class_list":["post-669","post","type-post","status-publish","format-standard","hentry","category-besoins","category-besoins-cognitifs","category-besoins-daccomplissement","category-besoins-destime","category-besoins-physiologiques","category-bien-etre","category-fiches-outils","category-fiches-outils-pour-les-aidants-proches","category-fiches-outils-pour-les-jeunes","category-fiches-outils-pour-les-professionnels","category-gestion-des-emotions","category-outils-pedagogiques-pour-les-pro","category-sante-alimentation-sommeil-hygiene","category-soin-pistes-et-outils-professionnels","category-spiritualite"],"_links":{"self":[{"href":"https:\/\/api-lux.be\/index.php\/wp-json\/wp\/v2\/posts\/669","targetHints":{"allow":["GET"]}}],"collection":[{"href":"https:\/\/api-lux.be\/index.php\/wp-json\/wp\/v2\/posts"}],"about":[{"href":"https:\/\/api-lux.be\/index.php\/wp-json\/wp\/v2\/types\/post"}],"author":[{"embeddable":true,"href":"https:\/\/api-lux.be\/index.php\/wp-json\/wp\/v2\/users\/6"}],"replies":[{"embeddable":true,"href":"https:\/\/api-lux.be\/index.php\/wp-json\/wp\/v2\/comments?post=669"}],"version-history":[{"count":9,"href":"https:\/\/api-lux.be\/index.php\/wp-json\/wp\/v2\/posts\/669\/revisions"}],"predecessor-version":[{"id":7831,"href":"https:\/\/api-lux.be\/index.php\/wp-json\/wp\/v2\/posts\/669\/revisions\/7831"}],"wp:attachment":[{"href":"https:\/\/api-lux.be\/index.php\/wp-json\/wp\/v2\/media?parent=669"}],"wp:term":[{"taxonomy":"category","embeddable":true,"href":"https:\/\/api-lux.be\/index.php\/wp-json\/wp\/v2\/categories?post=669"},{"taxonomy":"post_tag","embeddable":true,"href":"https:\/\/api-lux.be\/index.php\/wp-json\/wp\/v2\/tags?post=669"}],"curies":[{"name":"wp","href":"https:\/\/api.w.org\/{rel}","templated":true}]}}