{"id":668,"date":"2025-02-14T11:36:55","date_gmt":"2025-02-14T10:36:55","guid":{"rendered":"http:\/\/localhost\/mdi_w\/?p=668"},"modified":"2025-04-28T16:27:47","modified_gmt":"2025-04-28T14:27:47","slug":"marche-therapeutique","status":"publish","type":"post","link":"https:\/\/api-lux.be\/index.php\/2025\/02\/14\/marche-therapeutique\/","title":{"rendered":"La marche th\u00e9rapeutique"},"content":{"rendered":"\n<div class=\"wp-block-columns is-layout-flex wp-container-core-columns-is-layout-9d6595d7 wp-block-columns-is-layout-flex\">\n<div class=\"wp-block-column is-vertically-aligned-center is-layout-flow wp-block-column-is-layout-flow\"><div class=\"wp-block-image\">\n<figure class=\"aligncenter size-full\"><img decoding=\"async\" src=\"https:\/\/api-lux.be\/wp-content\/uploads\/2025\/02\/marche_therapeutique.jpg\" alt=\" \" class=\"wp-image-202\"\/><\/figure>\n<\/div><\/div>\n\n\n\n<div class=\"wp-block-column is-layout-flow wp-block-column-is-layout-flow\">\n<p>\ud83e\uddd8\u200d\u2642\ufe0f <strong>Outil th\u00e9rapeutique<\/strong> : Espace th\u00e9rapeutique en mouvement.<\/p>\n\n\n\n<!--more-->\n\n\n\n<h2 class=\"wp-block-heading\">Public cible<\/h2>\n\n\n\n<p>Tout public.<\/p>\n<\/div>\n<\/div>\n\n\n\n<h2 class=\"wp-block-heading\">Descriptif de l&rsquo;outil<\/h2>\n\n\n\n<p>La marche th\u00e9rapeutique est un outil simple mais puissant qui permet de cr\u00e9er un cadre de communication non-confrontant entre le professionnel et le jeune. En marchant c\u00f4te \u00e0 c\u00f4te, le formalisme d\u2019un entretien traditionnel est r\u00e9duit, facilitant un \u00e9change plus fluide et lib\u00e9r\u00e9. Cette approche favorise l\u2019expression des \u00e9motions et permet d\u2019aborder des sujets parfois difficiles dans un cadre apais\u00e9 et naturel.<\/p>\n\n\n\n<p>\ud83d\udc6a <strong>Exemples d\u2019utilisation :<\/strong><\/p>\n\n\n\n<ul class=\"wp-block-list\">\n<li><strong>En milieu scolaire :<\/strong> Un enseignant marche avec un \u00e9l\u00e8ve apr\u00e8s une situation de conflit pour r\u00e9duire les tensions et aborder calmement le probl\u00e8me.<\/li>\n\n\n\n<li><strong>En milieu th\u00e9rapeutique :<\/strong> Un professionnel de sant\u00e9 utilise la marche pour discuter de mani\u00e8re informelle avec un patient, permettant une communication plus ouverte.<\/li>\n\n\n\n<li><strong>En espace sociabilisant :<\/strong> Un animateur de groupe invite les jeunes \u00e0 participer \u00e0 une marche th\u00e9rapeutique pour faciliter les \u00e9changes entre eux, tout en d\u00e9veloppant la coh\u00e9sion du groupe.<\/li>\n<\/ul>\n\n\n\n<p>\u26a0\ufe0f <strong>Points d&rsquo;attention :<\/strong><\/p>\n\n\n\n<ul class=\"wp-block-list\">\n<li><strong>Veiller \u00e0 la s\u00e9curit\u00e9 :<\/strong> Assurez-vous que l&rsquo;environnement est adapt\u00e9 \u00e0 la marche (terrain plat, pas d\u2019obstacles) pour \u00e9viter tout accident.<\/li>\n\n\n\n<li><strong>Respecter le rythme de chacun :<\/strong> Ne forcez pas le jeune \u00e0 marcher plus vite ou plus lentement que ce qu&rsquo;il est capable de faire. L&rsquo;objectif est de cr\u00e9er un moment agr\u00e9able et apaisant.<\/li>\n\n\n\n<li><strong>Sensibilit\u00e9 aux \u00e9motions :<\/strong> Certains jeunes peuvent se sentir mal \u00e0 l&rsquo;aise ou vuln\u00e9rables. Il est important de ne pas forcer l\u2019\u00e9change, mais de laisser de l\u2019espace pour que le jeune puisse s\u2019exprimer \u00e0 son propre rythme.<\/li>\n<\/ul>\n\n\n\n<div class=\"wp-block-columns is-layout-flex wp-container-core-columns-is-layout-9d6595d7 wp-block-columns-is-layout-flex\">\n<div class=\"wp-block-column is-layout-flow wp-block-column-is-layout-flow\">\n<h2 class=\"wp-block-heading\">Objectif(s) d&rsquo;utilisation<\/h2>\n\n\n\n<p>\ud83d\udca1 <strong>Objectifs comportementaux<\/strong> :<\/p>\n\n\n\n<ul class=\"wp-block-list\">\n<li>\ud83d\udde3\ufe0f Favoriser une <strong>communication plus fluide<\/strong> et naturelle, sans pression li\u00e9e au face-\u00e0-face traditionnel ;<\/li>\n\n\n\n<li>\ud83d\udcac Encourager l\u2019<strong>expression des \u00e9motions<\/strong> et des ressentis, en utilisant le <strong>mouvement<\/strong> pour d\u00e9tendre et lib\u00e9rer la parole.<\/li>\n<\/ul>\n\n\n\n<p>\ud83d\udcf1 <strong>Objectifs vari\u00e9s<\/strong> :<\/p>\n\n\n\n<ul class=\"wp-block-list\">\n<li>\ud83d\udeb6\u200d\u2642\ufe0f <strong>Autonomie et responsabilisation<\/strong> : le jeune peut choisir son rythme, ce qui l\u2019aide \u00e0 mieux <strong>g\u00e9rer ses \u00e9motions<\/strong> et son <strong>espace personnel<\/strong> ;<\/li>\n\n\n\n<li>\ud83e\udd1d <strong>Sociabilisation<\/strong> : ce mode d\u2019\u00e9change non verbal peut renforcer les <strong>liens sociaux<\/strong> en facilitant les <strong>interactions informelles<\/strong> ;<\/li>\n\n\n\n<li>\ud83c\udf31 <strong>D\u00e9veloppement \u00e9motionnel<\/strong> : en utilisant la <strong>marche comme moyen de r\u00e9gulation<\/strong>, on permet au jeune de <strong>g\u00e9rer ses \u00e9motions<\/strong> de mani\u00e8re plus fluide ;<\/li>\n\n\n\n<li>\ud83c\udfc6 <strong>Valorisation et auto-r\u00e9gulation<\/strong> : la capacit\u00e9 \u00e0 <strong>ajuster son rythme<\/strong> et \u00e0 trouver un <strong>\u00e9quilibre<\/strong> dans la marche renforce la <strong>r\u00e9gulation personnelle<\/strong> du jeune.<\/li>\n<\/ul>\n<\/div>\n\n\n\n<div class=\"wp-block-column is-layout-flow wp-block-column-is-layout-flow\">\n<h2 class=\"wp-block-heading\">Variantes &#8211; am\u00e9nagements<\/h2>\n\n\n\n<p>\ud83d\udcac <strong>Accordage et d\u00e9saccordage :<\/strong><br>Adapter son rythme \u00e0 celui du jeune est un outil puissant pour favoriser la r\u00e9gulation \u00e9motionnelle. Si un jeune est agit\u00e9, ralentir le pas peut l&rsquo;aider \u00e0 apaiser son agitation, tout en renfor\u00e7ant le lien de confiance entre le professionnel et le jeune.<\/p>\n\n\n\n<p>\u2702\ufe0f <strong>Marche collective :<\/strong><br>Organiser des marches de groupe pour observer et analyser les interactions. La synchronisation des pas, les changements de rythme ou les moments de d\u00e9saccordage peuvent offrir de belles occasions de discussion sur la coh\u00e9sion, la coop\u00e9ration, et les relations interpersonnelles.<\/p>\n\n\n\n<p>\u2696\ufe0f <strong>Gestion des tensions et d\u00e9bordements \u00e9motionnels :<\/strong><br>Lorsqu\u2019un jeune montre des signes de stress ou de tension, la marche permet une d\u00e9charge \u00e9nerg\u00e9tique. En r\u00e9gulant le rythme de la marche, le professionnel peut progressivement amener l\u2019enfant \u00e0 un \u00e9tat de calme, de mani\u00e8re naturelle et respectueuse.<\/p>\n<\/div>\n<\/div>\n\n\n\n<p>Des outils \u00e0 nous partager ?&nbsp;<a href=\"https:\/\/api-lux.be\/index.php\/contact\/\">Cliquez ici<\/a><\/p>\n","protected":false},"excerpt":{"rendered":"<p>\ud83e\uddd8\u200d\u2642\ufe0f Outil th\u00e9rapeutique : Espace th\u00e9rapeutique en mouvement.<\/p>\n","protected":false},"author":6,"featured_media":0,"comment_status":"closed","ping_status":"closed","sticky":false,"template":"","format":"standard","meta":{"iawp_total_views":1,"footnotes":""},"categories":[4,22,27,18,9,5,8,12,46,48,47,19,26,6,7,30],"tags":[],"class_list":["post-668","post","type-post","status-publish","format-standard","hentry","category-besoins","category-besoins-cognitifs","category-besoins-daccomplissement","category-besoins-destime","category-besoins-de-securite","category-besoins-physiologiques","category-bien-etre","category-cadre-et-limites","category-fiches-outils","category-fiches-outils-pour-les-aidants-proches","category-fiches-outils-pour-les-professionnels","category-gestion-des-emotions","category-outils-pedagogiques-pour-les-pro","category-sante-alimentation-sommeil-hygiene","category-soin-pistes-et-outils-professionnels","category-spiritualite"],"_links":{"self":[{"href":"https:\/\/api-lux.be\/index.php\/wp-json\/wp\/v2\/posts\/668","targetHints":{"allow":["GET"]}}],"collection":[{"href":"https:\/\/api-lux.be\/index.php\/wp-json\/wp\/v2\/posts"}],"about":[{"href":"https:\/\/api-lux.be\/index.php\/wp-json\/wp\/v2\/types\/post"}],"author":[{"embeddable":true,"href":"https:\/\/api-lux.be\/index.php\/wp-json\/wp\/v2\/users\/6"}],"replies":[{"embeddable":true,"href":"https:\/\/api-lux.be\/index.php\/wp-json\/wp\/v2\/comments?post=668"}],"version-history":[{"count":8,"href":"https:\/\/api-lux.be\/index.php\/wp-json\/wp\/v2\/posts\/668\/revisions"}],"predecessor-version":[{"id":6321,"href":"https:\/\/api-lux.be\/index.php\/wp-json\/wp\/v2\/posts\/668\/revisions\/6321"}],"wp:attachment":[{"href":"https:\/\/api-lux.be\/index.php\/wp-json\/wp\/v2\/media?parent=668"}],"wp:term":[{"taxonomy":"category","embeddable":true,"href":"https:\/\/api-lux.be\/index.php\/wp-json\/wp\/v2\/categories?post=668"},{"taxonomy":"post_tag","embeddable":true,"href":"https:\/\/api-lux.be\/index.php\/wp-json\/wp\/v2\/tags?post=668"}],"curies":[{"name":"wp","href":"https:\/\/api.w.org\/{rel}","templated":true}]}}