{"id":667,"date":"2025-02-14T11:36:55","date_gmt":"2025-02-14T10:36:55","guid":{"rendered":"http:\/\/localhost\/mdi_w\/?p=667"},"modified":"2025-04-28T16:25:31","modified_gmt":"2025-04-28T14:25:31","slug":"adaptation-des-horaires","status":"publish","type":"post","link":"https:\/\/api-lux.be\/index.php\/2025\/02\/14\/adaptation-des-horaires\/","title":{"rendered":"Adapter les horaires au r\u00e9alit\u00e9 du public"},"content":{"rendered":"\n<div class=\"wp-block-columns is-layout-flex wp-container-core-columns-is-layout-9d6595d7 wp-block-columns-is-layout-flex\">\n<div class=\"wp-block-column is-vertically-aligned-center is-layout-flow wp-block-column-is-layout-flow\"><div class=\"wp-block-image\">\n<figure class=\"aligncenter size-full\"><img decoding=\"async\" src=\"https:\/\/api-lux.be\/wp-content\/uploads\/2025\/02\/horaire_fixe.jpg\" alt=\" \" class=\"wp-image-202\"\/><\/figure>\n<\/div><\/div>\n\n\n\n<div class=\"wp-block-column is-layout-flow wp-block-column-is-layout-flow\">\n<p>\ud83d\udcc5 <strong>Organisation &#8211; adaptation p\u00e9dagogique du quotidien<\/strong> &#8211; Faciliter l&rsquo;acc\u00e8s et renforcer la pr\u00e9visibilit\u00e9 des horaires pour aider le jeune \u00e0 devenir plus autonome et fiable dans son organisation.<\/p>\n\n\n\n<!--more-->\n\n\n\n<h2 class=\"wp-block-heading\">\u00c2ge cible<\/h2>\n\n\n\n<p>\u00c0 partir de 2 ans.<\/p>\n<\/div>\n<\/div>\n\n\n\n<h2 class=\"wp-block-heading\">Descriptif de l&rsquo;outil<\/h2>\n\n\n\n<p>Il s&rsquo;agit de fixer des horaires pr\u00e9cis pour structurer le quotidien des personnes porteuses de d\u00e9ficience intellectuelle, en prenant en compte leurs besoins sp\u00e9cifiques ainsi que ceux de leur entourage. L&rsquo;objectif est de cr\u00e9er un cadre stable, facilitant l&rsquo;anticipation des activit\u00e9s et r\u00e9duisant l&rsquo;incertitude.<\/p>\n\n\n\n<p>\ud83d\udc6a <strong>Exemples d\u2019utilisation<\/strong> :<\/p>\n\n\n\n<ul class=\"wp-block-list\">\n<li>\ud83d\udcda <strong>Dans un environnement scolaire<\/strong> : Cr\u00e9er une routine quotidienne avec des horaires d\u00e9finis pour les p\u00e9riodes d\u2019apprentissage, les r\u00e9cr\u00e9ations, et les pauses.<\/li>\n\n\n\n<li>\ud83c\udfe0 <strong>\u00c0 la maison<\/strong> : Organiser les moments de jeu \ud83c\udfae, de repas \ud83c\udf7d\ufe0f et de repos \ud83d\udecf\ufe0f, avec des horaires pr\u00e9cis pour \u00e9viter les confusions.<\/li>\n\n\n\n<li>\ud83c\udfe5 <strong>Rendez-vous m\u00e9dicaux<\/strong> : Planifier les rendez-vous \u00e0 des heures fixes \u23f0 pour aider \u00e0 \u00e9viter les oublis et faciliter les d\u00e9placements.<\/li>\n<\/ul>\n\n\n\n<p>\u26a0\ufe0f <strong>Points d&rsquo;attention<\/strong> :<\/p>\n\n\n\n<ul class=\"wp-block-list\">\n<li>\u23f3 <strong>Respecter le rythme de la personne<\/strong> : Eviter de programmer des activit\u00e9s trop t\u00f4t \ud83d\udd56 ou trop tard \ud83d\udd58 en fonction des capacit\u00e9s de la personne (par exemple, ne pas programmer un rendez-vous trop matinal si elle a du mal \u00e0 se lever).<\/li>\n\n\n\n<li>\ud83d\ude97 <strong>Accessibilit\u00e9<\/strong> : V\u00e9rifier la possibilit\u00e9 de d\u00e9placement (transport, accompagnement) et s&rsquo;assurer que la personne puisse suivre le rythme des horaires fix\u00e9s.<\/li>\n\n\n\n<li>\ud83c\udf31 <strong>Souplesse<\/strong> : Laisser de l&rsquo;espace pour des ajustements, notamment pour les moments de repos ou d\u2019impr\u00e9vus.<\/li>\n<\/ul>\n\n\n\n<div class=\"wp-block-columns is-layout-flex wp-container-core-columns-is-layout-9d6595d7 wp-block-columns-is-layout-flex\">\n<div class=\"wp-block-column is-layout-flow wp-block-column-is-layout-flow\">\n<h2 class=\"wp-block-heading\">Objectif(s) d&rsquo;utilisation<\/h2>\n\n\n\n<p>\ud83d\udca1 <strong>Objectifs comportementaux et \u00e9ducatifs<\/strong> :<\/p>\n\n\n\n<ul class=\"wp-block-list\">\n<li>\ud83d\uddd3\ufe0f <strong>Structurer la journ\u00e9e<\/strong> : Permettre \u00e0 l&rsquo;enfant de mieux organiser ses activit\u00e9s en instaurant des rep\u00e8res temporels clairs.<\/li>\n\n\n\n<li>\ud83d\ude0c <strong>R\u00e9duire l\u2019anxi\u00e9t\u00e9<\/strong> : Minimiser les angoisses li\u00e9es \u00e0 l\u2019impr\u00e9visibilit\u00e9 et \u00e0 l\u2019incertitude.<\/li>\n\n\n\n<li>\ud83d\udcaa <strong>Renforcer l&rsquo;autonomie<\/strong> : Aider la personne \u00e0 se responsabiliser vis-\u00e0-vis de son emploi du temps, favorisant l\u2019auto-r\u00e9gulation.<\/li>\n<\/ul>\n\n\n\n<p>\ud83d\udcf1 <strong>Objectifs vari\u00e9s<\/strong> :<\/p>\n\n\n\n<ul class=\"wp-block-list\">\n<li>\ud83e\udde0 D\u00e9velopper <strong>les comp\u00e9tences organisationnelles<\/strong> et <strong>la gestion du temps<\/strong>.<\/li>\n\n\n\n<li>\ud83c\udfe1 Favoriser la <strong>coh\u00e9rence<\/strong> et la <strong>stabilit\u00e9<\/strong> dans l\u2019espace de vie.<\/li>\n\n\n\n<li>\ud83e\uddd8 <strong>Am\u00e9liorer la concentration<\/strong> en anticipant les activit\u00e9s.<\/li>\n<\/ul>\n<\/div>\n\n\n\n<div class=\"wp-block-column is-layout-flow wp-block-column-is-layout-flow\">\n<h2 class=\"wp-block-heading\">Variantes &#8211; am\u00e9nagements<\/h2>\n\n\n\n<p>\ud83d\uddbc\ufe0f Utiliser des <strong>pictogrammes<\/strong> pour les jeunes non lecteurs, rendant l&rsquo;agenda accessible \u00e0 tous.<br><br>\ud83d\udcc5 <strong>Personnaliser un calendrier<\/strong> : Int\u00e9grer des couleurs ou des symboles pour diff\u00e9rencier les plages horaires et les types d\u2019activit\u00e9s.<br><br>\u23f8\ufe0f <strong>Pr\u00e9voir des pauses r\u00e9guli\u00e8res<\/strong> : Organiser des moments de repos \u00e0 des heures fixes pour \u00e9quilibrer les p\u00e9riodes d\u2019activit\u00e9 et de relaxation.<\/p>\n\n\n\n<p>\u2702\ufe0f <strong>Id\u00e9es cr\u00e9atives<\/strong> : \ud83d\udd14 Utiliser une <strong>alarme douce<\/strong> ou une <strong>sonnerie<\/strong> \ud83d\udce3 pour signaler les transitions entre les activit\u00e9s.<\/p>\n<\/div>\n<\/div>\n\n\n\n<p>Des outils \u00e0 nous partager ?&nbsp;<a href=\"https:\/\/api-lux.be\/index.php\/contact\/\">Cliquez ici<\/a><\/p>\n","protected":false},"excerpt":{"rendered":"<p>\ud83d\udcc5 Organisation &#8211; adaptation p\u00e9dagogique du quotidien &#8211; Faciliter l&rsquo;acc\u00e8s et renforcer la pr\u00e9visibilit\u00e9 des horaires pour aider le jeune \u00e0 devenir plus autonome et fiable dans son organisation.<\/p>\n","protected":false},"author":6,"featured_media":0,"comment_status":"closed","ping_status":"closed","sticky":false,"template":"","format":"standard","meta":{"iawp_total_views":0,"footnotes":""},"categories":[10,28,4,27,18,9,5,8,12,46,48,47,20],"tags":[],"class_list":["post-667","post","type-post","status-publish","format-standard","hentry","category-amenagement-environnement","category-autonomie-et-responsabilisation","category-besoins","category-besoins-daccomplissement","category-besoins-destime","category-besoins-de-securite","category-besoins-physiologiques","category-bien-etre","category-cadre-et-limites","category-fiches-outils","category-fiches-outils-pour-les-aidants-proches","category-fiches-outils-pour-les-professionnels","category-individualisation"],"_links":{"self":[{"href":"https:\/\/api-lux.be\/index.php\/wp-json\/wp\/v2\/posts\/667","targetHints":{"allow":["GET"]}}],"collection":[{"href":"https:\/\/api-lux.be\/index.php\/wp-json\/wp\/v2\/posts"}],"about":[{"href":"https:\/\/api-lux.be\/index.php\/wp-json\/wp\/v2\/types\/post"}],"author":[{"embeddable":true,"href":"https:\/\/api-lux.be\/index.php\/wp-json\/wp\/v2\/users\/6"}],"replies":[{"embeddable":true,"href":"https:\/\/api-lux.be\/index.php\/wp-json\/wp\/v2\/comments?post=667"}],"version-history":[{"count":8,"href":"https:\/\/api-lux.be\/index.php\/wp-json\/wp\/v2\/posts\/667\/revisions"}],"predecessor-version":[{"id":6319,"href":"https:\/\/api-lux.be\/index.php\/wp-json\/wp\/v2\/posts\/667\/revisions\/6319"}],"wp:attachment":[{"href":"https:\/\/api-lux.be\/index.php\/wp-json\/wp\/v2\/media?parent=667"}],"wp:term":[{"taxonomy":"category","embeddable":true,"href":"https:\/\/api-lux.be\/index.php\/wp-json\/wp\/v2\/categories?post=667"},{"taxonomy":"post_tag","embeddable":true,"href":"https:\/\/api-lux.be\/index.php\/wp-json\/wp\/v2\/tags?post=667"}],"curies":[{"name":"wp","href":"https:\/\/api.w.org\/{rel}","templated":true}]}}