{"id":666,"date":"2025-02-14T11:36:55","date_gmt":"2025-02-14T10:36:55","guid":{"rendered":"http:\/\/localhost\/mdi_w\/?p=666"},"modified":"2025-07-01T15:04:27","modified_gmt":"2025-07-01T13:04:27","slug":"media-creatif","status":"publish","type":"post","link":"https:\/\/api-lux.be\/index.php\/2025\/02\/14\/media-creatif\/","title":{"rendered":"M\u00e9dias cr\u00e9atifs"},"content":{"rendered":"\n<div class=\"wp-block-columns is-layout-flex wp-container-core-columns-is-layout-9d6595d7 wp-block-columns-is-layout-flex\">\n<div class=\"wp-block-column is-layout-flow wp-block-column-is-layout-flow\">\n<figure class=\"wp-block-image size-full\"><img decoding=\"async\" src=\"https:\/\/api-lux.be\/wp-content\/uploads\/2025\/02\/media_crea.jpg\" alt=\" \" class=\"wp-image-202\"\/><\/figure>\n<\/div>\n\n\n\n<div class=\"wp-block-column is-layout-flow wp-block-column-is-layout-flow\">\n<p>\ud83e\uddd1\u200d\u2695\ufe0f <strong>Outil professionnel d\u2019accompagnement sp\u00e9cialis\u00e9<\/strong>&nbsp; &#8211; Utiliser l\u2019art, la musique, l\u2019\u00e9criture ou le th\u00e9\u00e2tre pour faciliter l\u2019expression personnelle et renforcer la communication.<\/p>\n\n\n\n<!--more-->\n\n\n\n<h2 class=\"wp-block-heading\">Public cible<\/h2>\n\n\n\n<p>Tout public.<\/p>\n<\/div>\n<\/div>\n\n\n\n<h2 class=\"wp-block-heading\">Descriptif de l&rsquo;outil<\/h2>\n\n\n\n<p>\ud83c\udfad Les <strong>m\u00e9dias cr\u00e9atifs<\/strong> regroupent des activit\u00e9s comme le <strong>dessin, la peinture, la musique, l\u2019\u00e9criture, la vid\u00e9o ou encore le th\u00e9\u00e2tre<\/strong>.<br>\ud83c\udfb5 Ils permettent \u00e0 chacun de <strong>s\u2019exprimer autrement<\/strong>, de lib\u00e9rer ses \u00e9motions, et de partager ses id\u00e9es dans un cadre s\u00e9curisant et respectueux.<br>\ud83d\udca1 En favorisant la <strong>cr\u00e9ativit\u00e9<\/strong>, ces outils facilitent aussi <strong>l\u2019apprentissage<\/strong> et la prise de confiance.<\/p>\n\n\n\n<p>\ud83e\udde9 Les m\u00e9dias cr\u00e9atifs servent souvent d\u2019<strong>interm\u00e9diaires<\/strong>, notamment pour les jeunes en difficult\u00e9, afin de parler de leurs ressentis de mani\u00e8re moins directe.<\/p>\n\n\n\n<p>\ud83d\udccc <strong>Exemple concret<\/strong> :<br>\u00c0 l\u2019IMP La Providence, les jeunes utilisent la <strong>po\u00e9sie<\/strong>, qu\u2019ils <strong>mettent en musique<\/strong> (<a href=\"https:\/\/www.implaprovidence.be\/index.php\/providence-band\" target=\"_blank\" rel=\"noreferrer noopener\">Providence Band<\/a>), pour exprimer leurs \u00e9motions.<br>\ud83c\udfb6 Cette approche ouvre la discussion autour de sujets sensibles, sans jugement.<br>\ud83d\udde3\ufe0f Comme le partage Thomas<strong> Robert<\/strong>, \u00e9ducateur sp\u00e9cialis\u00e9 : <em>\u00ab Devant ces expressions libres, parfois tr\u00e8s personnelles, nous ne voyons jamais de moqueries ou de critiques entre les jeunes eux-m\u00eames, ce qui est assez int\u00e9ressant. \u00bb<\/em><\/p>\n\n\n\n<div class=\"wp-block-columns is-layout-flex wp-container-core-columns-is-layout-9d6595d7 wp-block-columns-is-layout-flex\">\n<div class=\"wp-block-column is-layout-flow wp-block-column-is-layout-flow\">\n<h2 class=\"wp-block-heading\">Objectif(s) d&rsquo;utilisation<\/h2>\n\n\n\n<p>\ud83d\udca1 <strong>Objectifs principaux<\/strong> :<\/p>\n\n\n\n<ul class=\"wp-block-list\">\n<li>\ud83c\udfa8 Faciliter l\u2019<strong>expression personnelle<\/strong> \u00e0 travers l\u2019art ;<\/li>\n\n\n\n<li>\ud83d\udee0\ufe0f Offrir des <strong>outils accessibles<\/strong> pour exprimer ses \u00e9motions et ses id\u00e9es ;<\/li>\n\n\n\n<li>\ud83d\ude80 Lib\u00e9rer la <strong>cr\u00e9ativit\u00e9<\/strong> ;<\/li>\n\n\n\n<li>\ud83d\udde3\ufe0f Encourager la <strong>communication<\/strong> entre participants autour des cr\u00e9ations ;<\/li>\n\n\n\n<li>\ud83e\udd1d Cr\u00e9er un <strong>espace d\u2019\u00e9coute et de partage<\/strong>, propice \u00e0 la d\u00e9couverte de soi et des autres.<\/li>\n<\/ul>\n\n\n\n<p>\ud83d\udcf1 <strong>Objectifs transversaux<\/strong> :<\/p>\n\n\n\n<ul class=\"wp-block-list\">\n<li>\ud83c\udf1f D\u00e9veloppement de <strong>l\u2019estime de soi<\/strong> ;<\/li>\n\n\n\n<li>\ud83c\udfc5 Valorisation des <strong>talents individuels<\/strong> ;<\/li>\n\n\n\n<li>\ud83e\udde0 Stimulation <strong>cognitive et \u00e9motionnelle<\/strong> ;<\/li>\n\n\n\n<li>\ud83e\udd17 Renforcement des <strong>comp\u00e9tences sociales<\/strong>.<\/li>\n<\/ul>\n<\/div>\n\n\n\n<div class=\"wp-block-column is-vertically-aligned-top is-layout-flow wp-block-column-is-layout-flow\">\n<h2 class=\"wp-block-heading\">Variantes \u2013 Am\u00e9nagements<\/h2>\n\n\n\n<p>\ud83d\udcac <strong>Selon le profil des participants<\/strong> :<\/p>\n\n\n\n<ul class=\"wp-block-list\">\n<li>\ud83c\udfa8 Proposer diff\u00e9rents <strong>supports<\/strong> : \u00e9criture libre, collage, slam, th\u00e9\u00e2tre d\u2019ombres, vid\u00e9o, modelage, etc. ;<\/li>\n\n\n\n<li>\ud83d\udccf Varier les <strong>formats<\/strong> : expression individuelle, cr\u00e9ations collectives, exposition, performance.<\/li>\n<\/ul>\n\n\n\n<p>\u2702\ufe0f <strong>Id\u00e9es compl\u00e9mentaires<\/strong> :<\/p>\n\n\n\n<ul class=\"wp-block-list\">\n<li>\ud83d\udcd6 Cr\u00e9er un <strong>carnet artistique personnel<\/strong> ou un <strong>journal cr\u00e9atif<\/strong> ;<\/li>\n\n\n\n<li>\ud83c\udfa4 Organiser un petit moment de <strong>restitution<\/strong> (exposition, lecture \u00e0 voix haute, concert) pour <strong>valoriser les productions<\/strong> ;<\/li>\n\n\n\n<li>\ud83e\uddf5 Associer ces outils \u00e0 un <strong>projet de groupe<\/strong> ou \u00e0 un <strong>fil conducteur th\u00e9matique<\/strong> (saisons, \u00e9motions, souvenirs\u2026).<\/li>\n<\/ul>\n<\/div>\n<\/div>\n\n\n\n<h2 class=\"wp-block-heading\">Liens utiles<\/h2>\n\n\n\n<p><strong>\ud83d\udcf0 ARTICLE<\/strong> \u200b<a href=\"https:\/\/wikiwiph.aviq.be\/Pages\/Art-et-handicap.aspx\" target=\"_blank\" rel=\"noreferrer noopener\">Art et handicap \u2013 Wikiwiph (AVIQ)<\/a><br>Une page d\u00e9di\u00e9e \u00e0 la reconnaissance croissante des artistes en situation de handicap, mettant en lumi\u00e8re leur contribution au monde de l&rsquo;art et les initiatives favorisant leur inclusion.<\/p>\n\n\n\n<p>\ud83d\udcc4 <strong>DOCUMENT PDF<\/strong> \u200b<a href=\"https:\/\/pourlasolidarite.eu\/wp-content\/uploads\/2014\/11\/na-2014-art-handicap-belgique.pdf\" target=\"_blank\" rel=\"noreferrer noopener\">Art et handicap en Communaut\u00e9 fran\u00e7aise de Belgique : bonnes pratiques \u2013 Pour la Solidarit\u00e9<\/a><br>Un guide publi\u00e9 en 2014 dans le cadre du projet europ\u00e9en <em>Art for All<\/em>, identifiant les obstacles \u00e0 l&rsquo;acc\u00e8s \u00e0 l&rsquo;art pour les personnes en situation de handicap mental ou psychique en Belgique francophone, et proposant des recommandations et exemples de bonnes pratiques pour favoriser leur inclusion artistique.<\/p>\n\n\n\n<p>Des outils \u00e0 nous partager ?&nbsp;<a href=\"https:\/\/api-lux.be\/index.php\/contact\/\">Cliquez ici<\/a><\/p>\n","protected":false},"excerpt":{"rendered":"<p>\ud83e\uddd1\u200d\u2695\ufe0f Outil professionnel d\u2019accompagnement sp\u00e9cialis\u00e9&nbsp; &#8211; Utiliser l\u2019art, la musique, l\u2019\u00e9criture ou le th\u00e9\u00e2tre pour faciliter l\u2019expression personnelle et renforcer la communication.<\/p>\n","protected":false},"author":6,"featured_media":0,"comment_status":"closed","ping_status":"closed","sticky":false,"template":"","format":"standard","meta":{"iawp_total_views":2,"footnotes":""},"categories":[4,18,5,8,46,48,47,19,20,7,21],"tags":[],"class_list":["post-666","post","type-post","status-publish","format-standard","hentry","category-besoins","category-besoins-destime","category-besoins-physiologiques","category-bien-etre","category-fiches-outils","category-fiches-outils-pour-les-aidants-proches","category-fiches-outils-pour-les-professionnels","category-gestion-des-emotions","category-individualisation","category-soin-pistes-et-outils-professionnels","category-valorisation-confiance"],"_links":{"self":[{"href":"https:\/\/api-lux.be\/index.php\/wp-json\/wp\/v2\/posts\/666","targetHints":{"allow":["GET"]}}],"collection":[{"href":"https:\/\/api-lux.be\/index.php\/wp-json\/wp\/v2\/posts"}],"about":[{"href":"https:\/\/api-lux.be\/index.php\/wp-json\/wp\/v2\/types\/post"}],"author":[{"embeddable":true,"href":"https:\/\/api-lux.be\/index.php\/wp-json\/wp\/v2\/users\/6"}],"replies":[{"embeddable":true,"href":"https:\/\/api-lux.be\/index.php\/wp-json\/wp\/v2\/comments?post=666"}],"version-history":[{"count":16,"href":"https:\/\/api-lux.be\/index.php\/wp-json\/wp\/v2\/posts\/666\/revisions"}],"predecessor-version":[{"id":7830,"href":"https:\/\/api-lux.be\/index.php\/wp-json\/wp\/v2\/posts\/666\/revisions\/7830"}],"wp:attachment":[{"href":"https:\/\/api-lux.be\/index.php\/wp-json\/wp\/v2\/media?parent=666"}],"wp:term":[{"taxonomy":"category","embeddable":true,"href":"https:\/\/api-lux.be\/index.php\/wp-json\/wp\/v2\/categories?post=666"},{"taxonomy":"post_tag","embeddable":true,"href":"https:\/\/api-lux.be\/index.php\/wp-json\/wp\/v2\/tags?post=666"}],"curies":[{"name":"wp","href":"https:\/\/api.w.org\/{rel}","templated":true}]}}