{"id":665,"date":"2025-03-13T11:36:55","date_gmt":"2025-03-13T10:36:55","guid":{"rendered":"http:\/\/localhost\/mdi_w\/?p=665"},"modified":"2025-07-01T13:25:32","modified_gmt":"2025-07-01T11:25:32","slug":"mediation-animale","status":"publish","type":"post","link":"https:\/\/api-lux.be\/index.php\/2025\/03\/13\/mediation-animale\/","title":{"rendered":"M\u00e9diation animale"},"content":{"rendered":"\n<div class=\"wp-block-columns is-layout-flex wp-container-core-columns-is-layout-9d6595d7 wp-block-columns-is-layout-flex\">\n<div class=\"wp-block-column is-vertically-aligned-center is-layout-flow wp-block-column-is-layout-flow\"><div class=\"wp-block-image\">\n<figure class=\"aligncenter size-large\"><img loading=\"lazy\" decoding=\"async\" width=\"1024\" height=\"683\" src=\"https:\/\/api-lux.be\/wp-content\/uploads\/2025\/03\/pexels-farhan-alkhaled-1332401-12378208-1024x683.jpg\" alt=\"\" class=\"wp-image-2970\" srcset=\"https:\/\/api-lux.be\/wp-content\/uploads\/2025\/03\/pexels-farhan-alkhaled-1332401-12378208-1024x683.jpg 1024w, https:\/\/api-lux.be\/wp-content\/uploads\/2025\/03\/pexels-farhan-alkhaled-1332401-12378208-300x200.jpg 300w, https:\/\/api-lux.be\/wp-content\/uploads\/2025\/03\/pexels-farhan-alkhaled-1332401-12378208-768x512.jpg 768w, https:\/\/api-lux.be\/wp-content\/uploads\/2025\/03\/pexels-farhan-alkhaled-1332401-12378208-1536x1024.jpg 1536w, https:\/\/api-lux.be\/wp-content\/uploads\/2025\/03\/pexels-farhan-alkhaled-1332401-12378208-2048x1365.jpg 2048w\" sizes=\"auto, (max-width: 1024px) 100vw, 1024px\" \/><\/figure>\n<\/div><\/div>\n\n\n\n<div class=\"wp-block-column is-layout-flow wp-block-column-is-layout-flow\">\n<p>\ud83e\uddd1\u200d\u2695\ufe0f <strong>Outil professionnel d\u2019accompagnement sp\u00e9cialis\u00e9<\/strong>&nbsp; &#8211; Utiliser la relation entre l\u2019humain et l\u2019animal pour favoriser le bien-\u00eatre global (physique, mental et \u00e9motionnel).<\/p>\n\n\n\n<!--more-->\n\n\n\n<h2 class=\"wp-block-heading\">\u00c2ge cible<\/h2>\n\n\n\n<p>\u00c0 partir de 3 ans.<\/p>\n<\/div>\n<\/div>\n\n\n\n<h2 class=\"wp-block-heading\">Descriptif de l&rsquo;outil<\/h2>\n\n\n\n<p>\ud83d\udd0d <em>La m\u00e9diation animale est une forme de th\u00e9rapie compl\u00e9mentaire aux approches plus classiques comme la psychologie, la psychomotricit\u00e9 ou la kin\u00e9sith\u00e9rapie.<\/em><\/p>\n\n\n\n<p>\ud83d\udc3e Elle se pratique en individuel ou en petit groupe, avec un animal familier (ex. : chien, chat\u2026) soigneusement choisi et form\u00e9 par un professionnel.<br>\ud83c\udfe0 Les s\u00e9ances peuvent avoir lieu dans un lieu connu de l\u2019enfant (domicile, \u00e9cole, institution\u2026) ou dans un cadre d\u00e9di\u00e9, comme un centre \u00e9questre (ex. : hippoth\u00e9rapie).<\/p>\n\n\n\n<p>\ud83d\udcac Le but est de provoquer des r\u00e9actions positives chez la personne : sur le plan <strong>cognitif, physique, affectif ou social<\/strong>. L\u2019animal agit comme un <strong>m\u00e9diateur naturel<\/strong>, facilitant l\u2019\u00e9change et la progression.<\/p>\n\n\n\n<p>\ud83d\udc6a Ce type d\u2019accompagnement s\u2019adapte \u00e0 des objectifs vari\u00e9s : pr\u00e9ventifs, th\u00e9rapeutiques ou simplement pour le plaisir et la d\u00e9tente.<\/p>\n\n\n\n<h2 class=\"wp-block-heading\">\ud83e\udde0 Bienfaits attendus et observ\u00e9s<\/h2>\n\n\n\n<p>\ud83e\udd1d <strong>Sur le plan relationnel<\/strong><br>\u2013 L\u2019animal permet \u00e0 l\u2019enfant d\u2019exprimer ses \u00e9motions sans crainte d\u2019\u00eatre jug\u00e9.<br>\u2013 Il favorise la communication (verbale et non verbale) et stimule la curiosit\u00e9.<br>\u2013 Le jeune se sent utile, responsable et valoris\u00e9.<br>\ud83d\udde3\ufe0f <em>\u00ab L\u2019animal est un confident sans jugement, qui nous accepte tel que l\u2019on est. \u00bb<\/em><br>\ud83d\udc68\u200d\ud83d\udc69\u200d\ud83d\udc67\u200d\ud83d\udc66 Les s\u00e9ances en groupe permettent de cr\u00e9er du lien, de renforcer la coh\u00e9sion et de partager un moment collectif.<\/p>\n\n\n\n<p>\ud83d\udcaa <strong>Sur le plan moteur et du langage<\/strong><br>\u2013 La m\u00e9diation animale soutient la progression de la <strong>motricit\u00e9 fine et globale<\/strong>.<br>\u2013 Elle aide \u00e0 travailler le <strong>langage<\/strong>, notamment au niveau de la bouche et de la respiration.<br>\u2013 Elle renforce la coordination et la concentration.<\/p>\n\n\n\n<p>\ud83d\udcda <strong>Sur le plan p\u00e9dagogique<\/strong><br>\u2013 L\u2019enfant prend conscience de son corps et de ses besoins.<br>\u2013 Il apprend \u00e0 <strong>prendre soin<\/strong> d\u2019un autre \u00eatre vivant et, par effet miroir, de lui-m\u00eame.<\/p>\n\n\n\n<div class=\"wp-block-columns is-layout-flex wp-container-core-columns-is-layout-9d6595d7 wp-block-columns-is-layout-flex\">\n<div class=\"wp-block-column is-layout-flow wp-block-column-is-layout-flow\">\n<h2 class=\"wp-block-heading\">Objectif(s) d&rsquo;utilisation<\/h2>\n\n\n\n<ul class=\"wp-block-list\">\n<li>\ud83d\udca1 <strong>Objectifs principaux<\/strong> :<\/li>\n<\/ul>\n\n\n\n<p>\u2728 \u00c9veiller des <strong>r\u00e9actions positives<\/strong> ;<\/p>\n\n\n\n<p>\ud83e\udde0 Am\u00e9liorer le <strong>bien-\u00eatre global<\/strong> (mental, physique, affectif, social) ;<\/p>\n\n\n\n<p>\ud83d\udde3\ufe0f D\u00e9velopper la <strong>communication<\/strong> et l\u2019<strong>estime de soi<\/strong> ;<\/p>\n\n\n\n<p>\ud83e\uddd8 R\u00e9duire le <strong>stress<\/strong> et favoriser la <strong>d\u00e9tente<\/strong> ;<\/p>\n\n\n\n<p>\ud83c\udfaf Am\u00e9liorer la <strong>motricit\u00e9<\/strong>, l\u2019<strong>attention<\/strong> et la <strong>concentration<\/strong>.<\/p>\n\n\n\n<ul class=\"wp-block-list\">\n<li>\ud83d\udcf1 <strong>Objectifs transversaux<\/strong> :<\/li>\n<\/ul>\n\n\n\n<p>\ud83c\udfaf Favoriser la <strong>responsabilisation<\/strong> ;<\/p>\n\n\n\n<p>\ud83d\ude80 D\u00e9velopper l&rsquo;<strong>autonomie<\/strong> ;<\/p>\n\n\n\n<p>\ud83c\udf1f Renforcer la <strong>valorisation personnelle<\/strong> ;<\/p>\n\n\n\n<p>\ud83e\udd1d Soutenir la <strong>coh\u00e9sion sociale<\/strong>.<\/p>\n<\/div>\n\n\n\n<div class=\"wp-block-column is-layout-flow wp-block-column-is-layout-flow\">\n<h2 class=\"wp-block-heading\">Liens utiles<\/h2>\n\n\n\n<p>Quelques adresses en Province de Luxembourg:<\/p>\n\n\n\n<ul class=\"wp-block-list\">\n<li>\u200b<a href=\"https:\/\/www.arlon-psy.be\/zoo-therapie-arlon-luxembourg.html\" target=\"_blank\" rel=\"noreferrer noopener\">Zooth\u00e9rapie \u00e0 Arlon \u2013 Centre de psychologie Arlon-Psy<\/a> &#8211; Une pr\u00e9sentation de la zooth\u00e9rapie comme approche th\u00e9rapeutique compl\u00e9mentaire, propos\u00e9e dans la r\u00e9gion d\u2019Arlon, pour accompagner enfants, adolescents et adultes dans un cadre bienveillant et structur\u00e9.\u200b<\/li>\n\n\n\n<li>\u200b<a href=\"https:\/\/www.lagattedor.be\/agenda-et-evenements\/voyage-au-pays-des-anes\/\" target=\"_blank\" rel=\"noreferrer noopener\">Voyage au pays des \u00e2nes \u2013 La Gatte d&rsquo;Or<\/a> &#8211; Une activit\u00e9 de m\u00e9diation asine propos\u00e9e \u00e0 Harsin (Belgique), combinant randonn\u00e9es avec des \u00e2nes et ateliers \u00e9ducatifs pour enfants et adultes, avec ou sans handicap.\u200b<\/li>\n\n\n\n<li>\u200b<a href=\"https:\/\/www.asinerie.be\/public-fragilise\/\" target=\"_blank\" rel=\"noreferrer noopener\">Public fragilis\u00e9 \u2013 Asinerie de l&rsquo;O<\/a><br>L\u2019Asinerie de l\u2019O, situ\u00e9e \u00e0 Habay-la-Vieille (Belgique), propose des activit\u00e9s de m\u00e9diation asine et d\u2019accompagnement pour les personnes en situation de fragilit\u00e9. Ses services incluent l\u2019asinom\u00e9diation, des promenades en attelage adapt\u00e9es aux personnes \u00e0 mobilit\u00e9 r\u00e9duite, ainsi que des programmes d\u2019accueil et de soutien psycho-social favorisant l\u2019autonomie et le bien-\u00eatre.<\/li>\n<\/ul>\n\n\n\n<p><br><br><\/p>\n<\/div>\n<\/div>\n","protected":false},"excerpt":{"rendered":"<p>\ud83e\uddd1\u200d\u2695\ufe0f Outil professionnel d\u2019accompagnement sp\u00e9cialis\u00e9&nbsp; &#8211; Utiliser la relation entre l\u2019humain et l\u2019animal pour favoriser le bien-\u00eatre global (physique, mental et \u00e9motionnel).<\/p>\n","protected":false},"author":6,"featured_media":0,"comment_status":"closed","ping_status":"closed","sticky":false,"template":"","format":"standard","meta":{"iawp_total_views":8,"footnotes":""},"categories":[4,22,18,5,8,46,48,47,19,25,26,6,7,21],"tags":[],"class_list":["post-665","post","type-post","status-publish","format-standard","hentry","category-besoins","category-besoins-cognitifs","category-besoins-destime","category-besoins-physiologiques","category-bien-etre","category-fiches-outils","category-fiches-outils-pour-les-aidants-proches","category-fiches-outils-pour-les-professionnels","category-gestion-des-emotions","category-materiel-specifique","category-outils-pedagogiques-pour-les-pro","category-sante-alimentation-sommeil-hygiene","category-soin-pistes-et-outils-professionnels","category-valorisation-confiance"],"_links":{"self":[{"href":"https:\/\/api-lux.be\/index.php\/wp-json\/wp\/v2\/posts\/665","targetHints":{"allow":["GET"]}}],"collection":[{"href":"https:\/\/api-lux.be\/index.php\/wp-json\/wp\/v2\/posts"}],"about":[{"href":"https:\/\/api-lux.be\/index.php\/wp-json\/wp\/v2\/types\/post"}],"author":[{"embeddable":true,"href":"https:\/\/api-lux.be\/index.php\/wp-json\/wp\/v2\/users\/6"}],"replies":[{"embeddable":true,"href":"https:\/\/api-lux.be\/index.php\/wp-json\/wp\/v2\/comments?post=665"}],"version-history":[{"count":13,"href":"https:\/\/api-lux.be\/index.php\/wp-json\/wp\/v2\/posts\/665\/revisions"}],"predecessor-version":[{"id":7665,"href":"https:\/\/api-lux.be\/index.php\/wp-json\/wp\/v2\/posts\/665\/revisions\/7665"}],"wp:attachment":[{"href":"https:\/\/api-lux.be\/index.php\/wp-json\/wp\/v2\/media?parent=665"}],"wp:term":[{"taxonomy":"category","embeddable":true,"href":"https:\/\/api-lux.be\/index.php\/wp-json\/wp\/v2\/categories?post=665"},{"taxonomy":"post_tag","embeddable":true,"href":"https:\/\/api-lux.be\/index.php\/wp-json\/wp\/v2\/tags?post=665"}],"curies":[{"name":"wp","href":"https:\/\/api.w.org\/{rel}","templated":true}]}}