{"id":6620,"date":"2025-05-19T10:49:46","date_gmt":"2025-05-19T08:49:46","guid":{"rendered":"https:\/\/api-lux.be\/?p=6620"},"modified":"2025-07-01T11:33:17","modified_gmt":"2025-07-01T09:33:17","slug":"reperer-et-valoriser-les-ressources-personnelles-du-jeune","status":"publish","type":"post","link":"https:\/\/api-lux.be\/index.php\/2025\/05\/19\/reperer-et-valoriser-les-ressources-personnelles-du-jeune\/","title":{"rendered":"Rep\u00e9rer et valoriser les ressources personnelles du jeune"},"content":{"rendered":"\n<div class=\"wp-block-columns is-layout-flex wp-container-core-columns-is-layout-9d6595d7 wp-block-columns-is-layout-flex\">\n<div class=\"wp-block-column is-layout-flow wp-block-column-is-layout-flow\"><div class=\"wp-block-image\">\n<figure class=\"aligncenter size-full is-resized\"><img loading=\"lazy\" decoding=\"async\" width=\"890\" height=\"501\" src=\"https:\/\/api-lux.be\/wp-content\/uploads\/2025\/05\/comment-reperer-et-cultiver-les-talents-de-mon-enfant.avif\" alt=\"\" class=\"wp-image-6621\" style=\"width:294px;height:auto\" srcset=\"https:\/\/api-lux.be\/wp-content\/uploads\/2025\/05\/comment-reperer-et-cultiver-les-talents-de-mon-enfant.avif 890w, https:\/\/api-lux.be\/wp-content\/uploads\/2025\/05\/comment-reperer-et-cultiver-les-talents-de-mon-enfant-300x169.avif 300w, https:\/\/api-lux.be\/wp-content\/uploads\/2025\/05\/comment-reperer-et-cultiver-les-talents-de-mon-enfant-768x432.avif 768w\" sizes=\"auto, (max-width: 890px) 100vw, 890px\" \/><\/figure>\n<\/div><\/div>\n\n\n\n<div class=\"wp-block-column is-layout-flow wp-block-column-is-layout-flow\">\n<p>\ud83e\ude84 <strong>Accompagner vers plus d\u2019autonomie et cultiver la singularit\u00e9 <\/strong>&#8211; Identifier les capacit\u00e9s, talents et points forts de chaque enfant pour renforcer sa confiance en lui et l\u2019aider \u00e0 d\u00e9passer ses difficult\u00e9s.<\/p>\n\n\n\n<h2 class=\"wp-block-heading\">Age cible (pour qui)<\/h2>\n\n\n\n<p>Pour tous.<\/p>\n<\/div>\n<\/div>\n\n\n\n<h2 class=\"wp-block-heading\">Descriptif de l&rsquo;outil<\/h2>\n\n\n\n<p>\u270f\ufe0f Cette d\u00e9marche \u00e9ducative consiste \u00e0 rep\u00e9rer et \u00e0 utiliser les comp\u00e9tences, ressources et qualit\u00e9s personnelles d\u2019un jeune pour l\u2019accompagner dans son d\u00e9veloppement, tout en tenant compte de ses freins et de ses particularit\u00e9s.<\/p>\n\n\n\n<p>Plut\u00f4t que de se centrer uniquement sur les difficult\u00e9s ou les manques, il s&rsquo;agit de mettre en avant les points forts \u2728 et les r\u00e9ussites \ud83d\udd06 du jeune, pour en faire des leviers d&rsquo;action \u00e9ducative. Ces ressources deviennent alors des appuis solides pour compenser ses fragilit\u00e9s, restaurer sa confiance et soutenir sa progression vers l&rsquo;autonomie et l\u2019inclusion sociale.<\/p>\n\n\n\n<p>\ud83d\udca1 Cette approche valorisante agit comme un moteur de motivation \ud83d\udca5 et permet d\u2019encourager l\u2019enfant \u00e0 s\u2019engager dans des situations nouvelles en s\u2019appuyant sur ce qu&rsquo;il ma\u00eetrise et ce qui le valorise.<\/p>\n\n\n\n<h2 class=\"wp-block-heading\">\ud83d\udc4c Mise en \u0153uvre<\/h2>\n\n\n\n<p><strong>1\ufe0f\u20e3  Rep\u00e9rage des ressources<\/strong><br>\u2192 Observer l\u2019enfant dans diff\u00e9rents contextes : activit\u00e9s scolaires, jeux, relations aux autres, situations informelles.<br>\u2192 Identifier ce qu\u2019il r\u00e9ussit, ce qui l\u2019int\u00e9resse, ce qui l\u2019apaise ou le motive.<\/p>\n\n\n\n<p><strong>2\ufe0f\u20e3  Valorisation et verbalisation<\/strong><br>\u2192 Nommer clairement les qualit\u00e9s et r\u00e9ussites observ\u00e9es :<br><em>\u201cTu as beaucoup d\u2019imagination quand tu racontes des histoires\u201d<\/em> ou <em>\u201cJ\u2019ai vu que tu aides facilement les autres quand ils en ont besoin\u201d<\/em>.<\/p>\n\n\n\n<p><strong>3\ufe0f\u20e3  Mobilisation des ressources<\/strong><br>\u2192 Utiliser ces points forts dans des situations o\u00f9 l\u2019enfant rencontre des difficult\u00e9s :<br><em>\u201cComme tu es \u00e0 l\u2019aise pour expliquer les r\u00e8gles aux autres, tu pourrais les rappeler au groupe aujourd\u2019hui.\u201d<\/em><\/p>\n\n\n\n<p><strong>4\ufe0f\u20e3  Cultiver et renforcer ces ressources<\/strong><br>\u2192 Proposer des activit\u00e9s qui les sollicitent et les d\u00e9veloppent.<br>\u2192 F\u00e9liciter les efforts et les progr\u00e8s.<\/p>\n\n\n\n<h2 class=\"wp-block-heading\">\ud83e\udde9 Exemples concrets<\/h2>\n\n\n\n<p>\ud83d\udd90\ufe0f <strong>Alex<\/strong>, 10 ans, en difficult\u00e9 pour \u00e9crire, mais tr\u00e8s \u00e0 l\u2019aise \u00e0 l\u2019oral : on lui propose de dicter ses histoires pour qu\u2019un adulte ou un outil num\u00e9rique les retranscrive, et il anime les pr\u00e9sentations de groupe.<\/p>\n\n\n\n<p>\ud83e\udde9 <strong>Le\u00efla<\/strong>, 13 ans, TSA, anxieuse en groupe mais excellente en dessins : ses productions illustrent les affiches de classe et les cartes d\u2019anniversaire pour les camarades.<\/p>\n\n\n\n<p>\u26bd <strong>Noa<\/strong>, 9 ans, TDAH, agit\u00e9 en classe mais capable de se concentrer pendant les jeux de ballon : on l\u2019encourage \u00e0 \u00eatre responsable du mat\u00e9riel de sport et \u00e0 animer des \u00e9chauffements collectifs.<\/p>\n\n\n\n<div class=\"wp-block-columns is-layout-flex wp-container-core-columns-is-layout-9d6595d7 wp-block-columns-is-layout-flex\">\n<div class=\"wp-block-column is-layout-flow wp-block-column-is-layout-flow\">\n<h2 class=\"wp-block-heading\">Objectif(s) d&rsquo;utilisation<\/h2>\n\n\n\n<p>\u2705 Identifier les comp\u00e9tences et ressources personnelles de l\u2019enfant.<br>\u2705 Valoriser ces points forts aupr\u00e8s du jeune et de son entourage \u00e9ducatif.<br>\u2705 Utiliser ces ressources comme appui dans les situations difficiles.<br>\u2705 Favoriser la confiance en soi et l\u2019estime personnelle.<br>\u2705 Renforcer l\u2019autonomie et la d\u00e9sirabilit\u00e9 sociale.<\/p>\n<\/div>\n\n\n\n<div class=\"wp-block-column is-layout-flow wp-block-column-is-layout-flow\">\n<h2 class=\"wp-block-heading\">Liens utiles<\/h2>\n\n\n\n<p>\ud83d\udcc4 <strong>ARTICLE:<\/strong> <a href=\"https:\/\/www.parents.fr\/etre-parent\/famille\/psycho-famille\/comment-reperer-et-cultiver-les-talents-de-mon-enfant-1059310\" target=\"_blank\" rel=\"noreferrer noopener\">Comment rep\u00e9rer et cultiver les talents de mon enfants<\/a> <br>Emilie Chan &#8211; site parents.fr<\/p>\n<\/div>\n<\/div>\n\n\n\n<p>Des outils \u00e0 nous partager ? <a href=\"https:\/\/api-lux.be\/index.php\/contact\/\">Cliquez ici<\/a><\/p>\n\n\n\n<p><\/p>\n","protected":false},"excerpt":{"rendered":"<p>\ud83e\ude84 Accompagner vers plus d\u2019autonomie et cultiver la singularit\u00e9 &#8211; Identifier les capacit\u00e9s, talents et points forts de chaque enfant pour renforcer sa confiance en lui et l\u2019aider \u00e0 d\u00e9passer [&hellip;]<\/p>\n","protected":false},"author":2,"featured_media":0,"comment_status":"closed","ping_status":"closed","sticky":false,"template":"","format":"standard","meta":{"iawp_total_views":18,"footnotes":""},"categories":[18,46,48,47,21],"tags":[],"class_list":["post-6620","post","type-post","status-publish","format-standard","hentry","category-besoins-destime","category-fiches-outils","category-fiches-outils-pour-les-aidants-proches","category-fiches-outils-pour-les-professionnels","category-valorisation-confiance"],"_links":{"self":[{"href":"https:\/\/api-lux.be\/index.php\/wp-json\/wp\/v2\/posts\/6620","targetHints":{"allow":["GET"]}}],"collection":[{"href":"https:\/\/api-lux.be\/index.php\/wp-json\/wp\/v2\/posts"}],"about":[{"href":"https:\/\/api-lux.be\/index.php\/wp-json\/wp\/v2\/types\/post"}],"author":[{"embeddable":true,"href":"https:\/\/api-lux.be\/index.php\/wp-json\/wp\/v2\/users\/2"}],"replies":[{"embeddable":true,"href":"https:\/\/api-lux.be\/index.php\/wp-json\/wp\/v2\/comments?post=6620"}],"version-history":[{"count":5,"href":"https:\/\/api-lux.be\/index.php\/wp-json\/wp\/v2\/posts\/6620\/revisions"}],"predecessor-version":[{"id":7602,"href":"https:\/\/api-lux.be\/index.php\/wp-json\/wp\/v2\/posts\/6620\/revisions\/7602"}],"wp:attachment":[{"href":"https:\/\/api-lux.be\/index.php\/wp-json\/wp\/v2\/media?parent=6620"}],"wp:term":[{"taxonomy":"category","embeddable":true,"href":"https:\/\/api-lux.be\/index.php\/wp-json\/wp\/v2\/categories?post=6620"},{"taxonomy":"post_tag","embeddable":true,"href":"https:\/\/api-lux.be\/index.php\/wp-json\/wp\/v2\/tags?post=6620"}],"curies":[{"name":"wp","href":"https:\/\/api.w.org\/{rel}","templated":true}]}}