{"id":661,"date":"2025-02-14T11:36:55","date_gmt":"2025-02-14T10:36:55","guid":{"rendered":"http:\/\/localhost\/mdi_w\/?p=661"},"modified":"2025-07-01T15:03:16","modified_gmt":"2025-07-01T13:03:16","slug":"creme-emla","status":"publish","type":"post","link":"https:\/\/api-lux.be\/index.php\/2025\/02\/14\/creme-emla\/","title":{"rendered":"Cr\u00e8me anesth\u00e9siante (style EMLA)"},"content":{"rendered":"\n<div class=\"wp-block-columns is-layout-flex wp-container-core-columns-is-layout-9d6595d7 wp-block-columns-is-layout-flex\">\n<div class=\"wp-block-column is-vertically-aligned-center is-layout-flow wp-block-column-is-layout-flow\"><div class=\"wp-block-image\">\n<figure class=\"aligncenter size-full is-resized\"><img decoding=\"async\" src=\"https:\/\/api-lux.be\/wp-content\/uploads\/2025\/02\/creme_emla.jpg\" alt=\" \" class=\"wp-image-202\" style=\"width:165px;height:auto\"\/><\/figure>\n<\/div><\/div>\n\n\n\n<div class=\"wp-block-column is-layout-flow wp-block-column-is-layout-flow\">\n<p>\ud83e\ude7a <strong>SOIN \u2013 SANTE<\/strong> &#8211; La cr\u00e8me anesth\u00e9siante locale soulage la douleur, m\u00eame pour les petits soins du quotidien.<\/p>\n\n\n\n<!--more-->\n\n\n\n<h2 class=\"wp-block-heading\">\u00c2ge cible<\/h2>\n\n\n\n<p>Tout \u00e2ge.<\/p>\n<\/div>\n<\/div>\n\n\n\n<h2 class=\"wp-block-heading\">Descriptif de l&rsquo;outil<\/h2>\n\n\n\n<p>La <strong>cr\u00e8me EMLA<\/strong> est un <strong>anesth\u00e9sique local<\/strong> (combinant lidoca\u00efne et priloca\u00efne), qui permet d\u2019engourdir temporairement la peau. Elle est id\u00e9ale pour att\u00e9nuer la douleur lors de <strong>petites proc\u00e9dures m\u00e9dicales<\/strong>, comme :<\/p>\n\n\n\n<ul class=\"wp-block-list\">\n<li>\ud83d\udc89 <strong>les injections<\/strong>,<\/li>\n\n\n\n<li>\ud83e\ude78 <strong>les prises de sang<\/strong>,<\/li>\n\n\n\n<li>\ud83e\ude7a ou de <strong>l\u00e9g\u00e8res interventions chirurgicales<\/strong>.<\/li>\n<\/ul>\n\n\n\n<p>Elle est particuli\u00e8rement pr\u00e9cieuse pour les <strong>enfants anxieux ou en situation de handicap<\/strong>, notamment en cas de <strong>d\u00e9ficience intellectuelle<\/strong>, car :<\/p>\n\n\n\n<ul class=\"wp-block-list\">\n<li>\ud83e\uddd8\u200d\u2640\ufe0f elle <strong>diminue l\u2019anxi\u00e9t\u00e9<\/strong> li\u00e9e aux soins,<\/li>\n\n\n\n<li>\ud83e\udd1d et <strong>favorise la coop\u00e9ration<\/strong> lors des actes m\u00e9dicaux.<\/li>\n<\/ul>\n\n\n\n<p>\ud83d\udc49 En r\u00e9duisant l\u2019inconfort, elle rend l\u2019exp\u00e9rience <strong>moins stressante pour l\u2019enfant<\/strong> et plus fluide pour les professionnels.<\/p>\n\n\n\n<p>\u26a0\ufe0f <em>Remarque :<\/em> Plusieurs marques de cr\u00e8mes anesth\u00e9siantes existent. Celle-ci est cit\u00e9e \u00e0 titre <strong>d\u2019exemple connu<\/strong>, sans vis\u00e9e commerciale<\/p>\n\n\n\n<p><strong>\ud83d\udca1 Lien utile :<\/strong> D&rsquo;autres trucs et astuces facilitant les soins de sant\u00e9 pour les enfants sont disponibles sur le site <a href=\"https:\/\/www.sparadrap.org\" target=\"_blank\" rel=\"noreferrer noopener\">https:\/\/www.sparadrap.org<\/a><\/p>\n\n\n\n<div class=\"wp-block-columns is-layout-flex wp-container-core-columns-is-layout-9d6595d7 wp-block-columns-is-layout-flex\">\n<div class=\"wp-block-column is-layout-flow wp-block-column-is-layout-flow\">\n<h2 class=\"wp-block-heading\">Objectif(s) d&rsquo;utilisation<\/h2>\n\n\n\n<p>\u2744\ufe0f <strong>Diminuer la douleur per\u00e7ue<\/strong> lors d\u2019un soin m\u00e9dical.<\/p>\n\n\n\n<p>\ud83c\udf08 <strong>Installer un cadre rassurant<\/strong> et apais\u00e9 pour les enfants, afin de faciliter les soins de sant\u00e9.<\/p>\n\n\n\n<p>\ud83d\udc42 <strong>Renforcer l\u2019\u00e9coute des besoins sensoriels<\/strong> des enfants et am\u00e9liorer l\u2019approche des professionnels.<\/p>\n<\/div>\n<\/div>\n\n\n\n<p>Des outils \u00e0 nous partager ?&nbsp;<a href=\"https:\/\/api-lux.be\/index.php\/contact\/\">Cliquez ici<\/a><\/p>\n","protected":false},"excerpt":{"rendered":"<p>\ud83e\ude7a SOIN \u2013 SANTE &#8211; La cr\u00e8me anesth\u00e9siante locale soulage la douleur, m\u00eame pour les petits soins du quotidien.<\/p>\n","protected":false},"author":6,"featured_media":0,"comment_status":"closed","ping_status":"closed","sticky":false,"template":"","format":"standard","meta":{"iawp_total_views":4,"footnotes":""},"categories":[22,46,48,47,25],"tags":[],"class_list":["post-661","post","type-post","status-publish","format-standard","hentry","category-besoins-cognitifs","category-fiches-outils","category-fiches-outils-pour-les-aidants-proches","category-fiches-outils-pour-les-professionnels","category-materiel-specifique"],"_links":{"self":[{"href":"https:\/\/api-lux.be\/index.php\/wp-json\/wp\/v2\/posts\/661","targetHints":{"allow":["GET"]}}],"collection":[{"href":"https:\/\/api-lux.be\/index.php\/wp-json\/wp\/v2\/posts"}],"about":[{"href":"https:\/\/api-lux.be\/index.php\/wp-json\/wp\/v2\/types\/post"}],"author":[{"embeddable":true,"href":"https:\/\/api-lux.be\/index.php\/wp-json\/wp\/v2\/users\/6"}],"replies":[{"embeddable":true,"href":"https:\/\/api-lux.be\/index.php\/wp-json\/wp\/v2\/comments?post=661"}],"version-history":[{"count":14,"href":"https:\/\/api-lux.be\/index.php\/wp-json\/wp\/v2\/posts\/661\/revisions"}],"predecessor-version":[{"id":7826,"href":"https:\/\/api-lux.be\/index.php\/wp-json\/wp\/v2\/posts\/661\/revisions\/7826"}],"wp:attachment":[{"href":"https:\/\/api-lux.be\/index.php\/wp-json\/wp\/v2\/media?parent=661"}],"wp:term":[{"taxonomy":"category","embeddable":true,"href":"https:\/\/api-lux.be\/index.php\/wp-json\/wp\/v2\/categories?post=661"},{"taxonomy":"post_tag","embeddable":true,"href":"https:\/\/api-lux.be\/index.php\/wp-json\/wp\/v2\/tags?post=661"}],"curies":[{"name":"wp","href":"https:\/\/api.w.org\/{rel}","templated":true}]}}