{"id":660,"date":"2025-02-14T11:36:55","date_gmt":"2025-02-14T10:36:55","guid":{"rendered":"http:\/\/localhost\/mdi_w\/?p=660"},"modified":"2025-07-01T15:03:04","modified_gmt":"2025-07-01T13:03:04","slug":"creth","status":"publish","type":"post","link":"https:\/\/api-lux.be\/index.php\/2025\/02\/14\/creth\/","title":{"rendered":"CRETH (Centre de Ressources et d\u2019\u00c9valuation des Technologies pour les personnes Handicap\u00e9es.)"},"content":{"rendered":"\n<div class=\"wp-block-columns is-layout-flex wp-container-core-columns-is-layout-9d6595d7 wp-block-columns-is-layout-flex\">\n<div class=\"wp-block-column is-vertically-aligned-center is-layout-flow wp-block-column-is-layout-flow\"><div class=\"wp-block-image\">\n<figure class=\"aligncenter size-full is-resized\"><img loading=\"lazy\" decoding=\"async\" width=\"256\" height=\"121\" src=\"https:\/\/api-lux.be\/wp-content\/uploads\/2025\/02\/creth-logo-def.png\" alt=\"\" class=\"wp-image-1372\" style=\"width:384px;height:auto\"\/><\/figure>\n<\/div><\/div>\n\n\n\n<div class=\"wp-block-column is-layout-flow wp-block-column-is-layout-flow\">\n<p>\ud83d\udcac <strong>Communication<\/strong> &#8211; Centre de Ressources et d\u2019\u00c9valuation des Technologies pour les personnes Handicap\u00e9es. Situ\u00e9 \u00e0 Namur, il est actif dans toute la Wallonie.<\/p>\n\n\n\n<!--more-->\n\n\n\n<h2 class=\"wp-block-heading\">\u00c2ge cible<\/h2>\n\n\n\n<p>Toute personne, de \u2013 de 65 ans, r\u00e9sidant en r\u00e9gion wallonne, et pr\u00e9sentant un ou plusieurs handicaps<\/p>\n\n\n\n<p>Toute personne, de + de 65 ans, r\u00e9sidant en r\u00e9gion wallonne, et disposant d\u2019un num\u00e9ro AVIQ<\/p>\n<\/div>\n<\/div>\n\n\n\n<h2 class=\"wp-block-heading\">Descriptif de l&rsquo;outil<\/h2>\n\n\n\n<p>Le <strong>CRETH<\/strong> est une organisation belge reconnue par l&rsquo;AVIQ (Agence pour une Vie de Qualit\u00e9), qui <strong>accompagne les personnes en situation de handicap<\/strong> dans le choix et l\u2019int\u00e9gration de <strong>technologies adapt\u00e9es<\/strong> \u00e0 leurs besoins. Il intervient dans les domaines suivants :<\/p>\n\n\n\n<ul class=\"wp-block-list\">\n<li>\ud83e\uddd0 <strong>\u00c9valuation des besoins<\/strong> : analyse des besoins individuels pour recommander des solutions technologiques adapt\u00e9es.<\/li>\n\n\n\n<li>\ud83d\udca1 <strong>Aide mat\u00e9rielle<\/strong> : possibilit\u00e9 d\u2019introduire des demandes de financement pour des \u00e9quipements sp\u00e9cialis\u00e9s.<\/li>\n\n\n\n<li>\ud83d\udcf1 <strong>Promotion de la technologie grand public<\/strong> : smartphones, tablettes, et autres technologies pour favoriser l\u2019autonomie.<\/li>\n\n\n\n<li>\ud83c\udf93 <strong>Formations<\/strong> : accompagnement sur l\u2019utilisation de la communication alternative et am\u00e9lior\u00e9e dans le cadre scolaire, notamment pour les \u00e9l\u00e8ves en situation de handicap.<\/li>\n\n\n\n<li>\ud83d\udcda <strong>Partage de ressources<\/strong> : la cha\u00eene YouTube <strong>\u00ab\u00a0CRETH Formations\u00a0\u00bb<\/strong> propose des tutoriels et guides pratiques sur les technologies adapt\u00e9es.<\/li>\n<\/ul>\n\n\n\n<div class=\"wp-block-columns is-layout-flex wp-container-core-columns-is-layout-9d6595d7 wp-block-columns-is-layout-flex\">\n<div class=\"wp-block-column is-layout-flow wp-block-column-is-layout-flow\">\n<h2 class=\"wp-block-heading\">Objectif(s) d&rsquo;utilisation<\/h2>\n\n\n\n<p>\ud83d\udccb <strong>\u00c9valuer les besoins<\/strong> des personnes handicap\u00e9es pour recommander des technologies d\u2019assistance ad\u00e9quates.<br>\ud83d\udd27 <strong>Promouvoir l&rsquo;autonomie<\/strong> en facilitant l\u2019acc\u00e8s \u00e0 des outils technologiques qui augmentent l\u2019ind\u00e9pendance.<br>\ud83c\udf93 <strong>Former et informer<\/strong> sur l\u2019utilisation des technologies pour am\u00e9liorer l\u2019int\u00e9gration scolaire et sociale des personnes handicap\u00e9es.<br>\ud83c\udf0d <strong>Encourager l\u2019inclusion<\/strong> des personnes handicap\u00e9es dans la soci\u00e9t\u00e9 gr\u00e2ce \u00e0 des solutions technologiques accessibles.<\/p>\n<\/div>\n\n\n\n<div class=\"wp-block-column is-layout-flow wp-block-column-is-layout-flow\">\n<h2 class=\"wp-block-heading\">Liens utiles<\/h2>\n\n\n\n<p>\ud83c\udf10 <strong>SITE INTERNET OFFICIEL<\/strong> <a href=\"https:\/\/creth.be\/\" target=\"_blank\" rel=\"noreferrer noopener\">CRETH<\/a><br>Centre belge sp\u00e9cialis\u00e9 dans l\u2019\u00e9valuation et le conseil en technologies d\u2019assistance pour personnes en situation de handicap, proposant \u00e9galement des formations et des ressources pratiques.<\/p>\n\n\n\n<p><br>\ud83c\udfa5 <strong>VID\u00c9O <\/strong><a href=\"https:\/\/www.youtube.com\/watch?v=bRfrKbpPGak\" target=\"_blank\" rel=\"noreferrer noopener\">Vid\u00e9o de pr\u00e9sentation du CRETH<\/a> \u2013 YouTube<br>Cette vid\u00e9o pr\u00e9sente les missions et les services du Centre de Ressources et d&rsquo;\u00c9valuation des Technologies pour les personnes Handicap\u00e9es (CRETH), un organisme belge sp\u00e9cialis\u00e9 dans l&rsquo;accompagnement des personnes en situation de handicap dans le choix et l&rsquo;utilisation de technologies d&rsquo;assistance.\u200b<\/p>\n<\/div>\n<\/div>\n\n\n\n<p>Des outils \u00e0 nous partager ?&nbsp;<a href=\"https:\/\/api-lux.be\/index.php\/contact\/\">Cliquez ici<\/a><\/p>\n","protected":false},"excerpt":{"rendered":"<p>\ud83d\udcac Communication &#8211; Centre de Ressources et d\u2019\u00c9valuation des Technologies pour les personnes Handicap\u00e9es. Situ\u00e9 \u00e0 Namur, il est actif dans toute la Wallonie.<\/p>\n","protected":false},"author":6,"featured_media":0,"comment_status":"closed","ping_status":"closed","sticky":false,"template":"","format":"standard","meta":{"iawp_total_views":1,"footnotes":""},"categories":[10,28,4,22,27,18,9,5,8,46,48,47,25,26,7,21],"tags":[],"class_list":["post-660","post","type-post","status-publish","format-standard","hentry","category-amenagement-environnement","category-autonomie-et-responsabilisation","category-besoins","category-besoins-cognitifs","category-besoins-daccomplissement","category-besoins-destime","category-besoins-de-securite","category-besoins-physiologiques","category-bien-etre","category-fiches-outils","category-fiches-outils-pour-les-aidants-proches","category-fiches-outils-pour-les-professionnels","category-materiel-specifique","category-outils-pedagogiques-pour-les-pro","category-soin-pistes-et-outils-professionnels","category-valorisation-confiance"],"_links":{"self":[{"href":"https:\/\/api-lux.be\/index.php\/wp-json\/wp\/v2\/posts\/660","targetHints":{"allow":["GET"]}}],"collection":[{"href":"https:\/\/api-lux.be\/index.php\/wp-json\/wp\/v2\/posts"}],"about":[{"href":"https:\/\/api-lux.be\/index.php\/wp-json\/wp\/v2\/types\/post"}],"author":[{"embeddable":true,"href":"https:\/\/api-lux.be\/index.php\/wp-json\/wp\/v2\/users\/6"}],"replies":[{"embeddable":true,"href":"https:\/\/api-lux.be\/index.php\/wp-json\/wp\/v2\/comments?post=660"}],"version-history":[{"count":12,"href":"https:\/\/api-lux.be\/index.php\/wp-json\/wp\/v2\/posts\/660\/revisions"}],"predecessor-version":[{"id":7825,"href":"https:\/\/api-lux.be\/index.php\/wp-json\/wp\/v2\/posts\/660\/revisions\/7825"}],"wp:attachment":[{"href":"https:\/\/api-lux.be\/index.php\/wp-json\/wp\/v2\/media?parent=660"}],"wp:term":[{"taxonomy":"category","embeddable":true,"href":"https:\/\/api-lux.be\/index.php\/wp-json\/wp\/v2\/categories?post=660"},{"taxonomy":"post_tag","embeddable":true,"href":"https:\/\/api-lux.be\/index.php\/wp-json\/wp\/v2\/tags?post=660"}],"curies":[{"name":"wp","href":"https:\/\/api.w.org\/{rel}","templated":true}]}}