{"id":658,"date":"2025-02-14T11:36:55","date_gmt":"2025-02-14T10:36:55","guid":{"rendered":"http:\/\/localhost\/mdi_w\/?p=658"},"modified":"2025-07-01T15:02:32","modified_gmt":"2025-07-01T13:02:32","slug":"l-univers-de-raph","status":"publish","type":"post","link":"https:\/\/api-lux.be\/index.php\/2025\/02\/14\/l-univers-de-raph\/","title":{"rendered":"Site internet : \u00ab\u00a0L&rsquo;univers de Raph\u00a0\u00bb"},"content":{"rendered":"\n<div class=\"wp-block-columns is-layout-flex wp-container-core-columns-is-layout-9d6595d7 wp-block-columns-is-layout-flex\">\n<div class=\"wp-block-column is-vertically-aligned-center is-layout-flow wp-block-column-is-layout-flow\"><div class=\"wp-block-image\">\n<figure class=\"aligncenter size-full\"><img decoding=\"async\" src=\"https:\/\/api-lux.be\/wp-content\/uploads\/2025\/02\/raph.jpg\" alt=\" \" class=\"wp-image-202\"\/><\/figure>\n<\/div><\/div>\n\n\n\n<div class=\"wp-block-column is-layout-flow wp-block-column-is-layout-flow\">\n<p>\ud83c\udfe2<strong> Ressources vari\u00e9es<\/strong> &#8211; Plateforme belge francophone recensant des solutions concr\u00e8tes pour accompagner les parents d\u2019enfants en situation de handicap de 0 \u00e0 18 ans.<\/p>\n\n\n\n<!--more-->\n\n\n\n<h2 class=\"wp-block-heading\">\u00c2ge cible<\/h2>\n\n\n\n<p>De 0 \u00e0 18 ans.<\/p>\n<\/div>\n<\/div>\n\n\n\n<h2 class=\"wp-block-heading\">Descriptif de l&rsquo;outil<\/h2>\n\n\n\n<p>\ud83d\udc6a <em>L\u2019univers de Raph<\/em> est une <strong>plateforme collaborative d\u00e9velopp\u00e9e par une ASBL belge<\/strong>, en partenariat \u00e9troit avec des parents concern\u00e9s.<br>\ud83c\udfaf Son objectif principal est de <strong>faciliter le quotidien<\/strong> des familles ayant un ou plusieurs enfants en situation de handicap, en Belgique francophone.<\/p>\n\n\n\n<p>\ud83d\udcbc L\u2019outil prend la forme d\u2019une <strong>\u00ab\u00a0bo\u00eete \u00e0 outils\u00a0\u00bb structur\u00e9e et \u00e9volutive<\/strong>, regroupant des ressources accessibles dans divers domaines de la vie quotidienne :<\/p>\n\n\n\n<ul class=\"wp-block-list\">\n<li>Activit\u00e9s et loisirs adapt\u00e9s<\/li>\n\n\n\n<li>Garde d\u2019enfants et accompagnement<\/li>\n\n\n\n<li>Acquisition de mat\u00e9riel sp\u00e9cialis\u00e9<\/li>\n\n\n\n<li>R\u00e9pit parental et aide administrative<\/li>\n\n\n\n<li>D\u00e9placements, vacances, cadeaux<\/li>\n\n\n\n<li>Rencontres familiales et engagement communautaire<\/li>\n<\/ul>\n\n\n\n<p>\ud83d\udd0d Chaque solution recens\u00e9e est valid\u00e9e par des retours de terrain et vise \u00e0 <strong>offrir des r\u00e9ponses concr\u00e8tes, locales et adapt\u00e9es aux besoins des familles<\/strong>.<\/p>\n\n\n\n<div class=\"wp-block-columns is-layout-flex wp-container-core-columns-is-layout-9d6595d7 wp-block-columns-is-layout-flex\">\n<div class=\"wp-block-column is-layout-flow wp-block-column-is-layout-flow\">\n<h2 class=\"wp-block-heading\">Objectif(s) d&rsquo;utilisation<\/h2>\n\n\n\n<p>\ud83d\udee0\ufe0f <strong>Offrir des outils pratiques<\/strong> aux parents d\u2019enfants en situation de handicap, pour all\u00e9ger la charge mentale et am\u00e9liorer leur organisation quotidienne.<\/p>\n\n\n\n<p>\ud83d\udccd <strong>Faciliter l\u2019acc\u00e8s aux ressources<\/strong> disponibles en Belgique francophone, en rendant l\u2019information plus lisible et centralis\u00e9e.<\/p>\n\n\n\n<p>\ud83d\udcac <strong>Cr\u00e9er un r\u00e9seau solidaire <\/strong>entre familles, services, associations et professionnels.<\/p>\n\n\n\n<p>\ud83e\udded <strong>Permettre aux familles de mieux s\u2019orienter,<\/strong> d\u2019agir en autonomie, et de faire des choix \u00e9clair\u00e9s pour le bien-\u00eatre de leur enfant.<\/p>\n\n\n\n<p><em>\ud83c\udf31 <strong>Favoriser une qualit\u00e9 de vie \u00e9quilibr\u00e9e<\/strong> pour toute la famille, en s\u2019appuyant sur des initiatives valid\u00e9es et pertinentes.<\/em><\/p>\n<\/div>\n\n\n\n<div class=\"wp-block-column is-layout-flow wp-block-column-is-layout-flow\">\n<h2 class=\"wp-block-heading\">Liens utiles<\/h2>\n\n\n\n<p>\ud83c\udf10 <strong>SITE INTERNET OFFICIEL<\/strong> <a href=\"https:\/\/www.luniversderaph.com\/\" target=\"_blank\" rel=\"noreferrer noopener\">L&rsquo;Univers de RAPH&rsquo;<\/a><br>Plateforme belge d\u00e9di\u00e9e aux parents d&rsquo;enfants en situation de handicap, proposant des ressources pratiques, des services et des outils pour le quotidien.<br><\/p>\n\n\n\n<p>\ud83d\udcf0 <strong>ARTICLE<\/strong> <a href=\"https:\/\/www.qu4tre.be\/info\/societe\/nouvel-outil-pour-aider-les-parents-denfants-porteurs-de-handicap\/1519045\" target=\"_blank\" rel=\"noreferrer noopener\">Nouvel outil pour aider les parents d&rsquo;enfants porteurs de handicap<\/a> \u2013 <em>QU4TRE<\/em>, 16 mai 2024.<br>Cet article pr\u00e9sente la plateforme digitale \u00ab\u00a0L&rsquo;Univers de RAPH'\u00a0\u00bb, d\u00e9velopp\u00e9e \u00e0 Li\u00e8ge par l&rsquo;ASBL du m\u00eame nom. Cette initiative vise \u00e0 offrir aux parents d&rsquo;enfants en situation de handicap un acc\u00e8s simplifi\u00e9 \u00e0 des services, aides et ressources adapt\u00e9s \u00e0 leurs besoins quotidiens.<a href=\"https:\/\/www.qu4tre.be\/info\/societe\/nouvel-outil-pour-aider-les-parents-denfants-porteurs-de-handicap\/1519045\n\"><br><\/a><\/p>\n<\/div>\n<\/div>\n\n\n\n<p>Des outils \u00e0 nous partager ?&nbsp;<a href=\"https:\/\/api-lux.be\/index.php\/contact\/\">Cliquez ici<\/a><\/p>\n","protected":false},"excerpt":{"rendered":"<p>\ud83c\udfe2 Ressources vari\u00e9es &#8211; Plateforme belge francophone recensant des solutions concr\u00e8tes pour accompagner les parents d\u2019enfants en situation de handicap de 0 \u00e0 18 ans.<\/p>\n","protected":false},"author":6,"featured_media":0,"comment_status":"closed","ping_status":"closed","sticky":false,"template":"","format":"standard","meta":{"iawp_total_views":5,"footnotes":""},"categories":[24,10,28,4,22,27,14,18,9,5,8,12,13,23,15,46,48,47,19,17,20,11,6,7,21,16],"tags":[],"class_list":["post-658","post","type-post","status-publish","format-standard","hentry","category-adaptation-des-apprentissages","category-amenagement-environnement","category-autonomie-et-responsabilisation","category-besoins","category-besoins-cognitifs","category-besoins-daccomplissement","category-besoins-dappartenance","category-besoins-destime","category-besoins-de-securite","category-besoins-physiologiques","category-bien-etre","category-cadre-et-limites","category-coherence","category-communication","category-famille-et-milieu-de-vie","category-fiches-outils","category-fiches-outils-pour-les-aidants-proches","category-fiches-outils-pour-les-professionnels","category-gestion-des-emotions","category-inclusion-sociale-et-reseau-sociaux","category-individualisation","category-rituels","category-sante-alimentation-sommeil-hygiene","category-soin-pistes-et-outils-professionnels","category-valorisation-confiance","category-vie-affective"],"_links":{"self":[{"href":"https:\/\/api-lux.be\/index.php\/wp-json\/wp\/v2\/posts\/658","targetHints":{"allow":["GET"]}}],"collection":[{"href":"https:\/\/api-lux.be\/index.php\/wp-json\/wp\/v2\/posts"}],"about":[{"href":"https:\/\/api-lux.be\/index.php\/wp-json\/wp\/v2\/types\/post"}],"author":[{"embeddable":true,"href":"https:\/\/api-lux.be\/index.php\/wp-json\/wp\/v2\/users\/6"}],"replies":[{"embeddable":true,"href":"https:\/\/api-lux.be\/index.php\/wp-json\/wp\/v2\/comments?post=658"}],"version-history":[{"count":11,"href":"https:\/\/api-lux.be\/index.php\/wp-json\/wp\/v2\/posts\/658\/revisions"}],"predecessor-version":[{"id":7823,"href":"https:\/\/api-lux.be\/index.php\/wp-json\/wp\/v2\/posts\/658\/revisions\/7823"}],"wp:attachment":[{"href":"https:\/\/api-lux.be\/index.php\/wp-json\/wp\/v2\/media?parent=658"}],"wp:term":[{"taxonomy":"category","embeddable":true,"href":"https:\/\/api-lux.be\/index.php\/wp-json\/wp\/v2\/categories?post=658"},{"taxonomy":"post_tag","embeddable":true,"href":"https:\/\/api-lux.be\/index.php\/wp-json\/wp\/v2\/tags?post=658"}],"curies":[{"name":"wp","href":"https:\/\/api.w.org\/{rel}","templated":true}]}}