{"id":656,"date":"2025-02-14T11:36:55","date_gmt":"2025-02-14T10:36:55","guid":{"rendered":"http:\/\/localhost\/mdi_w\/?p=656"},"modified":"2025-07-01T15:02:01","modified_gmt":"2025-07-01T13:02:01","slug":"bibiliotheque-porte-bleue","status":"publish","type":"post","link":"https:\/\/api-lux.be\/index.php\/2025\/02\/14\/bibiliotheque-porte-bleue\/","title":{"rendered":"Bibilioth\u00e8que de la Porte Bleue"},"content":{"rendered":"\n<div class=\"wp-block-columns is-layout-flex wp-container-core-columns-is-layout-9d6595d7 wp-block-columns-is-layout-flex\">\n<div class=\"wp-block-column is-vertically-aligned-center is-layout-flow wp-block-column-is-layout-flow\"><div class=\"wp-block-image\">\n<figure class=\"aligncenter size-full\"><img decoding=\"async\" src=\"https:\/\/api-lux.be\/wp-content\/uploads\/2025\/02\/biblio.jpg\" alt=\" \" class=\"wp-image-202\"\/><\/figure>\n<\/div><\/div>\n\n\n\n<div class=\"wp-block-column is-layout-flow wp-block-column-is-layout-flow\">\n<p>\ud83c\udfe2 <strong>Ressources vari\u00e9es <\/strong>&#8211; Pr\u00eat de livres sur le trouble du spectre autistique.<\/p>\n\n\n\n<!--more-->\n\n\n\n<h2 class=\"wp-block-heading\">\u00c2ge cible<\/h2>\n\n\n\n<p> Pas d&rsquo;\u00e2ge pr\u00e9cis.<\/p>\n<\/div>\n<\/div>\n\n\n\n<h2 class=\"wp-block-heading\">Descriptif de l&rsquo;outil<\/h2>\n\n\n\n<p>\ud83d\udd0d Le <strong>Centre de R\u00e9adaptation Fonctionnelle La Porte Bleue<\/strong>, situ\u00e9 \u00e0 <strong>Libramont<\/strong>, met \u00e0 disposition une <strong>biblioth\u00e8que sp\u00e9cialis\u00e9e sur l\u2019autisme<\/strong>. Ce centre, rattach\u00e9 \u00e0 l\u2019ASBL CAPAL, propose le <strong>pr\u00eat de livres<\/strong> \u00e0 toute personne int\u00e9ress\u00e9e, qu\u2019elle soit parent, professionnel ou proche aidant.<\/p>\n\n\n\n<p>\ud83d\udce6 Le pr\u00eat est <strong>simple et accessible<\/strong>, avec une <strong>caution \u00e9quivalente \u00e0 la valeur du livre<\/strong> demand\u00e9e pour garantir le retour du mat\u00e9riel.<\/p>\n\n\n\n<p>\ud83d\udc6a Ce service permet aux familles comme aux intervenants de <strong>b\u00e9n\u00e9ficier de ressources fiables et actualis\u00e9es<\/strong>, pour approfondir leur compr\u00e9hension du TSA et d\u00e9couvrir des approches \u00e9ducatives, cliniques ou sociales adapt\u00e9es.<\/p>\n\n\n\n<p>\u26a0\ufe0f Le service est soumis \u00e0 la <strong>disponibilit\u00e9 des ouvrages<\/strong> et \u00e0 une restitution dans les d\u00e9lais convenus.<\/p>\n\n\n\n<div class=\"wp-block-columns is-layout-flex wp-container-core-columns-is-layout-9d6595d7 wp-block-columns-is-layout-flex\">\n<div class=\"wp-block-column is-layout-flow wp-block-column-is-layout-flow\">\n<h2 class=\"wp-block-heading\">Objectif(s) d&rsquo;utilisation<\/h2>\n\n\n\n<ul class=\"wp-block-list\">\n<li>\ud83e\udde0 <strong>Informer<\/strong> sur les particularit\u00e9s du Trouble du Spectre de l\u2019Autisme (TSA),<br><\/li>\n\n\n\n<li>\ud83d\udcd6 <strong>Documenter et nourrir les pratiques professionnelles et parentales<\/strong>,<br><\/li>\n\n\n\n<li>\ud83d\udee0\ufe0f <strong>Outiller les encadrants<\/strong> pour mieux comprendre et accompagner les personnes autistes,<br><\/li>\n\n\n\n<li>\ud83e\udd1d <strong>Soutenir le lien entre th\u00e9orie et pratique<\/strong>, gr\u00e2ce \u00e0 des ressources choisies pour leur clart\u00e9 et leur accessibilit\u00e9.<\/li>\n<\/ul>\n\n\n\n<p>\ud83d\udcf1 Objectifs sp\u00e9cifiques :<\/p>\n\n\n\n<ul class=\"wp-block-list\">\n<li>Renforcer les connaissances (autonomie intellectuelle),<\/li>\n\n\n\n<li>Favoriser une posture bienveillante et inform\u00e9e,<\/li>\n\n\n\n<li>Valoriser l\u2019apprentissage continu,<\/li>\n\n\n\n<li>D\u00e9velopper la capacit\u00e9 de discernement face aux besoins singuliers des enfants ou jeunes TSA.<\/li>\n<\/ul>\n<\/div>\n\n\n\n<div class=\"wp-block-column is-layout-flow wp-block-column-is-layout-flow\">\n<h2 class=\"wp-block-heading\">Liens utiles<\/h2>\n\n\n\n<p><br><strong>\ud83c\udf10 SITE INTERNET<\/strong> <a href=\"https:\/\/capal-asbl.be\/\" target=\"_blank\" rel=\"noreferrer noopener\">CAPAL \u2013 Centre d\u2019Action pour l\u2019Autisme en province de Luxembourg<\/a><br>CAPAL est une association belge bas\u00e9e \u00e0 Libramont, qui soutient les familles concern\u00e9es par l\u2019autisme. Le site pr\u00e9sente ses services de diagnostic, de th\u00e9rapie, ses projets de r\u00e9pit, son accompagnement \u00e0 l\u2019h\u00f4pital, ainsi que son \u00e9quipe pluridisciplinaire. Il fournit \u00e9galement des informations sur ses missions, ses valeurs et ses actualit\u00e9s.\u200b<a href=\"https:\/\/capal-asbl.be\/la-porte-bleue-capal-contact\/\n\"><br><\/a><br><\/p>\n<\/div>\n<\/div>\n\n\n\n<p>Des outils \u00e0 nous partager ?&nbsp;<a href=\"https:\/\/api-lux.be\/index.php\/contact\/\">Cliquez ici<\/a><\/p>\n","protected":false},"excerpt":{"rendered":"<p>\ud83c\udfe2 Ressources vari\u00e9es &#8211; Pr\u00eat de livres sur le trouble du spectre autistique.<\/p>\n","protected":false},"author":6,"featured_media":0,"comment_status":"closed","ping_status":"closed","sticky":false,"template":"","format":"standard","meta":{"iawp_total_views":2,"footnotes":""},"categories":[22,48,47,26],"tags":[],"class_list":["post-656","post","type-post","status-publish","format-standard","hentry","category-besoins-cognitifs","category-fiches-outils-pour-les-aidants-proches","category-fiches-outils-pour-les-professionnels","category-outils-pedagogiques-pour-les-pro"],"_links":{"self":[{"href":"https:\/\/api-lux.be\/index.php\/wp-json\/wp\/v2\/posts\/656","targetHints":{"allow":["GET"]}}],"collection":[{"href":"https:\/\/api-lux.be\/index.php\/wp-json\/wp\/v2\/posts"}],"about":[{"href":"https:\/\/api-lux.be\/index.php\/wp-json\/wp\/v2\/types\/post"}],"author":[{"embeddable":true,"href":"https:\/\/api-lux.be\/index.php\/wp-json\/wp\/v2\/users\/6"}],"replies":[{"embeddable":true,"href":"https:\/\/api-lux.be\/index.php\/wp-json\/wp\/v2\/comments?post=656"}],"version-history":[{"count":11,"href":"https:\/\/api-lux.be\/index.php\/wp-json\/wp\/v2\/posts\/656\/revisions"}],"predecessor-version":[{"id":7821,"href":"https:\/\/api-lux.be\/index.php\/wp-json\/wp\/v2\/posts\/656\/revisions\/7821"}],"wp:attachment":[{"href":"https:\/\/api-lux.be\/index.php\/wp-json\/wp\/v2\/media?parent=656"}],"wp:term":[{"taxonomy":"category","embeddable":true,"href":"https:\/\/api-lux.be\/index.php\/wp-json\/wp\/v2\/categories?post=656"},{"taxonomy":"post_tag","embeddable":true,"href":"https:\/\/api-lux.be\/index.php\/wp-json\/wp\/v2\/tags?post=656"}],"curies":[{"name":"wp","href":"https:\/\/api.w.org\/{rel}","templated":true}]}}