{"id":655,"date":"2025-02-14T11:36:55","date_gmt":"2025-02-14T10:36:55","guid":{"rendered":"http:\/\/localhost\/mdi_w\/?p=655"},"modified":"2025-07-01T15:01:42","modified_gmt":"2025-07-01T13:01:42","slug":"videos-youtube-chu-sainte-justine","status":"publish","type":"post","link":"https:\/\/api-lux.be\/index.php\/2025\/02\/14\/videos-youtube-chu-sainte-justine\/","title":{"rendered":"Vid\u00e9os: le TSA du CHU Sainte-Justine au Qu\u00e9bec"},"content":{"rendered":"\n<div class=\"wp-block-columns is-layout-flex wp-container-core-columns-is-layout-9d6595d7 wp-block-columns-is-layout-flex\">\n<div class=\"wp-block-column is-vertically-aligned-center is-layout-flow wp-block-column-is-layout-flow\"><div class=\"wp-block-image\">\n<figure class=\"aligncenter size-large\"><img loading=\"lazy\" decoding=\"async\" width=\"1024\" height=\"683\" src=\"https:\/\/api-lux.be\/wp-content\/uploads\/2025\/02\/pexels-joshuamiranda-6298412-1024x683.jpg\" alt=\"\" class=\"wp-image-1354\" srcset=\"https:\/\/api-lux.be\/wp-content\/uploads\/2025\/02\/pexels-joshuamiranda-6298412-1024x683.jpg 1024w, https:\/\/api-lux.be\/wp-content\/uploads\/2025\/02\/pexels-joshuamiranda-6298412-300x200.jpg 300w, https:\/\/api-lux.be\/wp-content\/uploads\/2025\/02\/pexels-joshuamiranda-6298412-768x512.jpg 768w, https:\/\/api-lux.be\/wp-content\/uploads\/2025\/02\/pexels-joshuamiranda-6298412-1536x1024.jpg 1536w, https:\/\/api-lux.be\/wp-content\/uploads\/2025\/02\/pexels-joshuamiranda-6298412-2048x1365.jpg 2048w\" sizes=\"auto, (max-width: 1024px) 100vw, 1024px\" \/><\/figure>\n<\/div><\/div>\n\n\n\n<div class=\"wp-block-column is-layout-flow wp-block-column-is-layout-flow\">\n<p>\ud83e\uddd1\u200d\u2695\ufe0f <strong>Outil professionnel accompagnement sp\u00e9cialis\u00e9<\/strong> &#8211; Une collection de vid\u00e9os \u00e9ducatives et accessibles pour mieux comprendre l\u2019autisme et accompagner les personnes autistes dans leur quotidien.<\/p>\n\n\n\n<!--more-->\n\n\n\n<h2 class=\"wp-block-heading\">\u00c2ge cible<\/h2>\n\n\n\n<p>Pas d&rsquo;\u00e2ge pr\u00e9cis<\/p>\n<\/div>\n<\/div>\n\n\n\n<h2 class=\"wp-block-heading\">Descriptif de l&rsquo;outil<\/h2>\n\n\n\n<p>\ud83d\udd0d Le CHU Sainte-Justine (Canada) propose une s\u00e9rie de <strong>vid\u00e9os p\u00e9dagogiques<\/strong>, courtes et accessibles, destin\u00e9es \u00e0 <strong>informer les familles, les professionnels et le grand public<\/strong> sur les diff\u00e9rents aspects du Trouble du Spectre de l\u2019Autisme (TSA).<\/p>\n\n\n\n<p>\ud83e\udde0 Pr\u00e9sent\u00e9es par des <strong>experts en autisme<\/strong>, ces vid\u00e9os abordent :<\/p>\n\n\n\n<ul class=\"wp-block-list\">\n<li>les <strong>caract\u00e9ristiques du TSA<\/strong>,<\/li>\n\n\n\n<li>les <strong>premiers signes<\/strong>,<\/li>\n\n\n\n<li>les <strong>enjeux sensoriels et comportementaux<\/strong>,<\/li>\n\n\n\n<li>les <strong>interactions sociales et la communication<\/strong>,<\/li>\n\n\n\n<li>les <strong>d\u00e9fis du quotidien<\/strong> (sommeil, alimentation, propret\u00e9, rendez-vous m\u00e9dicaux, etc.).<\/li>\n<\/ul>\n\n\n\n<p>\ud83d\udc6a Chaque s\u00e9quence fournit <strong>des explications claires<\/strong>, des <strong>exemples concrets<\/strong>, et des <strong>conseils pratiques<\/strong> pour mieux accompagner les personnes autistes, quel que soit leur \u00e2ge.<\/p>\n\n\n\n<p>\u26a0\ufe0f Les vid\u00e9os sont destin\u00e9es \u00e0 <strong>soutenir et non remplacer<\/strong> un accompagnement personnalis\u00e9 ou un diagnostic professionnel.<\/p>\n\n\n\n<div class=\"wp-block-columns is-layout-flex wp-container-core-columns-is-layout-9d6595d7 wp-block-columns-is-layout-flex\">\n<div class=\"wp-block-column is-vertically-aligned-top is-layout-flow wp-block-column-is-layout-flow\">\n<h2 class=\"wp-block-heading\">Objectif(s) d&rsquo;utilisation<\/h2>\n\n\n\n<p>\ud83d\udca1 Cette ressource vise \u00e0 :<\/p>\n\n\n\n<ul class=\"wp-block-list\">\n<li>\ud83c\udfaf <strong>Sensibiliser<\/strong> les familles, les professionnels et le grand public aux r\u00e9alit\u00e9s de l\u2019autisme,<\/li>\n\n\n\n<li>\ud83d\udee0\ufe0f <strong>Outiller les proches aidants<\/strong> pour un accompagnement plus juste et adapt\u00e9,<\/li>\n\n\n\n<li>\ud83e\udde9 <strong>Fournir des rep\u00e8res clairs<\/strong> sur les signes et les particularit\u00e9s du TSA,<\/li>\n\n\n\n<li>\ud83e\uddd8\u200d\u2640\ufe0f <strong>R\u00e9duire les stigmatisations<\/strong> gr\u00e2ce \u00e0 une meilleure compr\u00e9hension,<\/li>\n\n\n\n<li>\ud83c\udf0d <strong>Favoriser l\u2019inclusion<\/strong> des personnes autistes dans les diff\u00e9rents milieux de vie.<\/li>\n<\/ul>\n\n\n\n<p>\ud83d\udcf1 Objectifs sp\u00e9cifiques :<\/p>\n\n\n\n<ul class=\"wp-block-list\">\n<li>Autonomisation des familles,<\/li>\n\n\n\n<li>Renforcement des pratiques \u00e9ducatives adapt\u00e9es,<\/li>\n\n\n\n<li>D\u00e9veloppement \u00e9motionnel et compr\u00e9hension mutuelle,<\/li>\n\n\n\n<li>Valorisation des capacit\u00e9s des personnes autistes.<\/li>\n<\/ul>\n\n\n\n<h2 class=\"wp-block-heading\">Liens utiles<\/h2>\n\n\n\n<p><strong>\ud83d\udcfa CHA\u00ceNE YOUTUBE OFFICIELLE<\/strong> <a href=\"https:\/\/www.youtube.com\/@saintejustine\" target=\"_blank\" rel=\"noreferrer noopener\">CHU Sainte-Justine \u2013 YouTube<\/a><br>Cha\u00eene officielle du Centre hospitalier universitaire (CHU) Sainte-Justine, \u00e9tablissement p\u00e9diatrique affili\u00e9 \u00e0 l\u2019Universit\u00e9 de Montr\u00e9al. Elle propose des vid\u00e9os informatives sur les soins, la recherche, les initiatives communautaires et les t\u00e9moignages de patients, destin\u00e9es aux familles, aux professionnels de la sant\u00e9 et au grand public.<\/p>\n\n\n\n<p>Voici les vid\u00e9os propos\u00e9es sur la cha\u00eene: <\/p>\n\n\n\n<ul class=\"wp-block-list\">\n<li><strong>Le regard des autres<\/strong> \u2013 10:35 \u2013 CHU Sainte-Justine<\/li>\n\n\n\n<li><strong>Le TSA c&rsquo;est quoi <\/strong>&#8211; 5:50<\/li>\n\n\n\n<li><strong>L\u2019\u00e9quilibre familial<\/strong> \u2013 7:13 \u2013 CHU Sainte-Justine <\/li>\n\n\n\n<li><strong>Autisme au Quotidien<\/strong> \u2013 1:16 \u2013 CHU Sainte-Justine<\/li>\n\n\n\n<li><strong>Le TSA, c&rsquo;est quoi ?<\/strong> \u2013 5:51 \u2013 CHU Sainte-Justine<\/li>\n\n\n\n<li><strong>L\u2019attente de la prise en charge<\/strong> \u2013 8:32 \u2013 CHU Sainte-Justine<\/li>\n\n\n\n<li><strong>Les int\u00e9r\u00eats de l\u2019enfant<\/strong> \u2013 3:22 \u2013 CHU Sainte-Justine<\/li>\n\n\n\n<li><strong>La communication<\/strong> \u2013 7:36 \u2013 CHU Sainte-Justine<\/li>\n\n\n\n<li><strong>Les interactions<\/strong> \u2013 4:28 \u2013 CHU Sainte-Justine<\/li>\n\n\n\n<li><strong>Les besoins sensoriels<\/strong> \u2013 6:38 \u2013 CHU Sainte-Justine<\/li>\n\n\n\n<li><strong>Le sommeil<\/strong> \u2013 8:18 \u2013 CHU Sainte-Justine<\/li>\n\n\n\n<li><strong>La gestion des crises<\/strong> \u2013 9:44 \u2013 CHU Sainte-Justine<\/li>\n\n\n\n<li><strong>L\u2019alimentation<\/strong> \u2013 8:07 \u2013 CHU Sainte-Justine<\/li>\n\n\n\n<li><strong>L\u2019entra\u00eenement \u00e0 la propret\u00e9<\/strong> \u2013 5:40 \u2013 CHU Sainte-Justine<\/li>\n\n\n\n<li><strong>Les sorties et les rendez-vous<\/strong> \u2013 6:04 \u2013 CHU Sainte-Justine<\/li>\n<\/ul>\n<\/div>\n<\/div>\n\n\n\n<p>Des outils \u00e0 nous partager ?&nbsp;<a href=\"https:\/\/api-lux.be\/index.php\/contact\/\">Cliquez ici<\/a><\/p>\n","protected":false},"excerpt":{"rendered":"<p>\ud83e\uddd1\u200d\u2695\ufe0f Outil professionnel accompagnement sp\u00e9cialis\u00e9 &#8211; Une collection de vid\u00e9os \u00e9ducatives et accessibles pour mieux comprendre l\u2019autisme et accompagner les personnes autistes dans leur quotidien.<\/p>\n","protected":false},"author":6,"featured_media":0,"comment_status":"closed","ping_status":"closed","sticky":false,"template":"","format":"standard","meta":{"iawp_total_views":17,"footnotes":""},"categories":[48,49,47,25,1,26],"tags":[],"class_list":["post-655","post","type-post","status-publish","format-standard","hentry","category-fiches-outils-pour-les-aidants-proches","category-fiches-outils-pour-les-jeunes","category-fiches-outils-pour-les-professionnels","category-materiel-specifique","category-non-classe","category-outils-pedagogiques-pour-les-pro"],"_links":{"self":[{"href":"https:\/\/api-lux.be\/index.php\/wp-json\/wp\/v2\/posts\/655","targetHints":{"allow":["GET"]}}],"collection":[{"href":"https:\/\/api-lux.be\/index.php\/wp-json\/wp\/v2\/posts"}],"about":[{"href":"https:\/\/api-lux.be\/index.php\/wp-json\/wp\/v2\/types\/post"}],"author":[{"embeddable":true,"href":"https:\/\/api-lux.be\/index.php\/wp-json\/wp\/v2\/users\/6"}],"replies":[{"embeddable":true,"href":"https:\/\/api-lux.be\/index.php\/wp-json\/wp\/v2\/comments?post=655"}],"version-history":[{"count":12,"href":"https:\/\/api-lux.be\/index.php\/wp-json\/wp\/v2\/posts\/655\/revisions"}],"predecessor-version":[{"id":7820,"href":"https:\/\/api-lux.be\/index.php\/wp-json\/wp\/v2\/posts\/655\/revisions\/7820"}],"wp:attachment":[{"href":"https:\/\/api-lux.be\/index.php\/wp-json\/wp\/v2\/media?parent=655"}],"wp:term":[{"taxonomy":"category","embeddable":true,"href":"https:\/\/api-lux.be\/index.php\/wp-json\/wp\/v2\/categories?post=655"},{"taxonomy":"post_tag","embeddable":true,"href":"https:\/\/api-lux.be\/index.php\/wp-json\/wp\/v2\/tags?post=655"}],"curies":[{"name":"wp","href":"https:\/\/api.w.org\/{rel}","templated":true}]}}