{"id":654,"date":"2025-02-14T11:36:55","date_gmt":"2025-02-14T10:36:55","guid":{"rendered":"http:\/\/localhost\/mdi_w\/?p=654"},"modified":"2025-07-01T15:01:26","modified_gmt":"2025-07-01T13:01:26","slug":"video-intervention","status":"publish","type":"post","link":"https:\/\/api-lux.be\/index.php\/2025\/02\/14\/video-intervention\/","title":{"rendered":"Vid\u00e9o-intervention"},"content":{"rendered":"\n<div class=\"wp-block-columns is-layout-flex wp-container-core-columns-is-layout-9d6595d7 wp-block-columns-is-layout-flex\">\n<div class=\"wp-block-column is-vertically-aligned-center is-layout-flow wp-block-column-is-layout-flow\"><div class=\"wp-block-image\">\n<figure class=\"aligncenter size-large\"><img loading=\"lazy\" decoding=\"async\" width=\"1024\" height=\"683\" src=\"https:\/\/api-lux.be\/wp-content\/uploads\/2025\/02\/pexels-donaldtong94-66134-1024x683.jpg\" alt=\"\" class=\"wp-image-1350\" srcset=\"https:\/\/api-lux.be\/wp-content\/uploads\/2025\/02\/pexels-donaldtong94-66134-1024x683.jpg 1024w, https:\/\/api-lux.be\/wp-content\/uploads\/2025\/02\/pexels-donaldtong94-66134-300x200.jpg 300w, https:\/\/api-lux.be\/wp-content\/uploads\/2025\/02\/pexels-donaldtong94-66134-768x512.jpg 768w, https:\/\/api-lux.be\/wp-content\/uploads\/2025\/02\/pexels-donaldtong94-66134-1536x1024.jpg 1536w, https:\/\/api-lux.be\/wp-content\/uploads\/2025\/02\/pexels-donaldtong94-66134-2048x1365.jpg 2048w\" sizes=\"auto, (max-width: 1024px) 100vw, 1024px\" \/><\/figure>\n<\/div><\/div>\n\n\n\n<div class=\"wp-block-column is-layout-flow wp-block-column-is-layout-flow\">\n<p>\ud83e\uddd1\u200d\u2695\ufe0f <strong>Outil professionnel accompagnement sp\u00e9cialis\u00e9<\/strong> &#8211; Cette m\u00e9thode permet de promouvoir la parentalit\u00e9 positive en utilisant des feedbacks par vid\u00e9o-intervention.<\/p>\n\n\n\n<!--more-->\n\n\n\n<h2 class=\"wp-block-heading\">Public cible<\/h2>\n\n\n\n<p>Les professionnels de l&rsquo;accompagnement \u00e0 la parentalit\u00e9.<\/p>\n<\/div>\n<\/div>\n\n\n\n<h2 class=\"wp-block-heading\">Descriptif de l&rsquo;outil<\/h2>\n\n\n\n<p>\ud83d\udd0d Le programme <strong>VIPP-SD<\/strong> (<em>Video-feedback Intervention to promote Positive Parenting and Sensitive Discipline<\/em>) est une intervention de <strong>court terme<\/strong>, structur\u00e9e autour de <strong>s\u00e9quences vid\u00e9o<\/strong> du quotidien entre parents et jeunes enfants.<\/p>\n\n\n\n<p>\ud83d\udc6a Destin\u00e9e aux <strong>professionnels de l\u2019accompagnement \u00e0 la parentalit\u00e9<\/strong>, cette m\u00e9thode vise \u00e0 am\u00e9liorer la <strong>sensibilit\u00e9 parentale<\/strong> lors des interactions et dans l\u2019apprentissage des r\u00e8gles et des limites \u2013 autrement dit, la <strong>discipline sensible<\/strong>.<\/p>\n\n\n\n<p>\ud83c\udfac Concr\u00e8tement, les interactions naturelles (jeu, soins, consignes, routines) sont <strong>film\u00e9es au domicile<\/strong> de la famille, puis <strong>visionn\u00e9es et analys\u00e9es avec un intervenant certifi\u00e9 VIPP-SD<\/strong>. L\u2019\u00e9change se base sur ces vid\u00e9os pour travailler plusieurs axes :<\/p>\n\n\n\n<ul class=\"wp-block-list\">\n<li>\ud83d\udc40 <strong>Augmenter les comp\u00e9tences d\u2019observation<\/strong> des parents,<\/li>\n\n\n\n<li>\ud83e\udde0 <strong>Accro\u00eetre leurs connaissances<\/strong> sur le d\u00e9veloppement et l\u2019\u00e9ducation des jeunes enfants,<\/li>\n\n\n\n<li>\ud83d\udc9e <strong>Renforcer leur capacit\u00e9 d\u2019empathie<\/strong> \u00e0 l\u2019\u00e9gard de leur enfant,<\/li>\n\n\n\n<li>\ud83c\udfaf <strong>Rendre les comportements \u00e9ducatifs plus efficaces<\/strong> par des r\u00e9ponses sensibles et une discipline adapt\u00e9e.<\/li>\n<\/ul>\n\n\n\n<p>\u26a0\ufe0f Il est important que l\u2019intervention soit r\u00e9alis\u00e9e par un <strong>professionnel form\u00e9<\/strong> \u00e0 la m\u00e9thode VIPP-SD, dans un cadre bienveillant, re<\/p>\n\n\n\n<div class=\"wp-block-columns is-layout-flex wp-container-core-columns-is-layout-9d6595d7 wp-block-columns-is-layout-flex\">\n<div class=\"wp-block-column is-layout-flow wp-block-column-is-layout-flow\">\n<h2 class=\"wp-block-heading\">Objectif(s) d&rsquo;utilisation<\/h2>\n\n\n\n<p>\ud83d\udca1 Le programme vise \u00e0 :<\/p>\n\n\n\n<ul class=\"wp-block-list\">\n<li>\ud83e\udded <strong>Guider et informer<\/strong> les parents en s\u2019appuyant sur leurs propres interactions quotidiennes,<\/li>\n\n\n\n<li>\ud83c\udf1f <strong>Renforcer leurs comp\u00e9tences parentales<\/strong> en valorisant leurs r\u00e9ussites concr\u00e8tes,<\/li>\n\n\n\n<li>\ud83d\udd0d <strong>Favoriser l\u2019observation et la compr\u00e9hension<\/strong> fine des comportements de leur enfant,<\/li>\n\n\n\n<li>\ud83d\udcda <strong>Fournir des connaissances pratiques<\/strong> sur le d\u00e9veloppement et les besoins de l\u2019enfant,<\/li>\n\n\n\n<li>\ud83e\udd1d <strong>Encourager une parentalit\u00e9 empathique<\/strong>, fond\u00e9e sur la compr\u00e9hension mutuelle,<\/li>\n\n\n\n<li>\ud83e\uddd8\u200d\u2642\ufe0f <strong>Am\u00e9liorer l\u2019efficacit\u00e9 des pratiques \u00e9ducatives<\/strong> \u00e0 travers des strat\u00e9gies de <strong>discipline sensible<\/strong> et de <strong>r\u00e9ponses ajust\u00e9es<\/strong>.<\/li>\n<\/ul>\n\n\n\n<p>\ud83d\udcf1 Les effets vis\u00e9s touchent \u00e0 :<\/p>\n\n\n\n<ul class=\"wp-block-list\">\n<li>l\u2019autonomie,<\/li>\n\n\n\n<li>la responsabilisation,<\/li>\n\n\n\n<li>le d\u00e9veloppement \u00e9motionnel,<\/li>\n\n\n\n<li>la qualit\u00e9 du lien parent-enfant,<\/li>\n\n\n\n<li>la valorisation des comp\u00e9tences parentales.<\/li>\n<\/ul>\n<\/div>\n\n\n\n<div class=\"wp-block-column is-layout-flow wp-block-column-is-layout-flow\">\n<h2 class=\"wp-block-heading\">Liens utiles<\/h2>\n\n\n\n<p>\ud83d\udcc4 <strong>ARTICLE <\/strong><a href=\"https:\/\/shs.cairn.info\/revue-dialogue-2021-3-page-195?lang=fr\" target=\"_blank\" rel=\"noreferrer noopener\">Le dispositif de vid\u00e9o-feedback en protection de l&rsquo;enfance<\/a> \u2013 <em>Dialogue<\/em>, 2021\/3, pages 195-212.<br>Cet article pr\u00e9sente comment le vid\u00e9o-feedback est utilis\u00e9 pour soutenir et d\u00e9velopper la fonction r\u00e9flexive des assistants familiaux et des parents naturels en contexte de protection de l&rsquo;enfance.<\/p>\n<\/div>\n<\/div>\n\n\n\n<p>Des outils \u00e0 nous partager ?&nbsp;<a href=\"https:\/\/api-lux.be\/index.php\/contact\/\">Cliquez ici<\/a><\/p>\n","protected":false},"excerpt":{"rendered":"<p>\ud83e\uddd1\u200d\u2695\ufe0f Outil professionnel accompagnement sp\u00e9cialis\u00e9 &#8211; Cette m\u00e9thode permet de promouvoir la parentalit\u00e9 positive en utilisant des feedbacks par vid\u00e9o-intervention.<\/p>\n","protected":false},"author":6,"featured_media":0,"comment_status":"closed","ping_status":"closed","sticky":false,"template":"","format":"standard","meta":{"iawp_total_views":1,"footnotes":""},"categories":[46,48,47,25,26],"tags":[],"class_list":["post-654","post","type-post","status-publish","format-standard","hentry","category-fiches-outils","category-fiches-outils-pour-les-aidants-proches","category-fiches-outils-pour-les-professionnels","category-materiel-specifique","category-outils-pedagogiques-pour-les-pro"],"_links":{"self":[{"href":"https:\/\/api-lux.be\/index.php\/wp-json\/wp\/v2\/posts\/654","targetHints":{"allow":["GET"]}}],"collection":[{"href":"https:\/\/api-lux.be\/index.php\/wp-json\/wp\/v2\/posts"}],"about":[{"href":"https:\/\/api-lux.be\/index.php\/wp-json\/wp\/v2\/types\/post"}],"author":[{"embeddable":true,"href":"https:\/\/api-lux.be\/index.php\/wp-json\/wp\/v2\/users\/6"}],"replies":[{"embeddable":true,"href":"https:\/\/api-lux.be\/index.php\/wp-json\/wp\/v2\/comments?post=654"}],"version-history":[{"count":10,"href":"https:\/\/api-lux.be\/index.php\/wp-json\/wp\/v2\/posts\/654\/revisions"}],"predecessor-version":[{"id":7819,"href":"https:\/\/api-lux.be\/index.php\/wp-json\/wp\/v2\/posts\/654\/revisions\/7819"}],"wp:attachment":[{"href":"https:\/\/api-lux.be\/index.php\/wp-json\/wp\/v2\/media?parent=654"}],"wp:term":[{"taxonomy":"category","embeddable":true,"href":"https:\/\/api-lux.be\/index.php\/wp-json\/wp\/v2\/categories?post=654"},{"taxonomy":"post_tag","embeddable":true,"href":"https:\/\/api-lux.be\/index.php\/wp-json\/wp\/v2\/tags?post=654"}],"curies":[{"name":"wp","href":"https:\/\/api.w.org\/{rel}","templated":true}]}}