{"id":653,"date":"2025-02-14T11:36:55","date_gmt":"2025-02-14T10:36:55","guid":{"rendered":"http:\/\/localhost\/mdi_w\/?p=653"},"modified":"2025-07-01T15:01:13","modified_gmt":"2025-07-01T13:01:13","slug":"kit-abc-autisme-bien-comprendre","status":"publish","type":"post","link":"https:\/\/api-lux.be\/index.php\/2025\/02\/14\/kit-abc-autisme-bien-comprendre\/","title":{"rendered":"KIT ABC : Circuit Autisme Bien Comprendre"},"content":{"rendered":"\n<div class=\"wp-block-columns is-layout-flex wp-container-core-columns-is-layout-9d6595d7 wp-block-columns-is-layout-flex\">\n<div class=\"wp-block-column is-vertically-aligned-center is-layout-flow wp-block-column-is-layout-flow\"><div class=\"wp-block-image\">\n<figure class=\"aligncenter size-full\"><img decoding=\"async\" src=\"https:\/\/api-lux.be\/wp-content\/uploads\/2025\/02\/kit_abc.jpg\" alt=\" \" class=\"wp-image-202\"\/><\/figure>\n<\/div><\/div>\n\n\n\n<div class=\"wp-block-column is-layout-flow wp-block-column-is-layout-flow\">\n<p>\ud83e\uddd1\u200d\u2695\ufe0f <strong>Outil professionnel accompagnement sp\u00e9cialis\u00e9<\/strong> &#8211; Une valise d\u2019activit\u00e9s immersives pour faire ressentir les d\u00e9fis v\u00e9cus par les personnes avec TSA (Trouble du Spectre de l\u2019Autisme).<\/p>\n\n\n\n<!--more-->\n\n\n\n<h2 class=\"wp-block-heading\">\u00c2ge cible<\/h2>\n\n\n\n<p>Pas d&rsquo;\u00e2ge pr\u00e9cis.<\/p>\n<\/div>\n<\/div>\n\n\n\n<h2 class=\"wp-block-heading\">Descriptif de l&rsquo;outil<\/h2>\n\n\n\n<p>\ud83d\udd0d Le <strong>Kit ABC<\/strong> est con\u00e7u pour faire vivre aux adultes \u2013 parents, professionnels ou encadrants \u2013 une s\u00e9rie d\u2019exp\u00e9riences simulant les difficult\u00e9s que rencontrent les enfants et adultes porteurs de TSA dans leur quotidien.<br><br>\ud83d\udc6a Il peut \u00eatre utilis\u00e9 en formation, en supervision d\u2019\u00e9quipe, lors d\u2019ateliers avec les familles ou encore dans un cadre de sensibilisation en milieu scolaire ou institutionnel.<\/p>\n\n\n\n<p>\ud83d\udce6 Le coffret comprend 10 mises en situation compl\u00e8tes, pr\u00eates \u00e0 l\u2019emploi.<\/p>\n\n\n\n<p>\ud83d\udca1 Permettre aux participants de <em>ressentir<\/em> les effets de :<\/p>\n\n\n\n<ul class=\"wp-block-list\">\n<li>l\u2019hypersensorialit\u00e9,<\/li>\n\n\n\n<li>les difficult\u00e9s de communication,<\/li>\n\n\n\n<li>les troubles de la th\u00e9orie de l\u2019esprit (compr\u00e9hension de l\u2019\u00e9tat mental d\u2019autrui),<\/li>\n\n\n\n<li>les particularit\u00e9s de la coh\u00e9rence centrale (difficult\u00e9 \u00e0 donner du sens global).<\/li>\n<\/ul>\n\n\n\n<p>\ud83d\udcb6 <strong>Prix<\/strong> (Janvier 2025) :<br>1 set\/case \u201cABC\u201d : <strong>1485,00 \u20ac<\/strong> (hors TVA et frais de livraison).<\/p>\n\n\n\n<div class=\"wp-block-columns is-layout-flex wp-container-core-columns-is-layout-9d6595d7 wp-block-columns-is-layout-flex\">\n<div class=\"wp-block-column is-layout-flow wp-block-column-is-layout-flow\">\n<h2 class=\"wp-block-heading\">Objectif(s) d&rsquo;utilisation<\/h2>\n\n\n\n<p>\ud83e\udde0 Favoriser la compr\u00e9hension fine des sp\u00e9cificit\u00e9s li\u00e9es \u00e0 l\u2019autisme,<\/p>\n\n\n\n<p>\ud83e\udd1d Encourager l\u2019ajustement des pratiques d\u2019accompagnement,<\/p>\n\n\n\n<p>\ud83d\udcac Soutenir le d\u00e9veloppement d\u2019une posture empathique,<\/p>\n\n\n\n<p>\ud83d\udd04 Renforcer la collaboration entre les diff\u00e9rents acteurs autour de la personne TSA.<\/p>\n\n\n\n<h2 class=\"wp-block-heading\">Liens utiles<\/h2>\n\n\n\n<p><strong>\ud83d\udcf0 ARTICLE<\/strong> <a href=\"https:\/\/www.autismecentraal.be\/circuit-autisme-bien-comprendre-abc\/\" target=\"_blank\" rel=\"noreferrer noopener\">Circuit Autisme Bien Comprendre (ABC)<\/a> \u2013 Autisme Centraal.<br>Cette page du site Autisme Centraal pr\u00e9sente des informations sur le programme \u00ab\u00a0Circuit Autisme Bien Comprendre (ABC)\u00a0\u00bb, elle explique l&rsquo;approche du programme, ses objectifs et ses avantages, en soulignant l&rsquo;importance d&rsquo;une meilleure compr\u00e9hension des personnes autistes dans diff\u00e9rents contextes sociaux et \u00e9ducatifs.<\/p>\n<\/div>\n\n\n\n<div class=\"wp-block-column is-layout-flow wp-block-column-is-layout-flow\">\n<h2 class=\"wp-block-heading\"><strong>Variantes &#8211; Am\u00e9nagements<\/strong><\/h2>\n\n\n\n<p>\ud83d\udcac L\u2019utilisation du kit peut \u00eatre adapt\u00e9e \u00e0 diff\u00e9rents contextes :<\/p>\n\n\n\n<ul class=\"wp-block-list\">\n<li>En individuel, pour accompagner un parent ou un professionnel dans une d\u00e9marche r\u00e9flexive.<\/li>\n\n\n\n<li>En groupe, sous forme de <strong>circuit interactif<\/strong>, en alternant activit\u00e9s et temps de parole.<\/li>\n\n\n\n<li>En partenariat avec des personnes TSA, qui peuvent commenter ou enrichir les mises en situation.<\/li>\n<\/ul>\n\n\n\n<p>\u2702\ufe0f Des extensions cr\u00e9atives sont possibles :<\/p>\n\n\n\n<p>Concevoir un \u00ab\u00a0kit retour\u00a0\u00bb contenant des ressources concr\u00e8tes pour ajuster sa posture apr\u00e8s l&rsquo;exp\u00e9rience.<\/p>\n\n\n\n<p>Ajouter un <strong>journal de bord<\/strong> o\u00f9 chaque participant note ses ressentis.<\/p>\n\n\n\n<p>Associer l\u2019activit\u00e9 \u00e0 des vid\u00e9os t\u00e9moignages ou capsules explicatives.<\/p>\n<\/div>\n<\/div>\n\n\n\n<p>Des outils \u00e0 nous partager ?&nbsp;<a href=\"https:\/\/api-lux.be\/index.php\/contact\/\">Cliquez ici<\/a><\/p>\n","protected":false},"excerpt":{"rendered":"<p>\ud83e\uddd1\u200d\u2695\ufe0f Outil professionnel accompagnement sp\u00e9cialis\u00e9 &#8211; Une valise d\u2019activit\u00e9s immersives pour faire ressentir les d\u00e9fis v\u00e9cus par les personnes avec TSA (Trouble du Spectre de l\u2019Autisme).<\/p>\n","protected":false},"author":6,"featured_media":0,"comment_status":"closed","ping_status":"closed","sticky":false,"template":"","format":"standard","meta":{"iawp_total_views":20,"footnotes":""},"categories":[4,22,48,47,25,26],"tags":[],"class_list":["post-653","post","type-post","status-publish","format-standard","hentry","category-besoins","category-besoins-cognitifs","category-fiches-outils-pour-les-aidants-proches","category-fiches-outils-pour-les-professionnels","category-materiel-specifique","category-outils-pedagogiques-pour-les-pro"],"_links":{"self":[{"href":"https:\/\/api-lux.be\/index.php\/wp-json\/wp\/v2\/posts\/653","targetHints":{"allow":["GET"]}}],"collection":[{"href":"https:\/\/api-lux.be\/index.php\/wp-json\/wp\/v2\/posts"}],"about":[{"href":"https:\/\/api-lux.be\/index.php\/wp-json\/wp\/v2\/types\/post"}],"author":[{"embeddable":true,"href":"https:\/\/api-lux.be\/index.php\/wp-json\/wp\/v2\/users\/6"}],"replies":[{"embeddable":true,"href":"https:\/\/api-lux.be\/index.php\/wp-json\/wp\/v2\/comments?post=653"}],"version-history":[{"count":10,"href":"https:\/\/api-lux.be\/index.php\/wp-json\/wp\/v2\/posts\/653\/revisions"}],"predecessor-version":[{"id":7818,"href":"https:\/\/api-lux.be\/index.php\/wp-json\/wp\/v2\/posts\/653\/revisions\/7818"}],"wp:attachment":[{"href":"https:\/\/api-lux.be\/index.php\/wp-json\/wp\/v2\/media?parent=653"}],"wp:term":[{"taxonomy":"category","embeddable":true,"href":"https:\/\/api-lux.be\/index.php\/wp-json\/wp\/v2\/categories?post=653"},{"taxonomy":"post_tag","embeddable":true,"href":"https:\/\/api-lux.be\/index.php\/wp-json\/wp\/v2\/tags?post=653"}],"curies":[{"name":"wp","href":"https:\/\/api.w.org\/{rel}","templated":true}]}}