{"id":650,"date":"2025-02-14T11:36:55","date_gmt":"2025-02-14T10:36:55","guid":{"rendered":"http:\/\/localhost\/mdi_w\/?p=650"},"modified":"2025-07-01T14:59:47","modified_gmt":"2025-07-01T12:59:47","slug":"site-internet-naitre-et-grandir","status":"publish","type":"post","link":"https:\/\/api-lux.be\/index.php\/2025\/02\/14\/site-internet-naitre-et-grandir\/","title":{"rendered":"Site internet : \u00ab\u00a0Na\u00eetre et grandir\u00a0\u00bb"},"content":{"rendered":"\n<div class=\"wp-block-columns is-layout-flex wp-container-core-columns-is-layout-9d6595d7 wp-block-columns-is-layout-flex\">\n<div class=\"wp-block-column is-vertically-aligned-center is-layout-flow wp-block-column-is-layout-flow\"><div class=\"wp-block-image\">\n<figure class=\"aligncenter size-full\"><img decoding=\"async\" src=\"https:\/\/api-lux.be\/wp-content\/uploads\/2025\/02\/naitre_et_grandir.jpg\" alt=\" \" class=\"wp-image-202\"\/><\/figure>\n<\/div><\/div>\n\n\n\n<div class=\"wp-block-column is-layout-flow wp-block-column-is-layout-flow\">\n<p>\ud83c\udfe2 <strong>Ressources vari\u00e9es <\/strong>&#8211; Site internet qui propose des conseils pratiques et des informations pour aider les parents \u00e0 accompagner leurs enfants dans leur d\u00e9veloppement, de la naissance \u00e0 l&rsquo;adolescence.<\/p>\n\n\n\n<!--more-->\n\n\n\n<h2 class=\"wp-block-heading\">Public cible<\/h2>\n\n\n\n<p>Parents et professionnels en lien avec le d\u00e9veloppement de l&rsquo;enfant.<\/p>\n<\/div>\n<\/div>\n\n\n\n<h2 class=\"wp-block-heading\">Descriptif de l&rsquo;outil<\/h2>\n\n\n\n<p>Le site <strong>Na\u00eetre et Grandir<\/strong> propose une large gamme de <strong>contenus accessibles<\/strong> et <strong>pratiques<\/strong>, pour accompagner les enfants de la <strong>naissance \u00e0 l\u2019adolescence<\/strong>.<\/p>\n\n\n\n<p>\ud83d\udca1 On y retrouve :<\/p>\n\n\n\n<ul class=\"wp-block-list\">\n<li>des <strong>articles<\/strong> clairs et sourc\u00e9s ;<\/li>\n\n\n\n<li>des <strong>vid\u00e9os p\u00e9dagogiques<\/strong> ;<\/li>\n\n\n\n<li>des <strong>outils pratiques<\/strong> sur des sujets vari\u00e9s tels que :<br>\ud83e\ude7a la sant\u00e9 | \ud83c\udf93 l\u2019\u00e9ducation | \ud83e\udd57 la nutrition | <br>\ud83e\udde0 le d\u00e9veloppement global de l\u2019enfant<\/li>\n<\/ul>\n\n\n\n<p>\ud83c\udfaf L\u2019objectif est d\u2019apporter des <strong>r\u00e9ponses concr\u00e8tes<\/strong> aux probl\u00e9matiques quotidiennes des parents, tout en valorisant leur r\u00f4le dans l\u2019\u00e9volution de leur enfant.<\/p>\n\n\n\n<div class=\"wp-block-columns is-layout-flex wp-container-core-columns-is-layout-9d6595d7 wp-block-columns-is-layout-flex\">\n<div class=\"wp-block-column is-layout-flow wp-block-column-is-layout-flow\">\n<h2 class=\"wp-block-heading\">Objectif(s) d&rsquo;utilisation<\/h2>\n\n\n\n<p>\ud83d\udc42 <strong>Informer les parents<\/strong> :<br>Offrir des <strong>conseils simples et pratiques<\/strong> sur la sant\u00e9, l\u2019\u00e9ducation, le d\u00e9veloppement \u00e9motionnel, et les relations au quotidien.<\/p>\n\n\n\n<p>\ud83d\udc76 <strong>Aider au d\u00e9veloppement de l\u2019enfant<\/strong> :<br>Mettre \u00e0 disposition des <strong>ressources fiables<\/strong> pour <strong>suivre et stimuler la croissance globale<\/strong> de l\u2019enfant.<\/p>\n\n\n\n<p>\ud83d\udee0 <strong>Soutenir la parentalit\u00e9<\/strong> :<br>All\u00e9ger la charge mentale des parents avec des outils adapt\u00e9s, accessibles \u00e0 tous, sans jugement.<\/p>\n\n\n\n<p>\ud83c\udfe1 <strong>Favoriser le bien-\u00eatre familial<\/strong> :<br>Aider \u00e0 cr\u00e9er un <strong>environnement sain, s\u00e9curisant et \u00e9quilibr\u00e9<\/strong> pour toute la famille.<\/p>\n<\/div>\n\n\n\n<div class=\"wp-block-column is-layout-flow wp-block-column-is-layout-flow\">\n<h2 class=\"wp-block-heading\">Liens utiles<\/h2>\n\n\n\n<p><strong>\ud83c\udf10 SITE INTERNET<\/strong> <strong>OFFICIEL<\/strong> <a href=\"https:\/\/naitreetgrandir.com\/fr\/\" data-type=\"link\" data-id=\"https:\/\/naitreetgrandir.com\/fr\/\"><\/a><a href=\"https:\/\/naitreetgrandir.com\/fr\/\" target=\"_blank\" rel=\"noreferrer noopener\">Na\u00eetre et grandir<\/a> \u2013 Fondation Lucie et Andr\u00e9 Chagnon.<br>Site qu\u00e9b\u00e9cois sans but lucratif destin\u00e9 aux futurs parents et parents d\u2019enfants de 0 \u00e0 8 ans, offrant des informations fiables et valid\u00e9es par des professionnels de la sant\u00e9 sur le d\u00e9veloppement des enfants.<\/p>\n\n\n\n<p><strong>\ud83d\udcfa CHA\u00ceNE YOUTUBE OFFICIELLE<\/strong> <a href=\"https:\/\/www.youtube.com\/user\/NaitreGrandir\" data-type=\"link\" data-id=\"https:\/\/www.youtube.com\/user\/NaitreGrandir\"><\/a><a href=\"https:\/\/www.youtube.com\/user\/NaitreGrandir\" target=\"_blank\" rel=\"noreferrer noopener\">Na\u00eetre et grandir \u2013 YouTube<\/a><br>Cha\u00eene officielle de Na\u00eetre et grandir, offrant des vid\u00e9os \u00e9ducatives valid\u00e9es scientifiquement pour soutenir les parents du Qu\u00e9bec dans leur r\u00f4le aupr\u00e8s de leurs enfants, de la grossesse jusqu&rsquo;\u00e0 8 ans.<br><a href=\"https:\/\/naitreetgrandir.com\/fr\/https:\/\/www.youtube.com\/@NaitreGrandir\"><br><\/a><\/p>\n<\/div>\n<\/div>\n\n\n\n<p>Des outils \u00e0 nous partager ?&nbsp;<a href=\"https:\/\/api-lux.be\/index.php\/contact\/\">Cliquez ici<\/a><\/p>\n","protected":false},"excerpt":{"rendered":"<p>\ud83c\udfe2 Ressources vari\u00e9es &#8211; Site internet qui propose des conseils pratiques et des informations pour aider les parents \u00e0 accompagner leurs enfants dans leur d\u00e9veloppement, de la naissance \u00e0 l&rsquo;adolescence.<\/p>\n","protected":false},"author":6,"featured_media":0,"comment_status":"closed","ping_status":"closed","sticky":false,"template":"","format":"standard","meta":{"iawp_total_views":5,"footnotes":""},"categories":[10,28,4,22,27,14,18,9,5,8,12,13,15,46,48,47,19,17,11,6,7,21,16],"tags":[],"class_list":["post-650","post","type-post","status-publish","format-standard","hentry","category-amenagement-environnement","category-autonomie-et-responsabilisation","category-besoins","category-besoins-cognitifs","category-besoins-daccomplissement","category-besoins-dappartenance","category-besoins-destime","category-besoins-de-securite","category-besoins-physiologiques","category-bien-etre","category-cadre-et-limites","category-coherence","category-famille-et-milieu-de-vie","category-fiches-outils","category-fiches-outils-pour-les-aidants-proches","category-fiches-outils-pour-les-professionnels","category-gestion-des-emotions","category-inclusion-sociale-et-reseau-sociaux","category-rituels","category-sante-alimentation-sommeil-hygiene","category-soin-pistes-et-outils-professionnels","category-valorisation-confiance","category-vie-affective"],"_links":{"self":[{"href":"https:\/\/api-lux.be\/index.php\/wp-json\/wp\/v2\/posts\/650","targetHints":{"allow":["GET"]}}],"collection":[{"href":"https:\/\/api-lux.be\/index.php\/wp-json\/wp\/v2\/posts"}],"about":[{"href":"https:\/\/api-lux.be\/index.php\/wp-json\/wp\/v2\/types\/post"}],"author":[{"embeddable":true,"href":"https:\/\/api-lux.be\/index.php\/wp-json\/wp\/v2\/users\/6"}],"replies":[{"embeddable":true,"href":"https:\/\/api-lux.be\/index.php\/wp-json\/wp\/v2\/comments?post=650"}],"version-history":[{"count":14,"href":"https:\/\/api-lux.be\/index.php\/wp-json\/wp\/v2\/posts\/650\/revisions"}],"predecessor-version":[{"id":7815,"href":"https:\/\/api-lux.be\/index.php\/wp-json\/wp\/v2\/posts\/650\/revisions\/7815"}],"wp:attachment":[{"href":"https:\/\/api-lux.be\/index.php\/wp-json\/wp\/v2\/media?parent=650"}],"wp:term":[{"taxonomy":"category","embeddable":true,"href":"https:\/\/api-lux.be\/index.php\/wp-json\/wp\/v2\/categories?post=650"},{"taxonomy":"post_tag","embeddable":true,"href":"https:\/\/api-lux.be\/index.php\/wp-json\/wp\/v2\/tags?post=650"}],"curies":[{"name":"wp","href":"https:\/\/api.w.org\/{rel}","templated":true}]}}