{"id":648,"date":"2025-02-14T11:36:55","date_gmt":"2025-02-14T10:36:55","guid":{"rendered":"http:\/\/localhost\/mdi_w\/?p=648"},"modified":"2025-07-01T14:58:32","modified_gmt":"2025-07-01T12:58:32","slug":"mon-ecole-en-sante","status":"publish","type":"post","link":"https:\/\/api-lux.be\/index.php\/2025\/02\/14\/mon-ecole-en-sante\/","title":{"rendered":"Mon \u00e9cole en sant\u00e9 (Livret)"},"content":{"rendered":"\n<div class=\"wp-block-columns is-layout-flex wp-container-core-columns-is-layout-9d6595d7 wp-block-columns-is-layout-flex\">\n<div class=\"wp-block-column is-vertically-aligned-center is-layout-flow wp-block-column-is-layout-flow\"><div class=\"wp-block-image\">\n<figure class=\"aligncenter size-full\"><img loading=\"lazy\" decoding=\"async\" width=\"283\" height=\"400\" src=\"https:\/\/api-lux.be\/wp-content\/uploads\/2025\/02\/ccc00dd0-806b-463e-be69-8656dc03e929.jpeg\" alt=\"\" class=\"wp-image-1262\" srcset=\"https:\/\/api-lux.be\/wp-content\/uploads\/2025\/02\/ccc00dd0-806b-463e-be69-8656dc03e929.jpeg 283w, https:\/\/api-lux.be\/wp-content\/uploads\/2025\/02\/ccc00dd0-806b-463e-be69-8656dc03e929-212x300.jpeg 212w\" sizes=\"auto, (max-width: 283px) 100vw, 283px\" \/><\/figure>\n<\/div><\/div>\n\n\n\n<div class=\"wp-block-column is-layout-flow wp-block-column-is-layout-flow\">\n<p>\ud83e\ude7a<strong> SOIN \u2013 SANTE: <\/strong>Livret de promotion de la sant\u00e9 \u00e0 l&rsquo;\u00e9cole<\/p>\n\n\n\n<!--more-->\n\n\n\n<h2 class=\"wp-block-heading\">\u00c2ge cible<\/h2>\n\n\n\n<p>De 3 \u00e0 21 ans.<\/p>\n<\/div>\n<\/div>\n\n\n\n<h2 class=\"wp-block-heading\">Descriptif de l&rsquo;outil<\/h2>\n\n\n\n<p>Ce <strong>manuel p\u00e9dagogique<\/strong> vise \u00e0 <strong>promouvoir la sant\u00e9 en milieu scolaire<\/strong> en offrant aux enseignants un panel de <strong>ressources concr\u00e8tes et adapt\u00e9es<\/strong>. Il couvre plusieurs <strong>th\u00e9matiques cl\u00e9s<\/strong> li\u00e9es \u00e0 la sant\u00e9 des enfants et adolescents :<\/p>\n\n\n\n<ul class=\"wp-block-list\">\n<li>\ud83c\udf4e <strong>Alimentation<\/strong><\/li>\n\n\n\n<li>\ud83c\udfc3 <strong>Condition physique<\/strong><\/li>\n\n\n\n<li>\ud83d\udc9e <strong>\u00c9ducation \u00e0 la vie relationnelle, affective et sexuelle (EVRAS)<\/strong><\/li>\n\n\n\n<li>\ud83e\uddfc <strong>Hygi\u00e8ne<\/strong><\/li>\n\n\n\n<li>\ud83e\udde0 <strong>Sant\u00e9 mentale<\/strong><\/li>\n\n\n\n<li>\ud83d\udeb8 <strong>S\u00e9curit\u00e9<\/strong><\/li>\n<\/ul>\n\n\n\n<p>\ud83d\udcda Le manuel comprend :<\/p>\n\n\n\n<ul class=\"wp-block-list\">\n<li>Des <strong>fiches th\u00e9oriques<\/strong><\/li>\n\n\n\n<li>Des <strong>suggestions d\u2019activit\u00e9s p\u00e9dagogiques<\/strong><\/li>\n\n\n\n<li>Des <strong>outils adapt\u00e9s aux diff\u00e9rents \u00e2ges<\/strong><\/li>\n<\/ul>\n\n\n\n<p>Il s\u2019agit d\u2019un <strong>outil pratique<\/strong> pour favoriser un <strong>environnement scolaire sain, s\u00e9curisant et \u00e9quilibr\u00e9<\/strong>.<br>\ud83d\udcd6 Disponible <strong>en ligne<\/strong> et dans certaines <strong>librairies sp\u00e9cialis\u00e9es<\/strong>.<\/p>\n\n\n\n<div class=\"wp-block-columns is-layout-flex wp-container-core-columns-is-layout-9d6595d7 wp-block-columns-is-layout-flex\">\n<div class=\"wp-block-column is-layout-flow wp-block-column-is-layout-flow\">\n<h2 class=\"wp-block-heading\">Objectif(s) d&rsquo;utilisation<\/h2>\n\n\n\n<p>\ud83d\udee0 <strong>Fournir des ressources p\u00e9dagogiques<\/strong> pour promouvoir un environnement scolaire sain<\/p>\n\n\n\n<p>\ud83d\udc65 <strong>Favoriser la sensibilisation collective<\/strong> aux enjeux de sant\u00e9 physique, mentale, affective et sociale<\/p>\n\n\n\n<p>\ud83e\udded <strong>Accompagner les enseignants<\/strong> dans la mise en \u0153uvre d\u2019activit\u00e9s de pr\u00e9vention et de promotion de la sant\u00e9<\/p>\n<\/div>\n\n\n\n<div class=\"wp-block-column is-layout-flow wp-block-column-is-layout-flow\">\n<h2 class=\"wp-block-heading\">Variantes &#8211; am\u00e9nagements<\/h2>\n\n\n\n<p>\ud83d\uddbc\ufe0f <strong>Supports visuels<\/strong> : affiches, vid\u00e9os \u00e9ducatives, jeux participatifs pour renforcer les messages<\/p>\n\n\n\n<p>\ud83c\udff7\ufe0f <strong>Activit\u00e9s en classe ou en collectif<\/strong> : ateliers interactifs autour des th\u00e8mes de sant\u00e9<\/p>\n\n\n\n<p>\ud83e\uddf5 <strong>Projets transversaux<\/strong> : int\u00e9gration des sujets dans diff\u00e9rentes mati\u00e8res scolaires<\/p>\n\n\n\n<p>\ud83d\udce3 <strong>Campagnes de sensibilisation<\/strong> : organisation de journ\u00e9es th\u00e9matiques ou de semaines sant\u00e9<\/p>\n<\/div>\n<\/div>\n\n\n\n<div class=\"wp-block-columns is-layout-flex wp-container-core-columns-is-layout-9d6595d7 wp-block-columns-is-layout-flex\">\n<div class=\"wp-block-column is-layout-flow wp-block-column-is-layout-flow\">\n<h2 class=\"wp-block-heading\">Liens utiles<\/h2>\n\n\n\n<p><strong>\ud83d\udce5 PAGE DE T\u00c9L\u00c9CHARGEMENT DES DIFF\u00c9RENTES PARTIES DU LIVRET<\/strong> <a href=\"https:\/\/www.brabantwallon.be\/vivre-en-bw\/sante-et-cohesion-sociale\/pse-cpms\/missions-pse\/evras\" target=\"_blank\" rel=\"noreferrer noopener\">Promotion de la Sant\u00e9 \u2013 PSE du Brabant wallon<\/a> \u2013 Province du Brabant wallon.<br>Cette page pr\u00e9sente les initiatives du Programme de Promotion de la Sant\u00e9 et de la Coh\u00e9sion Sociale (PSE) du Brabant wallon, incluant le manuel \u00ab\u00a0Mon \u00c9cole en Sant\u00e9\u00a0\u00bb. Ce dernier, r\u00e9dig\u00e9 par des \u00e9quipes PSE (m\u00e9decins, infirmiers, assistants sociaux), est destin\u00e9 aux enseignants du primaire et couvre six th\u00e9matiques : alimentation, sant\u00e9 mentale, s\u00e9curit\u00e9, EVRAS, hygi\u00e8ne et condition physique. Il propose des activit\u00e9s p\u00e9dagogiques adapt\u00e9es \u00e0 chaque \u00e2ge ainsi que des fiches th\u00e9oriques. Une version num\u00e9rique est \u00e9galement disponible.<\/p>\n\n\n\n<p><strong>\ud83d\udcc4 DOCUMENT PDF INFORMATIF<\/strong> <a href=\"https:\/\/promosante.org\/wp-content\/uploads\/2024\/08\/Ecole-en-sante.pdf\" data-type=\"link\" data-id=\"https:\/\/promosante.org\/wp-content\/uploads\/2024\/08\/Ecole-en-sante.pdf\"><\/a><a href=\"https:\/\/promosante.org\/wp-content\/uploads\/2024\/08\/Ecole-en-sante.pdf\" target=\"_blank\" rel=\"noreferrer noopener\">Mon \u00c9cole en Sant\u00e9 \u2013 Guide pour agir sur la sant\u00e9 et le mieux-\u00eatre en milieu scolaire<\/a> \u2013 Mouvement Acadien des Communaut\u00e9s en Sant\u00e9 du Nouveau-Brunswick (MACS-NB).<br>Ce guide pratique actualis\u00e9 propose aux \u00e9coles francophones du Nouveau-Brunswick des strat\u00e9gies pour promouvoir la sant\u00e9 et le bien-\u00eatre des \u00e9l\u00e8ves, des enseignants, des parents et des partenaires communautaires. Il s&rsquo;appuie sur une approche participative et favorise un environnement scolaire sain et \u00e9panouissant.\u200b<\/p>\n<\/div>\n<\/div>\n\n\n\n<p>Des outils \u00e0 nous partager ?&nbsp;<a href=\"https:\/\/api-lux.be\/index.php\/contact\/\">Cliquez ici<\/a><\/p>\n","protected":false},"excerpt":{"rendered":"<p>\ud83e\ude7a SOIN \u2013 SANTE: Livret de promotion de la sant\u00e9 \u00e0 l&rsquo;\u00e9cole<\/p>\n","protected":false},"author":6,"featured_media":0,"comment_status":"closed","ping_status":"closed","sticky":false,"template":"","format":"standard","meta":{"iawp_total_views":4,"footnotes":""},"categories":[4,22,5,47,25,26,6,7],"tags":[],"class_list":["post-648","post","type-post","status-publish","format-standard","hentry","category-besoins","category-besoins-cognitifs","category-besoins-physiologiques","category-fiches-outils-pour-les-professionnels","category-materiel-specifique","category-outils-pedagogiques-pour-les-pro","category-sante-alimentation-sommeil-hygiene","category-soin-pistes-et-outils-professionnels"],"_links":{"self":[{"href":"https:\/\/api-lux.be\/index.php\/wp-json\/wp\/v2\/posts\/648","targetHints":{"allow":["GET"]}}],"collection":[{"href":"https:\/\/api-lux.be\/index.php\/wp-json\/wp\/v2\/posts"}],"about":[{"href":"https:\/\/api-lux.be\/index.php\/wp-json\/wp\/v2\/types\/post"}],"author":[{"embeddable":true,"href":"https:\/\/api-lux.be\/index.php\/wp-json\/wp\/v2\/users\/6"}],"replies":[{"embeddable":true,"href":"https:\/\/api-lux.be\/index.php\/wp-json\/wp\/v2\/comments?post=648"}],"version-history":[{"count":19,"href":"https:\/\/api-lux.be\/index.php\/wp-json\/wp\/v2\/posts\/648\/revisions"}],"predecessor-version":[{"id":7813,"href":"https:\/\/api-lux.be\/index.php\/wp-json\/wp\/v2\/posts\/648\/revisions\/7813"}],"wp:attachment":[{"href":"https:\/\/api-lux.be\/index.php\/wp-json\/wp\/v2\/media?parent=648"}],"wp:term":[{"taxonomy":"category","embeddable":true,"href":"https:\/\/api-lux.be\/index.php\/wp-json\/wp\/v2\/categories?post=648"},{"taxonomy":"post_tag","embeddable":true,"href":"https:\/\/api-lux.be\/index.php\/wp-json\/wp\/v2\/tags?post=648"}],"curies":[{"name":"wp","href":"https:\/\/api.w.org\/{rel}","templated":true}]}}